{"id":6704,"date":"2026-04-29T16:08:15","date_gmt":"2026-04-29T20:08:15","guid":{"rendered":"https:\/\/idea.gob.ve\/?p=6704"},"modified":"2026-04-29T16:08:15","modified_gmt":"2026-04-29T20:08:15","slug":"productores-de-los-valles-del-tuy-e-investigadores-del-idea-trazan-ruta-de-formacion-y-asesoria-agricola","status":"publish","type":"post","link":"https:\/\/idea.gob.ve\/index.php\/2026\/04\/29\/productores-de-los-valles-del-tuy-e-investigadores-del-idea-trazan-ruta-de-formacion-y-asesoria-agricola\/","title":{"rendered":"Productores de los Valles del Tuy e investigadores del IDEA trazan ruta de formaci\u00f3n y asesor\u00eda agr\u00edcola"},"content":{"rendered":"\n<p><strong>Prensa IDEA ( 29-05-2026).-<\/strong>Miembros de los consejos campesinos de la parroquia Santa Teresa del Tuy, municipio Independencia en el estado Bolivariano de Miranda sostuvieron una reuni\u00f3n con los investigadores de la Fundaci\u00f3n Instituto de Estudios Avanzados IDEA, para trazar una agenda de trabajo que incluye actividades de formaci\u00f3n y asesor\u00edas t\u00e9cnicas en\u00a0 diferentes\u00a0 cultivos.<\/p>\n<p>El director de Agricultura y Soberan\u00eda Alimentaria (ASA) Dr.\u00a0 Juan Mateus explic\u00f3 a los trabajadores del campo mirandino la estructura organizativa y l\u00edneas de investigaci\u00f3n, que se desarrollan actualmente en esta \u00e1rea sustantiva del IDEA.<\/p>\n<p>Asimismo, explic\u00f3 que el taller \u00abFormador de Formadores Cultivando Ciencia en el IDEA\u00bb , tiene como objetivo brindar las estrategias a los productores para optimizar las cosechas, el manejo del suelo y las semillas. Adem\u00e1s, extendi\u00f3 la invitaci\u00f3n a participar en este taller que se dicta en las instalaciones de la Fundaci\u00f3n IDEA.<\/p>\n<p>\u00bb Pretendemos la socializaci\u00f3n y el intercambio del conocimiento cient\u00edfico de nuestras pr\u00e1cticas en el laboratorio con los saberes ancestrales que\u00a0 ustedes emplean en el campo\u00bb, asever\u00f3 Mateus.<\/p>\n<p>El Director de ASA coment\u00f3 que durante la reuni\u00f3n se hizo el levantamiento de los principales rubros que se producen en el municipio Independencia donde destacan las mus\u00e1ceas, yuca, auyama, \u00f1ame, ocumo, caraotas, man\u00ed, ajonjol\u00ed y papa. Adem\u00e1s, se acord\u00f3 elaborar un cronograma de visitas a las parcelas, para conocer las realidades del terreno e iniciar con la formaci\u00f3n.<\/p>\n<p>Por su parte, la jefa de la Oficina de Atenci\u00f3n al Ciudadano del IDEA,\u00a0 Marielsi Hidalgo mencion\u00f3 que en el encuentro se hicieron presentes los miembros de los consejos campesinos; Renacer en Cristo Jes\u00fas,\u00a0 La Verota, Viuda Secreta, Sabana de Morocopito, Brisas de Guatopo.<\/p>\n<p>\u00bb El IDEA se mantiene desplegado en el estado Miranda fomentando estos encuentros que son muy valiosos porque permite trazar una ruta de trabajo y formaci\u00f3n con estos productores\u00bb, dijo .<\/p>\n<p>El productor, Mario Vergara en nombre de los consejos campesinos\u00a0 tuyeros solicit\u00f3 a los investigadores del IDEA asesor\u00eda para las casas de cultivo, elaboraci\u00f3n del biol y bio fertilizantes.<\/p>\n<p><strong>Texto y Fotos: Hern\u00e1n Romero ( Prensa IDEA)<\/strong><\/p>\n<p>\u00a0<\/p>\n\n\n\n<p><img loading=\"lazy\" decoding=\"async\" class=\"alignnone wp-image-6706 size-full\" src=\"https:\/\/idea.gob.ve\/wp-content\/uploads\/2026\/04\/2V8A0848-scaled.jpg\" alt=\"\" width=\"2560\" height=\"1707\" srcset=\"https:\/\/idea.gob.ve\/wp-content\/uploads\/2026\/04\/2V8A0848-scaled.jpg 2560w, https:\/\/idea.gob.ve\/wp-content\/uploads\/2026\/04\/2V8A0848-300x200.jpg 300w, https:\/\/idea.gob.ve\/wp-content\/uploads\/2026\/04\/2V8A0848-1024x683.jpg 1024w, https:\/\/idea.gob.ve\/wp-content\/uploads\/2026\/04\/2V8A0848-768x512.jpg 768w, https:\/\/idea.gob.ve\/wp-content\/uploads\/2026\/04\/2V8A0848-1536x1024.jpg 1536w, https:\/\/idea.gob.ve\/wp-content\/uploads\/2026\/04\/2V8A0848-2048x1365.jpg 2048w\" sizes=\"auto, (max-width: 2560px) 100vw, 2560px\" \/><\/p>\n\n\n\n<p><img loading=\"lazy\" decoding=\"async\" class=\"alignnone wp-image-6707 size-full\" src=\"https:\/\/idea.gob.ve\/wp-content\/uploads\/2026\/04\/2V8A0833-scaled.jpg\" alt=\"\" width=\"2560\" height=\"1707\" srcset=\"https:\/\/idea.gob.ve\/wp-content\/uploads\/2026\/04\/2V8A0833-scaled.jpg 2560w, https:\/\/idea.gob.ve\/wp-content\/uploads\/2026\/04\/2V8A0833-300x200.jpg 300w, https:\/\/idea.gob.ve\/wp-content\/uploads\/2026\/04\/2V8A0833-1024x683.jpg 1024w, https:\/\/idea.gob.ve\/wp-content\/uploads\/2026\/04\/2V8A0833-768x512.jpg 768w, https:\/\/idea.gob.ve\/wp-content\/uploads\/2026\/04\/2V8A0833-1536x1024.jpg 1536w, https:\/\/idea.gob.ve\/wp-content\/uploads\/2026\/04\/2V8A0833-2048x1365.jpg 2048w\" sizes=\"auto, (max-width: 2560px) 100vw, 2560px\" \/><\/p>\n\n\n\n<p><img loading=\"lazy\" decoding=\"async\" class=\"alignnone wp-image-6708 size-full\" src=\"https:\/\/idea.gob.ve\/wp-content\/uploads\/2026\/04\/2V8A0911-scaled.jpg\" alt=\"\" width=\"2560\" height=\"1707\" srcset=\"https:\/\/idea.gob.ve\/wp-content\/uploads\/2026\/04\/2V8A0911-scaled.jpg 2560w, https:\/\/idea.gob.ve\/wp-content\/uploads\/2026\/04\/2V8A0911-300x200.jpg 300w, https:\/\/idea.gob.ve\/wp-content\/uploads\/2026\/04\/2V8A0911-1024x683.jpg 1024w, https:\/\/idea.gob.ve\/wp-content\/uploads\/2026\/04\/2V8A0911-768x512.jpg 768w, https:\/\/idea.gob.ve\/wp-content\/uploads\/2026\/04\/2V8A0911-1536x1024.jpg 1536w, https:\/\/idea.gob.ve\/wp-content\/uploads\/2026\/04\/2V8A0911-2048x1365.jpg 2048w\" sizes=\"auto, (max-width: 2560px) 100vw, 2560px\" \/><\/p>\n\n\n\n<p><img loading=\"lazy\" decoding=\"async\" class=\"alignnone wp-image-6709 size-full\" src=\"https:\/\/idea.gob.ve\/wp-content\/uploads\/2026\/04\/2V8A0890-scaled.jpg\" alt=\"\" width=\"2560\" height=\"1707\" srcset=\"https:\/\/idea.gob.ve\/wp-content\/uploads\/2026\/04\/2V8A0890-scaled.jpg 2560w, https:\/\/idea.gob.ve\/wp-content\/uploads\/2026\/04\/2V8A0890-300x200.jpg 300w, https:\/\/idea.gob.ve\/wp-content\/uploads\/2026\/04\/2V8A0890-1024x683.jpg 1024w, https:\/\/idea.gob.ve\/wp-content\/uploads\/2026\/04\/2V8A0890-768x512.jpg 768w, https:\/\/idea.gob.ve\/wp-content\/uploads\/2026\/04\/2V8A0890-1536x1024.jpg 1536w, https:\/\/idea.gob.ve\/wp-content\/uploads\/2026\/04\/2V8A0890-2048x1365.jpg 2048w\" sizes=\"auto, (max-width: 2560px) 100vw, 2560px\" \/><\/p>\n","protected":false},"excerpt":{"rendered":"<p>Prensa IDEA ( 29-05-2026).-Miembros de los consejos campesinos de la parroquia Santa Teresa del Tuy, municipio Independencia en el estado Bolivariano de Miranda sostuvieron una reuni\u00f3n con los investigadores de [&hellip;]<\/p>\n","protected":false},"author":500,"featured_media":6705,"comment_status":"open","ping_status":"open","sticky":false,"template":"","format":"standard","meta":{"footnotes":""},"categories":[1],"tags":[],"class_list":["post-6704","post","type-post","status-publish","format-standard","has-post-thumbnail","hentry","category-sin-categoria"],"_links":{"self":[{"href":"https:\/\/idea.gob.ve\/index.php\/wp-json\/wp\/v2\/posts\/6704","targetHints":{"allow":["GET"]}}],"collection":[{"href":"https:\/\/idea.gob.ve\/index.php\/wp-json\/wp\/v2\/posts"}],"about":[{"href":"https:\/\/idea.gob.ve\/index.php\/wp-json\/wp\/v2\/types\/post"}],"author":[{"embeddable":true,"href":"https:\/\/idea.gob.ve\/index.php\/wp-json\/wp\/v2\/users\/500"}],"replies":[{"embeddable":true,"href":"https:\/\/idea.gob.ve\/index.php\/wp-json\/wp\/v2\/comments?post=6704"}],"version-history":[{"count":1,"href":"https:\/\/idea.gob.ve\/index.php\/wp-json\/wp\/v2\/posts\/6704\/revisions"}],"predecessor-version":[{"id":6710,"href":"https:\/\/idea.gob.ve\/index.php\/wp-json\/wp\/v2\/posts\/6704\/revisions\/6710"}],"wp:featuredmedia":[{"embeddable":true,"href":"https:\/\/idea.gob.ve\/index.php\/wp-json\/wp\/v2\/media\/6705"}],"wp:attachment":[{"href":"https:\/\/idea.gob.ve\/index.php\/wp-json\/wp\/v2\/media?parent=6704"}],"wp:term":[{"taxonomy":"category","embeddable":true,"href":"https:\/\/idea.gob.ve\/index.php\/wp-json\/wp\/v2\/categories?post=6704"},{"taxonomy":"post_tag","embeddable":true,"href":"https:\/\/idea.gob.ve\/index.php\/wp-json\/wp\/v2\/tags?post=6704"}],"curies":[{"name":"wp","href":"https:\/\/api.w.org\/{rel}","templated":true}]}}