{"id":6695,"date":"2026-04-29T15:35:21","date_gmt":"2026-04-29T19:35:21","guid":{"rendered":"https:\/\/idea.gob.ve\/?p=6695"},"modified":"2026-04-29T15:35:21","modified_gmt":"2026-04-29T19:35:21","slug":"jornada-cientifica-sobre-biologia-molecular-y-genetica-humana-reunio-a-investigadores-del-idea-e-ivic","status":"publish","type":"post","link":"https:\/\/idea.gob.ve\/index.php\/2026\/04\/29\/jornada-cientifica-sobre-biologia-molecular-y-genetica-humana-reunio-a-investigadores-del-idea-e-ivic\/","title":{"rendered":"Jornada cient\u00edfica sobre Biolog\u00eda Molecular y Gen\u00e9tica Humana reuni\u00f3 a investigadores del IDEA e IVIC"},"content":{"rendered":"\n\n\n<p><strong>Prensa IDEA (29-04-2026).-<\/strong>\u00a0 Investigadores de la Fundaci\u00f3n Instituto de Estudios Avanzados IDEA y del Instituto Venezolano de Investigaciones Cient\u00edficas IVIC presentaron los \u00abT\u00f3picos de Biolog\u00eda Molecular y Gen\u00e9tica Humana\u00bb durante un intercambio de experiencias, resultados y agenda de investigaci\u00f3n realizada este martes en el auditorio Andr\u00e9s Bello de este ente cient\u00edfico, adscrito al Ministerio de Ciencia y Tecnolog\u00eda (MinCyT).<\/p>\n<p>\u00a0La ministra Gabriela Jim\u00e9nez afirm\u00f3 que en el IDEA y el IVIC los investigadores est\u00e1n trabajando en la construcci\u00f3n diaria de las ciencias.\u00bb Este ciclo de conferencias nos coloca en un momento hist\u00f3rico importante para el pa\u00eds, porque se est\u00e1n generando debates e intercambio de experiencias en torno a la gen\u00e9tica humana. Agradezco a la Dra. Marin\u00e9s Longart presidenta del IDEA y al Dr. Alberto Quintero, presidente del IVIC por propiciar estas charlas\u00bb, dijo.<\/p>\n<p>La ministra agreg\u00f3 que el conocimiento y la pr\u00e1ctica \u00e9tica es fundamental para hacer ciencia en Venezuela.<\/p>\n<p>La presidenta del IDEA, Dra. Marin\u00e9s Logart agradeci\u00f3 la presencia\u00a0 de los miembros del Comit\u00e9 de Bio\u00e9tica del ministerio del Poder Popular para la Ciencia y Tecnolog\u00eda ( MinCyT),\u00a0 adem\u00e1s de la participaci\u00f3n de destacados ponentes en esta jornada cient\u00edfica.<\/p>\n<p>\u00abGracias a la ministra del Poder Popular para la Ciencia y Tecnolog\u00eda, Gabriela Jim\u00e9nez por fomentar la realizaci\u00f3n de\u00a0 este tipo actividades de investigaci\u00f3n que busca mostrar los avances de las ciencias en el pa\u00eds. El IDEA es su casa, esperemos que est\u00e1 sea la primera de muchas\u00a0 jornada m\u00e1s \u00ab, enfantiz\u00f3.<\/p>\n<p>Asimismo, el viceministro de conocimiento y presidente del IVIC, Alberto Quintero, asegur\u00f3 sentirse encantado por esta jornada calificada como una antolog\u00eda de conocimientos, a cargo de\u00a0 ponentes\u00a0 de prestigio nacional e internacional.\u00bbEl IDEA y el IVIC en hermandad est\u00e1n de la mano juntos trabajamos para la difusi\u00f3n del conocimiento cient\u00edfico\u00bb, dijo.<\/p>\n<p>El ciclo de ponencias la inici\u00f3 el jefe de la Unidad de Poliformismo Gen\u00e9tico de la Direcci\u00f3n de Salud del IDEA, Dr. Jos\u00e9 Luis Ram\u00edrez, quien abord\u00f3 los t\u00f3picos de \u201cAnestesia versus riesgos gen\u00e9tico\u201d , explic\u00f3 el cuello de botella en la herencia del ADN mitocondrial.<\/p>\n<p>Asimismo, el jefe del Centro de Medicina Regenerativa IVIC,\u00a0 Dr. Jos\u00e9 Gardier, disert\u00f3 sobre las aplicaciones de la biolog\u00eda celular y molecular de c\u00e9lulas madre Pluripotentes para el tratamiento de Parkison y Regeneraci\u00f3n Card\u00edaca.<\/p>\n<p>Seguidamente,\u00a0 la\u00a0 jefa de laboratorio de virolog\u00eda molecular del IVIC , Dra. Flor Plujol convers\u00f3 sobre la Vigilancia Gen\u00f3mica y virus emergentes. Asimismo, la Dra. Irene Paradisi del laboratorio de Gen\u00e9tica Humana IVIC, abord\u00f3 los elementos de la Gen\u00e9tica de la atrofia muscular espinal en Venezuela.<\/p>\n<p>En horas de la tarde la jornada contin\u00fao con las presentaciones delMsc. Gilberto G\u00f3mez, quien disert\u00f3 sobre las Bases moleculares y gen\u00e9tica epidemiol\u00f3gica de enfermedades por acumulo lisos\u00f3mico y de Gluc\u00f3geno en Venezuela. Seguidamente se present\u00f3 el investigador de la Unidad de Polimorfismo gen\u00e9tico, Alexander Canache quien habl\u00f3 sobre el Mitogenoma . Entre tanto la Dra. Liliana Casique, prof invitada del Departamento Biolog\u00eda Celular de la Universidad Sim\u00f3n Bolivar (USB)\u00a0 precis\u00f3 los elementos sobre la Gen\u00e9tica temprana en Parkinson y por \u00faltimo el vicepresidente del IDEA, Juan Carlos Martinez papel citot\u00f3xico de la prote\u00edna CRMP2 en los Accidentes Cerebro Vasculares ( ACV).<\/p>\n<p>Durante la clausura de la jornada cient\u00edfica se hizo entrega de certificados de participaci\u00f3n a los ponentes invitados.<\/p>\n<p><strong>Texto: Hern\u00e1n Romero ( Prensa IDEA)<\/strong><\/p>\n<p><strong>Fotos: Jorge Peraza (Prensa IDEA)<\/strong><\/p>\n<p>\u00a0<\/p>\n\n\n\n<p><img loading=\"lazy\" decoding=\"async\" class=\"alignnone wp-image-6697 size-full\" src=\"https:\/\/idea.gob.ve\/wp-content\/uploads\/2026\/04\/020.jpg\" alt=\"\" width=\"1080\" height=\"720\" srcset=\"https:\/\/idea.gob.ve\/wp-content\/uploads\/2026\/04\/020.jpg 1080w, https:\/\/idea.gob.ve\/wp-content\/uploads\/2026\/04\/020-300x200.jpg 300w, https:\/\/idea.gob.ve\/wp-content\/uploads\/2026\/04\/020-1024x683.jpg 1024w, https:\/\/idea.gob.ve\/wp-content\/uploads\/2026\/04\/020-768x512.jpg 768w\" sizes=\"auto, (max-width: 1080px) 100vw, 1080px\" \/><\/p>\n\n\n\n<p><img loading=\"lazy\" decoding=\"async\" class=\"alignnone wp-image-6698 size-full\" src=\"https:\/\/idea.gob.ve\/wp-content\/uploads\/2026\/04\/034.jpg\" alt=\"\" width=\"1080\" height=\"720\" srcset=\"https:\/\/idea.gob.ve\/wp-content\/uploads\/2026\/04\/034.jpg 1080w, https:\/\/idea.gob.ve\/wp-content\/uploads\/2026\/04\/034-300x200.jpg 300w, https:\/\/idea.gob.ve\/wp-content\/uploads\/2026\/04\/034-1024x683.jpg 1024w, https:\/\/idea.gob.ve\/wp-content\/uploads\/2026\/04\/034-768x512.jpg 768w\" sizes=\"auto, (max-width: 1080px) 100vw, 1080px\" \/><\/p>\n\n\n\n\n\n<p><img loading=\"lazy\" decoding=\"async\" class=\"alignnone wp-image-6700 size-full\" src=\"https:\/\/idea.gob.ve\/wp-content\/uploads\/2026\/04\/037.jpg\" alt=\"\" width=\"1600\" height=\"1066\" srcset=\"https:\/\/idea.gob.ve\/wp-content\/uploads\/2026\/04\/037.jpg 1600w, https:\/\/idea.gob.ve\/wp-content\/uploads\/2026\/04\/037-300x200.jpg 300w, https:\/\/idea.gob.ve\/wp-content\/uploads\/2026\/04\/037-1024x682.jpg 1024w, https:\/\/idea.gob.ve\/wp-content\/uploads\/2026\/04\/037-768x512.jpg 768w, https:\/\/idea.gob.ve\/wp-content\/uploads\/2026\/04\/037-1536x1023.jpg 1536w\" sizes=\"auto, (max-width: 1600px) 100vw, 1600px\" \/><\/p>\n\n\n\n<p><img loading=\"lazy\" decoding=\"async\" class=\"alignnone wp-image-6701 size-full\" src=\"https:\/\/idea.gob.ve\/wp-content\/uploads\/2026\/04\/038.jpg\" alt=\"\" width=\"1600\" height=\"1066\" srcset=\"https:\/\/idea.gob.ve\/wp-content\/uploads\/2026\/04\/038.jpg 1600w, https:\/\/idea.gob.ve\/wp-content\/uploads\/2026\/04\/038-300x200.jpg 300w, https:\/\/idea.gob.ve\/wp-content\/uploads\/2026\/04\/038-1024x682.jpg 1024w, https:\/\/idea.gob.ve\/wp-content\/uploads\/2026\/04\/038-768x512.jpg 768w, https:\/\/idea.gob.ve\/wp-content\/uploads\/2026\/04\/038-1536x1023.jpg 1536w\" sizes=\"auto, (max-width: 1600px) 100vw, 1600px\" \/><\/p>\n\n\n\n<p><img loading=\"lazy\" decoding=\"async\" class=\"alignnone wp-image-6702 size-full\" src=\"https:\/\/idea.gob.ve\/wp-content\/uploads\/2026\/04\/036.jpg\" alt=\"\" width=\"1080\" height=\"720\" srcset=\"https:\/\/idea.gob.ve\/wp-content\/uploads\/2026\/04\/036.jpg 1080w, https:\/\/idea.gob.ve\/wp-content\/uploads\/2026\/04\/036-300x200.jpg 300w, https:\/\/idea.gob.ve\/wp-content\/uploads\/2026\/04\/036-1024x683.jpg 1024w, https:\/\/idea.gob.ve\/wp-content\/uploads\/2026\/04\/036-768x512.jpg 768w\" sizes=\"auto, (max-width: 1080px) 100vw, 1080px\" \/><\/p>\n","protected":false},"excerpt":{"rendered":"<p>Prensa IDEA (29-04-2026).-\u00a0 Investigadores de la Fundaci\u00f3n Instituto de Estudios Avanzados IDEA y del Instituto Venezolano de Investigaciones Cient\u00edficas IVIC presentaron los \u00abT\u00f3picos de Biolog\u00eda Molecular y Gen\u00e9tica Humana\u00bb durante [&hellip;]<\/p>\n","protected":false},"author":500,"featured_media":6696,"comment_status":"open","ping_status":"open","sticky":false,"template":"","format":"standard","meta":{"footnotes":""},"categories":[1],"tags":[],"class_list":["post-6695","post","type-post","status-publish","format-standard","has-post-thumbnail","hentry","category-sin-categoria"],"_links":{"self":[{"href":"https:\/\/idea.gob.ve\/index.php\/wp-json\/wp\/v2\/posts\/6695","targetHints":{"allow":["GET"]}}],"collection":[{"href":"https:\/\/idea.gob.ve\/index.php\/wp-json\/wp\/v2\/posts"}],"about":[{"href":"https:\/\/idea.gob.ve\/index.php\/wp-json\/wp\/v2\/types\/post"}],"author":[{"embeddable":true,"href":"https:\/\/idea.gob.ve\/index.php\/wp-json\/wp\/v2\/users\/500"}],"replies":[{"embeddable":true,"href":"https:\/\/idea.gob.ve\/index.php\/wp-json\/wp\/v2\/comments?post=6695"}],"version-history":[{"count":1,"href":"https:\/\/idea.gob.ve\/index.php\/wp-json\/wp\/v2\/posts\/6695\/revisions"}],"predecessor-version":[{"id":6703,"href":"https:\/\/idea.gob.ve\/index.php\/wp-json\/wp\/v2\/posts\/6695\/revisions\/6703"}],"wp:featuredmedia":[{"embeddable":true,"href":"https:\/\/idea.gob.ve\/index.php\/wp-json\/wp\/v2\/media\/6696"}],"wp:attachment":[{"href":"https:\/\/idea.gob.ve\/index.php\/wp-json\/wp\/v2\/media?parent=6695"}],"wp:term":[{"taxonomy":"category","embeddable":true,"href":"https:\/\/idea.gob.ve\/index.php\/wp-json\/wp\/v2\/categories?post=6695"},{"taxonomy":"post_tag","embeddable":true,"href":"https:\/\/idea.gob.ve\/index.php\/wp-json\/wp\/v2\/tags?post=6695"}],"curies":[{"name":"wp","href":"https:\/\/api.w.org\/{rel}","templated":true}]}}