{"id":6686,"date":"2026-04-27T12:31:27","date_gmt":"2026-04-27T16:31:27","guid":{"rendered":"https:\/\/idea.gob.ve\/?p=6686"},"modified":"2026-04-27T12:31:27","modified_gmt":"2026-04-27T16:31:27","slug":"pequenos-gigantes-grandes-descubrimientos-el-idea-lleva-la-magia-de-la-ciencia-a-el-hatillo","status":"publish","type":"post","link":"https:\/\/idea.gob.ve\/index.php\/2026\/04\/27\/pequenos-gigantes-grandes-descubrimientos-el-idea-lleva-la-magia-de-la-ciencia-a-el-hatillo\/","title":{"rendered":"\u00a1Peque\u00f1os Gigantes \u00a0Grandes Descubrimientos! El IDEA lleva la magia de la ciencia a El Hatillo"},"content":{"rendered":"\n<p><strong>Prensa IDEA (24-04-2026).<\/strong> \u00bfPuede un gran cient\u00edfico nacer en un aula de primer Y segundo grado? La respuesta es un rotundo s\u00ed. En una jornada cargada de asombro y colores, el Programa Nacional \u00abSemilleros Cient\u00edficos\u00bb transform\u00f3 los espacios del C.E.N Misia Felipa Armas, ubicado en la comunidad rural de Sabaneta, del municipio El Hatillo, en un laboratorio de curiosidad infinita.<\/p>\n<p>Bajo la premisa de que la ciencia no solo se lee, sino que se vive, 25 ni\u00f1os y ni\u00f1as de primaria compartieron una ma\u00f1ana diferente junto a los expertos de la Fundaci\u00f3n Instituto de Estudios Avanzados (IDEA). El objetivo: demostrar que el conocimiento es la herramienta m\u00e1s poderosa para transformar el futuro.<\/p>\n<p><strong>El misterio de la \u00abPrueba del Tal\u00f3n\u00bb<\/strong><\/p>\n<p>La actividad central estuvo a cargo del qu\u00edmico Daniel Rodr\u00edguez, de la Unidad de Errores Innatos del Metabolismo (Direcci\u00f3n de Salud). Con un lenguaje fresco y din\u00e1mico, Rodr\u00edguez explic\u00f3 a los peque\u00f1os la importancia vital de la pesquisa neonatal, conocida cari\u00f1osamente como la \u00abprueba del tal\u00f3n\u00bb.<\/p>\n<p>A trav\u00e9s de esta charla, los estudiantes descubrieron c\u00f3mo una peque\u00f1a gota de sangre puede revelar \u00abhistorias ocultas\u00bb y prevenir enfermedades a tiempo, garantizando una vida saludable para todos los beb\u00e9s.<\/p>\n<p><strong>Magia en tubos de ensayo<\/strong><\/p>\n<p>Para cerrar con broche de oro, el investigador sorprendi\u00f3 a los ni\u00f1os con una demostraci\u00f3n de reacciones qu\u00edmicas. El aula se llen\u00f3 de exclamaciones cuando, al mezclar sustancias, surgieron cambios de colores y texturas, simulando los procesos reales que ocurren dentro de los laboratorios del IDEA tras recibir las muestras de pesquisa.<\/p>\n<p>\u00abSemana a semana, nuestros investigadores de las cuatro \u00e1reas sustantivas salen de sus laboratorios para encontrarse con la juventud. Queremos que los ni\u00f1os sientan la ciencia cerca, como algo cotidiano y fascinante\u00bb, destac\u00f3 la Lic. Marielsi Hidalgo, jefa de la Oficina de Atenci\u00f3n al Ciudadano del IDEA.<\/p>\n<p><strong>Ciencia para la Vida<\/strong><\/p>\n<p>Esta visita no fue solo una charla escolar; fue una siembra.<\/p>\n<p>Bajo el lema \u00abCiencia para la Vida\u00bb, la Fundaci\u00f3n IDEA reafirma su compromiso con la formaci\u00f3n de la generaci\u00f3n de relevo, dejando claro que en las aulas de Sabaneta podr\u00edan estar gest\u00e1ndose los pr\u00f3ximos premios cient\u00edficos de Venezuela.<\/p>\n<p>\u00a1Porque para ser un gigante de la ciencia, solo hace falta empezar con una peque\u00f1a pregunta!<\/p>\n<p><strong>Fotos y Texto: Jorge Peraza \u00a0(Prensa IDEA) <\/strong><\/p>\n<p><img loading=\"lazy\" decoding=\"async\" class=\"alignnone wp-image-6688 size-full\" src=\"https:\/\/idea.gob.ve\/wp-content\/uploads\/2026\/04\/0003.jpg\" alt=\"\" width=\"1080\" height=\"720\" srcset=\"https:\/\/idea.gob.ve\/wp-content\/uploads\/2026\/04\/0003.jpg 1080w, https:\/\/idea.gob.ve\/wp-content\/uploads\/2026\/04\/0003-300x200.jpg 300w, https:\/\/idea.gob.ve\/wp-content\/uploads\/2026\/04\/0003-1024x683.jpg 1024w, https:\/\/idea.gob.ve\/wp-content\/uploads\/2026\/04\/0003-768x512.jpg 768w\" sizes=\"auto, (max-width: 1080px) 100vw, 1080px\" \/><\/p>\n\n\n\n<p><img loading=\"lazy\" decoding=\"async\" class=\"alignnone wp-image-6689 size-full\" src=\"https:\/\/idea.gob.ve\/wp-content\/uploads\/2026\/04\/0004.jpg\" alt=\"\" width=\"1080\" height=\"720\" srcset=\"https:\/\/idea.gob.ve\/wp-content\/uploads\/2026\/04\/0004.jpg 1080w, https:\/\/idea.gob.ve\/wp-content\/uploads\/2026\/04\/0004-300x200.jpg 300w, https:\/\/idea.gob.ve\/wp-content\/uploads\/2026\/04\/0004-1024x683.jpg 1024w, https:\/\/idea.gob.ve\/wp-content\/uploads\/2026\/04\/0004-768x512.jpg 768w\" sizes=\"auto, (max-width: 1080px) 100vw, 1080px\" \/><\/p>\n\n\n\n<p><img loading=\"lazy\" decoding=\"async\" class=\"alignnone wp-image-6690 size-full\" src=\"https:\/\/idea.gob.ve\/wp-content\/uploads\/2026\/04\/0005.jpg\" alt=\"\" width=\"1080\" height=\"720\" srcset=\"https:\/\/idea.gob.ve\/wp-content\/uploads\/2026\/04\/0005.jpg 1080w, https:\/\/idea.gob.ve\/wp-content\/uploads\/2026\/04\/0005-300x200.jpg 300w, https:\/\/idea.gob.ve\/wp-content\/uploads\/2026\/04\/0005-1024x683.jpg 1024w, https:\/\/idea.gob.ve\/wp-content\/uploads\/2026\/04\/0005-768x512.jpg 768w\" sizes=\"auto, (max-width: 1080px) 100vw, 1080px\" \/><\/p>\n\n\n\n<p><img loading=\"lazy\" decoding=\"async\" class=\"alignnone wp-image-6691 size-full\" src=\"https:\/\/idea.gob.ve\/wp-content\/uploads\/2026\/04\/006-1.jpg\" alt=\"\" width=\"1080\" height=\"720\" srcset=\"https:\/\/idea.gob.ve\/wp-content\/uploads\/2026\/04\/006-1.jpg 1080w, https:\/\/idea.gob.ve\/wp-content\/uploads\/2026\/04\/006-1-300x200.jpg 300w, https:\/\/idea.gob.ve\/wp-content\/uploads\/2026\/04\/006-1-1024x683.jpg 1024w, https:\/\/idea.gob.ve\/wp-content\/uploads\/2026\/04\/006-1-768x512.jpg 768w\" sizes=\"auto, (max-width: 1080px) 100vw, 1080px\" \/><\/p>\n","protected":false},"excerpt":{"rendered":"<p>Prensa IDEA (24-04-2026). \u00bfPuede un gran cient\u00edfico nacer en un aula de primer Y segundo grado? La respuesta es un rotundo s\u00ed. En una jornada cargada de asombro y colores, [&hellip;]<\/p>\n","protected":false},"author":500,"featured_media":6687,"comment_status":"open","ping_status":"open","sticky":false,"template":"","format":"standard","meta":{"footnotes":""},"categories":[1],"tags":[],"class_list":["post-6686","post","type-post","status-publish","format-standard","has-post-thumbnail","hentry","category-sin-categoria"],"_links":{"self":[{"href":"https:\/\/idea.gob.ve\/index.php\/wp-json\/wp\/v2\/posts\/6686","targetHints":{"allow":["GET"]}}],"collection":[{"href":"https:\/\/idea.gob.ve\/index.php\/wp-json\/wp\/v2\/posts"}],"about":[{"href":"https:\/\/idea.gob.ve\/index.php\/wp-json\/wp\/v2\/types\/post"}],"author":[{"embeddable":true,"href":"https:\/\/idea.gob.ve\/index.php\/wp-json\/wp\/v2\/users\/500"}],"replies":[{"embeddable":true,"href":"https:\/\/idea.gob.ve\/index.php\/wp-json\/wp\/v2\/comments?post=6686"}],"version-history":[{"count":1,"href":"https:\/\/idea.gob.ve\/index.php\/wp-json\/wp\/v2\/posts\/6686\/revisions"}],"predecessor-version":[{"id":6692,"href":"https:\/\/idea.gob.ve\/index.php\/wp-json\/wp\/v2\/posts\/6686\/revisions\/6692"}],"wp:featuredmedia":[{"embeddable":true,"href":"https:\/\/idea.gob.ve\/index.php\/wp-json\/wp\/v2\/media\/6687"}],"wp:attachment":[{"href":"https:\/\/idea.gob.ve\/index.php\/wp-json\/wp\/v2\/media?parent=6686"}],"wp:term":[{"taxonomy":"category","embeddable":true,"href":"https:\/\/idea.gob.ve\/index.php\/wp-json\/wp\/v2\/categories?post=6686"},{"taxonomy":"post_tag","embeddable":true,"href":"https:\/\/idea.gob.ve\/index.php\/wp-json\/wp\/v2\/tags?post=6686"}],"curies":[{"name":"wp","href":"https:\/\/api.w.org\/{rel}","templated":true}]}}