{"id":6676,"date":"2026-04-23T16:14:49","date_gmt":"2026-04-23T20:14:49","guid":{"rendered":"https:\/\/idea.gob.ve\/?p=6676"},"modified":"2026-04-23T16:14:50","modified_gmt":"2026-04-23T20:14:50","slug":"estudiantes-tuyeros-realizan-visita-cientifica-a-laboratorios-de-la-fundacion-idea","status":"publish","type":"post","link":"https:\/\/idea.gob.ve\/index.php\/2026\/04\/23\/estudiantes-tuyeros-realizan-visita-cientifica-a-laboratorios-de-la-fundacion-idea\/","title":{"rendered":"Estudiantes tuyeros realizan visita cient\u00edfica a laboratorios de la Fundaci\u00f3n IDEA"},"content":{"rendered":"\n<p><strong>Prensa IDEA (23-04-2026).- \u00a0<\/strong>La Fundaci\u00f3n Instituto de Estudios Avanzados IDEA sigue abriendo sus puertas a los j\u00f3venes estudiantes interesados por conocer m\u00e1s sobre la ciencia, tecnolog\u00eda y proyectos de envergadura que se llevan a cabo en el pa\u00eds, en esta ocasi\u00f3n estudiantes del Liceo Bolivariano Nacional Rossana Melidei Palacios, ubicado en Santa Teresa del Tuy, parroquia Cartanal del municipio Independencia en el estado Miranda, visitaron los laboratorios y \u00e1reas sustantivas de este ente cient\u00edfico.<\/p>\n<p>La jefa de atenci\u00f3n al ciudadano, Marielsi Hidalgo inform\u00f3 que 58 estudiante de quinto a\u00f1o del ciclo diversificado junto a tres profesores del referido plantel recorrieron los laboratorios de las \u00e1reas sustantivas de Agricultura y Soberan\u00eda Alimentaria (ASA), Salud, Energ\u00eda y Ambiente.<\/p>\n<p>\u201cComo parte del Plan Nacional Semillero Cient\u00edfico seguimos acercando a nuestros j\u00f3venes y futuros bachilleres a la ciencia y mostrando el trabajo que realizan nuestros investigadores en favor del desarrollo cient\u00edfico nacional \u201c, dijo.<\/p>\n<p>Los j\u00f3venes distribuidos en tres grupos recorrieron el laboratorio de Neurobiolog\u00eda Celular de la Direcci\u00f3n de Salud, donde conocieron el sistema nervioso central, los tipos de neuronas. Adem\u00e1s, observaron el cerebro de un rat\u00f3n en la lupa y en el microscopio una muestra de neuronas y espermatozoides.<\/p>\n<p>En la Direcci\u00f3n de Energ\u00eda y Ambiente visitaron el Laboratorio de Microbiolog\u00eda y conocieron microorganismos como cepas y algas. Adem\u00e1s, del Laboratorio de Caracterizaci\u00f3n Fisicoqu\u00edmica de Hidrocarburos, donde los investigadores le explicaron sobre el biosurfactante de origen bacteriano denominado Biodeya, que tiene la capacidad de dispersar hidrocarburos, aceites y otros derivados de sistemas naturales.<\/p>\n<p>Asimismo, en la Direcci\u00f3n de Agricultura y Soberan\u00eda Alimentaria (ASA) los estudiantes conocieron sobre t\u00e9cnicas de cultivo in vitro, \u00a0la conservaci\u00f3n del suelo, su textura y aprendieron a medir el PH de un suelo. Adem\u00e1s, se le explic\u00f3 que es un compost, como se preparan y cu\u00e1l es el uso que se le puede dar en materia agr\u00edcola.<\/p>\n<p>Una vez m\u00e1s la Fundaci\u00f3n IDEA sigue apoyando a los j\u00f3venes venezolanos promoviendo actividades y visitadas guiadas que impulsen a la generaci\u00f3n de oro a formarse en carreras cient\u00edficas y tecnol\u00f3gicas.<\/p>\n<p><strong>Texto: Hern\u00e1n Romero (Prensa IDEA)<\/strong><\/p>\n<p><strong>Fotos: Rolando Gonz\u00e1lez- Pedro Villarreal (Prensa IDEA)<\/strong><\/p>\n\n\n\n<p><img loading=\"lazy\" decoding=\"async\" class=\"alignnone wp-image-6678 size-full\" src=\"https:\/\/idea.gob.ve\/wp-content\/uploads\/2026\/04\/2V8A0627-scaled.jpg\" alt=\"\" width=\"2560\" height=\"1707\" srcset=\"https:\/\/idea.gob.ve\/wp-content\/uploads\/2026\/04\/2V8A0627-scaled.jpg 2560w, https:\/\/idea.gob.ve\/wp-content\/uploads\/2026\/04\/2V8A0627-300x200.jpg 300w, https:\/\/idea.gob.ve\/wp-content\/uploads\/2026\/04\/2V8A0627-1024x683.jpg 1024w, https:\/\/idea.gob.ve\/wp-content\/uploads\/2026\/04\/2V8A0627-768x512.jpg 768w, https:\/\/idea.gob.ve\/wp-content\/uploads\/2026\/04\/2V8A0627-1536x1024.jpg 1536w, https:\/\/idea.gob.ve\/wp-content\/uploads\/2026\/04\/2V8A0627-2048x1365.jpg 2048w\" sizes=\"auto, (max-width: 2560px) 100vw, 2560px\" \/><\/p>\n\n\n\n<p><img loading=\"lazy\" decoding=\"async\" class=\"alignnone wp-image-6679 size-full\" src=\"https:\/\/idea.gob.ve\/wp-content\/uploads\/2026\/04\/IMG_4162-scaled.jpg\" alt=\"\" width=\"2560\" height=\"1707\" srcset=\"https:\/\/idea.gob.ve\/wp-content\/uploads\/2026\/04\/IMG_4162-scaled.jpg 2560w, https:\/\/idea.gob.ve\/wp-content\/uploads\/2026\/04\/IMG_4162-300x200.jpg 300w, https:\/\/idea.gob.ve\/wp-content\/uploads\/2026\/04\/IMG_4162-1024x683.jpg 1024w, https:\/\/idea.gob.ve\/wp-content\/uploads\/2026\/04\/IMG_4162-768x512.jpg 768w, https:\/\/idea.gob.ve\/wp-content\/uploads\/2026\/04\/IMG_4162-1536x1024.jpg 1536w, https:\/\/idea.gob.ve\/wp-content\/uploads\/2026\/04\/IMG_4162-2048x1365.jpg 2048w\" sizes=\"auto, (max-width: 2560px) 100vw, 2560px\" \/><\/p>\n\n\n\n<p><img loading=\"lazy\" decoding=\"async\" class=\"alignnone wp-image-6681 size-full\" src=\"https:\/\/idea.gob.ve\/wp-content\/uploads\/2026\/04\/IMG_4204-scaled.jpg\" alt=\"\" width=\"2560\" height=\"1707\" srcset=\"https:\/\/idea.gob.ve\/wp-content\/uploads\/2026\/04\/IMG_4204-scaled.jpg 2560w, https:\/\/idea.gob.ve\/wp-content\/uploads\/2026\/04\/IMG_4204-300x200.jpg 300w, https:\/\/idea.gob.ve\/wp-content\/uploads\/2026\/04\/IMG_4204-1024x683.jpg 1024w, https:\/\/idea.gob.ve\/wp-content\/uploads\/2026\/04\/IMG_4204-768x512.jpg 768w, https:\/\/idea.gob.ve\/wp-content\/uploads\/2026\/04\/IMG_4204-1536x1024.jpg 1536w, https:\/\/idea.gob.ve\/wp-content\/uploads\/2026\/04\/IMG_4204-2048x1365.jpg 2048w\" sizes=\"auto, (max-width: 2560px) 100vw, 2560px\" \/><\/p>\n\n\n\n<p><img loading=\"lazy\" decoding=\"async\" class=\"alignnone wp-image-6682 size-full\" src=\"https:\/\/idea.gob.ve\/wp-content\/uploads\/2026\/04\/IMG_4195-scaled.jpg\" alt=\"\" width=\"2560\" height=\"1707\" srcset=\"https:\/\/idea.gob.ve\/wp-content\/uploads\/2026\/04\/IMG_4195-scaled.jpg 2560w, https:\/\/idea.gob.ve\/wp-content\/uploads\/2026\/04\/IMG_4195-300x200.jpg 300w, https:\/\/idea.gob.ve\/wp-content\/uploads\/2026\/04\/IMG_4195-1024x683.jpg 1024w, https:\/\/idea.gob.ve\/wp-content\/uploads\/2026\/04\/IMG_4195-768x512.jpg 768w, https:\/\/idea.gob.ve\/wp-content\/uploads\/2026\/04\/IMG_4195-1536x1024.jpg 1536w, https:\/\/idea.gob.ve\/wp-content\/uploads\/2026\/04\/IMG_4195-2048x1365.jpg 2048w\" sizes=\"auto, (max-width: 2560px) 100vw, 2560px\" \/><\/p>\n\n\n\n<p><img loading=\"lazy\" decoding=\"async\" class=\"alignnone wp-image-6683 size-full\" src=\"https:\/\/idea.gob.ve\/wp-content\/uploads\/2026\/04\/IMG_4193-scaled.jpg\" alt=\"\" width=\"2560\" height=\"1707\" srcset=\"https:\/\/idea.gob.ve\/wp-content\/uploads\/2026\/04\/IMG_4193-scaled.jpg 2560w, https:\/\/idea.gob.ve\/wp-content\/uploads\/2026\/04\/IMG_4193-300x200.jpg 300w, https:\/\/idea.gob.ve\/wp-content\/uploads\/2026\/04\/IMG_4193-1024x683.jpg 1024w, https:\/\/idea.gob.ve\/wp-content\/uploads\/2026\/04\/IMG_4193-768x512.jpg 768w, https:\/\/idea.gob.ve\/wp-content\/uploads\/2026\/04\/IMG_4193-1536x1024.jpg 1536w, https:\/\/idea.gob.ve\/wp-content\/uploads\/2026\/04\/IMG_4193-2048x1365.jpg 2048w\" sizes=\"auto, (max-width: 2560px) 100vw, 2560px\" \/><\/p>\n","protected":false},"excerpt":{"rendered":"<p>Prensa IDEA (23-04-2026).- \u00a0La Fundaci\u00f3n Instituto de Estudios Avanzados IDEA sigue abriendo sus puertas a los j\u00f3venes estudiantes interesados por conocer m\u00e1s sobre la ciencia, tecnolog\u00eda y proyectos de envergadura [&hellip;]<\/p>\n","protected":false},"author":500,"featured_media":6677,"comment_status":"open","ping_status":"open","sticky":false,"template":"","format":"standard","meta":{"footnotes":""},"categories":[1],"tags":[],"class_list":["post-6676","post","type-post","status-publish","format-standard","has-post-thumbnail","hentry","category-sin-categoria"],"_links":{"self":[{"href":"https:\/\/idea.gob.ve\/index.php\/wp-json\/wp\/v2\/posts\/6676","targetHints":{"allow":["GET"]}}],"collection":[{"href":"https:\/\/idea.gob.ve\/index.php\/wp-json\/wp\/v2\/posts"}],"about":[{"href":"https:\/\/idea.gob.ve\/index.php\/wp-json\/wp\/v2\/types\/post"}],"author":[{"embeddable":true,"href":"https:\/\/idea.gob.ve\/index.php\/wp-json\/wp\/v2\/users\/500"}],"replies":[{"embeddable":true,"href":"https:\/\/idea.gob.ve\/index.php\/wp-json\/wp\/v2\/comments?post=6676"}],"version-history":[{"count":1,"href":"https:\/\/idea.gob.ve\/index.php\/wp-json\/wp\/v2\/posts\/6676\/revisions"}],"predecessor-version":[{"id":6684,"href":"https:\/\/idea.gob.ve\/index.php\/wp-json\/wp\/v2\/posts\/6676\/revisions\/6684"}],"wp:featuredmedia":[{"embeddable":true,"href":"https:\/\/idea.gob.ve\/index.php\/wp-json\/wp\/v2\/media\/6677"}],"wp:attachment":[{"href":"https:\/\/idea.gob.ve\/index.php\/wp-json\/wp\/v2\/media?parent=6676"}],"wp:term":[{"taxonomy":"category","embeddable":true,"href":"https:\/\/idea.gob.ve\/index.php\/wp-json\/wp\/v2\/categories?post=6676"},{"taxonomy":"post_tag","embeddable":true,"href":"https:\/\/idea.gob.ve\/index.php\/wp-json\/wp\/v2\/tags?post=6676"}],"curies":[{"name":"wp","href":"https:\/\/api.w.org\/{rel}","templated":true}]}}