{"id":6670,"date":"2026-04-25T11:00:00","date_gmt":"2026-04-25T15:00:00","guid":{"rendered":"https:\/\/idea.gob.ve\/?p=6670"},"modified":"2026-04-23T09:09:01","modified_gmt":"2026-04-23T13:09:01","slug":"veterinarios-del-idea-presentan-sus-aportes-cientificos-al-bienestar-animal-y-la-conservacion-de-la-fauna-venezolana","status":"publish","type":"post","link":"https:\/\/idea.gob.ve\/index.php\/2026\/04\/25\/veterinarios-del-idea-presentan-sus-aportes-cientificos-al-bienestar-animal-y-la-conservacion-de-la-fauna-venezolana\/","title":{"rendered":"Veterinarios del IDEA presentan sus aportes cient\u00edficos al bienestar animal y la conservaci\u00f3n de la fauna venezolana"},"content":{"rendered":"\n<p>Prensa IDEA (09-04-2026).- Desde las instalaciones de la Fundaci\u00f3n Instituto de Estudios Avanzados (IDEA), adscrita al Ministerio del Poder Popular para Ciencia y Tecnolog\u00eda (Mincyt), los m\u00e9dicos veterinarios Carolyn Garc\u00eda y Daniel Ram\u00edrez, presentaron ante el departamento de prensa de la instituci\u00f3n para dar a conocer sus roles, labores profesionales y capacidades para contribuir al desarrollo cient\u00edfico de las instituciones estatales del pa\u00eds.<\/p>\n\n\n\n<p>DIA Mundial de la Veterinario<\/p>\n\n\n\n<p>El encuentro busc\u00f3 visibilizar el potencial investigativo del equipo veterinario del IDEA y su compromiso con diversas \u00e1reas del quehacer cient\u00edfico nacional, entre ellas el bienestar animal, la protecci\u00f3n de la fauna venezolana y el avance del conocimiento al servicio del pueblo.<\/p>\n\n\n\n<p>Una apuesta por la ciencia soberana<\/p>\n\n\n\n<p>La presentaci\u00f3n de los veterinarios Garc\u00eda y Ram\u00edrez, reafirma el compromiso de la Fundaci\u00f3n IDEA con la formaci\u00f3n de equipos cient\u00edficos multidisciplinarios capaces de responder a las demandas del pa\u00eds en diversas \u00e1reas del conocimiento. Su trabajo representa una muestra del aporte que los profesionales de las ciencias veterinarias pueden brindar no solo al sector agropecuario, sino tambi\u00e9n a la investigaci\u00f3n biom\u00e9dica, la conservaci\u00f3n de la biodiversidad y la salud p\u00fablica en Venezuela.<\/p>\n\n\n\n<p>Ciencia al servicio del bienestar animal<\/p>\n\n\n\n<p>La m\u00e9dico veterinaria, Carolyn Garc\u00eda, explic\u00f3 las funciones que desempe\u00f1a junto a su equipo dentro de la instituci\u00f3n, destacando que su labor va m\u00e1s all\u00e1 del cuidado directo de los animales. \u00abAdem\u00e1s del bienestar animal, nos encargamos de la manipulaci\u00f3n adecuada para el rendimiento \u00f3ptimo de los materiales de investigaci\u00f3n que nos dan nuestros animales\u00bb, se\u00f1al\u00f3 Garc\u00eda, subrayando as\u00ed la importancia del trabajo veterinario como soporte fundamental para los proyectos cient\u00edficos que se desarrollan en el IDEA.<\/p>\n\n\n\n<p>La serpiente cascabel: ciencia, conservaci\u00f3n y desmitificaci\u00f3n<br>Uno de los momentos m\u00e1s destacados del encuentro fue protagonizado por el m\u00e9dico veterinario Daniel Ram\u00edrez, quien present\u00f3 ante el equipo de prensa un ejemplar vivo de la serpiente cascabel (Crotalus durissus cumanensis), una de las especies que forma parte de la rica diversidad biol\u00f3gica venezolana.<\/p>\n\n\n\n<p>Ram\u00edrez aprovech\u00f3 el momento para resaltar la necesidad urgente de comprender la importancia de investigar, proteger y conservar especies que, por estigmas sociales y desinformaci\u00f3n, pueden verse amenazadas por la acci\u00f3n humana. \u00abEstas especies forman parte crucial de la identidad nacional y de las investigaciones para el bienestar humano y animal\u00bb, afirm\u00f3 el investigador, haciendo un llamado a la conciencia colectiva sobre el valor de cada forma de vida que habita el territorio venezolano.<\/p>\n\n\n\n<p>Recomendaciones veterinarias para las mascotas<\/p>\n\n\n\n<p>Durante el encuentro, el equipo tambi\u00e9n ofreci\u00f3 orientaciones pr\u00e1cticas dirigidas a la ciudadan\u00eda en materia de tenencia responsable de animales de compa\u00f1\u00eda. El m\u00e9dico veterinario Daniel Ram\u00edrez se\u00f1al\u00f3 que entre los riesgos de salud m\u00e1s frecuentes en las mascotas se encuentran las enfermedades de transmisi\u00f3n sexual no tratadas, as\u00ed como tumores benignos en los test\u00edculos, zonas mamarias y uterinas, condiciones que pueden presentarse sin distinci\u00f3n de raza, edad o sexo del animal.<\/p>\n\n\n\n<p>Respecto a la frecuencia de los chequeos veterinarios, el experto recomend\u00f3 visitas peri\u00f3dicas de dos a tres meses, ajustadas seg\u00fan las necesidades particulares de convivencia con cada mascota.<\/p>\n\n\n\n<p>En cuanto a la alimentaci\u00f3n, Garc\u00eda indic\u00f3 que, una dieta adecuada debe considerar el consumo energ\u00e9tico del animal, su entorno y las actividades que realiza, tomando en cuenta la calidad del pienso y las cantidades necesarias de consumo proteico diario<\/p>\n\n\n\n<p><strong>Texto: Pedro  Villarreal (Prensa Idea)<br>Fotos: Rolando Gonz\u00e1lez (Prensa Idea)<\/strong><\/p>\n\n\n\n<p><img loading=\"lazy\" decoding=\"async\" class=\"alignnone wp-image-6672 size-full\" src=\"https:\/\/idea.gob.ve\/wp-content\/uploads\/2026\/04\/203.jpg\" alt=\"\" width=\"1280\" height=\"852\" srcset=\"https:\/\/idea.gob.ve\/wp-content\/uploads\/2026\/04\/203.jpg 1280w, https:\/\/idea.gob.ve\/wp-content\/uploads\/2026\/04\/203-300x200.jpg 300w, https:\/\/idea.gob.ve\/wp-content\/uploads\/2026\/04\/203-1024x682.jpg 1024w, https:\/\/idea.gob.ve\/wp-content\/uploads\/2026\/04\/203-768x511.jpg 768w\" sizes=\"auto, (max-width: 1280px) 100vw, 1280px\" \/><\/p>\n\n\n\n<p><img loading=\"lazy\" decoding=\"async\" class=\"alignnone wp-image-6673 size-full\" src=\"https:\/\/idea.gob.ve\/wp-content\/uploads\/2026\/04\/204.jpg\" alt=\"\" width=\"1280\" height=\"852\" srcset=\"https:\/\/idea.gob.ve\/wp-content\/uploads\/2026\/04\/204.jpg 1280w, https:\/\/idea.gob.ve\/wp-content\/uploads\/2026\/04\/204-300x200.jpg 300w, https:\/\/idea.gob.ve\/wp-content\/uploads\/2026\/04\/204-1024x682.jpg 1024w, https:\/\/idea.gob.ve\/wp-content\/uploads\/2026\/04\/204-768x511.jpg 768w\" sizes=\"auto, (max-width: 1280px) 100vw, 1280px\" \/><\/p>\n\n\n\n<p><img loading=\"lazy\" decoding=\"async\" class=\"alignnone wp-image-6674 size-full\" src=\"https:\/\/idea.gob.ve\/wp-content\/uploads\/2026\/04\/206.jpg\" alt=\"\" width=\"1280\" height=\"852\" srcset=\"https:\/\/idea.gob.ve\/wp-content\/uploads\/2026\/04\/206.jpg 1280w, https:\/\/idea.gob.ve\/wp-content\/uploads\/2026\/04\/206-300x200.jpg 300w, https:\/\/idea.gob.ve\/wp-content\/uploads\/2026\/04\/206-1024x682.jpg 1024w, https:\/\/idea.gob.ve\/wp-content\/uploads\/2026\/04\/206-768x511.jpg 768w\" sizes=\"auto, (max-width: 1280px) 100vw, 1280px\" \/><\/p>\n\n\n\n\n","protected":false},"excerpt":{"rendered":"<p>Prensa IDEA (09-04-2026).- Desde las instalaciones de la Fundaci\u00f3n Instituto de Estudios Avanzados (IDEA), adscrita al Ministerio del Poder Popular para Ciencia y Tecnolog\u00eda (Mincyt), los m\u00e9dicos veterinarios Carolyn Garc\u00eda [&hellip;]<\/p>\n","protected":false},"author":500,"featured_media":6671,"comment_status":"open","ping_status":"open","sticky":false,"template":"","format":"standard","meta":{"footnotes":""},"categories":[1],"tags":[],"class_list":["post-6670","post","type-post","status-publish","format-standard","has-post-thumbnail","hentry","category-sin-categoria"],"_links":{"self":[{"href":"https:\/\/idea.gob.ve\/index.php\/wp-json\/wp\/v2\/posts\/6670","targetHints":{"allow":["GET"]}}],"collection":[{"href":"https:\/\/idea.gob.ve\/index.php\/wp-json\/wp\/v2\/posts"}],"about":[{"href":"https:\/\/idea.gob.ve\/index.php\/wp-json\/wp\/v2\/types\/post"}],"author":[{"embeddable":true,"href":"https:\/\/idea.gob.ve\/index.php\/wp-json\/wp\/v2\/users\/500"}],"replies":[{"embeddable":true,"href":"https:\/\/idea.gob.ve\/index.php\/wp-json\/wp\/v2\/comments?post=6670"}],"version-history":[{"count":1,"href":"https:\/\/idea.gob.ve\/index.php\/wp-json\/wp\/v2\/posts\/6670\/revisions"}],"predecessor-version":[{"id":6675,"href":"https:\/\/idea.gob.ve\/index.php\/wp-json\/wp\/v2\/posts\/6670\/revisions\/6675"}],"wp:featuredmedia":[{"embeddable":true,"href":"https:\/\/idea.gob.ve\/index.php\/wp-json\/wp\/v2\/media\/6671"}],"wp:attachment":[{"href":"https:\/\/idea.gob.ve\/index.php\/wp-json\/wp\/v2\/media?parent=6670"}],"wp:term":[{"taxonomy":"category","embeddable":true,"href":"https:\/\/idea.gob.ve\/index.php\/wp-json\/wp\/v2\/categories?post=6670"},{"taxonomy":"post_tag","embeddable":true,"href":"https:\/\/idea.gob.ve\/index.php\/wp-json\/wp\/v2\/tags?post=6670"}],"curies":[{"name":"wp","href":"https:\/\/api.w.org\/{rel}","templated":true}]}}