{"id":6664,"date":"2026-04-23T08:59:38","date_gmt":"2026-04-23T12:59:38","guid":{"rendered":"https:\/\/idea.gob.ve\/?p=6664"},"modified":"2026-04-23T08:59:38","modified_gmt":"2026-04-23T12:59:38","slug":"fundacion-idea-celebra-el-dia-internacional-de-las-ninas-en-las-tic-y-ratifica-su-compromiso-con-la-inclusion-tecnologica-para-la-vida","status":"publish","type":"post","link":"https:\/\/idea.gob.ve\/index.php\/2026\/04\/23\/fundacion-idea-celebra-el-dia-internacional-de-las-ninas-en-las-tic-y-ratifica-su-compromiso-con-la-inclusion-tecnologica-para-la-vida\/","title":{"rendered":"Fundaci\u00f3n IDEA celebra el D\u00eda Internacional de las Ni\u00f1as en las TIC y ratifica su compromiso con la inclusi\u00f3n tecnol\u00f3gica para la vida"},"content":{"rendered":"\n<p><\/p>\n\n\n\n<p>Prensa IDEA (23-04-2026). En el marco del D\u00eda Internacional de las Ni\u00f1as en las Tecnolog\u00edas de la Informaci\u00f3n y la Comunicaci\u00f3n (TIC), que se celebra el cuarto jueves del mes de abril, la Fundaci\u00f3n Instituto de Estudios Avanzados (IDEA), adscrito al Ministerio del Poder Popular para Ciencia y Tecnolog\u00eda (MINCYT), se suma a esta conmemoraci\u00f3n que promueve la incorporaci\u00f3n de ni\u00f1as y j\u00f3venes al estudio, la formaci\u00f3n y el desarrollo profesional en \u00e1reas estrat\u00e9gicas para el futuro de la humanidad.<\/p>\n\n\n\n<p><strong>Tecnolog\u00eda, inclusi\u00f3n y futuro<\/strong><\/p>\n\n\n\n<p>Esta fecha, establecida por la ONU para alentar a las ni\u00f1as y mujeres j\u00f3venes a orientar sus estudios hacia las carreras tecnol\u00f3gicas, constituye una oportunidad para reafirmar la necesidad de seguir abriendo caminos hacia una ciencia m\u00e1s inclusiva.<\/p>\n\n\n\n<p>Desde esta visi\u00f3n, la Fundaci\u00f3n IDEA reconoce que las TIC representan hoy, m\u00e1s que nunca, una herramienta fundamental para el fortalecimiento de la soberan\u00eda cient\u00edfica y tecnol\u00f3gica de los pueblos, as\u00ed como para la construcci\u00f3n de una sociedad m\u00e1s justa, y humanamente solidaria.<\/p>\n\n\n\n<p>En ese horizonte, la participaci\u00f3n protag\u00f3nica de las ni\u00f1as en estos espacios resulta indispensable para cerrar brechas hist\u00f3ricas y garantizar mayores niveles de igualdad.<\/p>\n\n\n\n<p><strong>Ni\u00f1as en las TIC: una causa de justicia y equidad<\/strong><\/p>\n\n\n\n<p>En este contexto, la gesti\u00f3n de Delcy Rodr\u00edguez como primera mujer presidenta de Venezuela forma parte de esta transformaci\u00f3n social e institucional, que impulsa la incorporaci\u00f3n de las ni\u00f1as al mundo de las TIC y a la ciencia para la vida. Su liderazgo simboliza la posibilidad de que las ni\u00f1as y j\u00f3venes en Venezuela se vean representadas en los espacios tecnol\u00f3gicos m\u00e1s altos de decisi\u00f3n y poder.<\/p>\n\n\n\n<p>La Fundaci\u00f3n IDEA, como instituci\u00f3n cient\u00edfica al servicio del pa\u00eds, valora profundamente el papel de las ni\u00f1as y j\u00f3venes en la construcci\u00f3n de una Venezuela que avance hacia la innovaci\u00f3n, la transformaci\u00f3n digital y la independencia tecnol\u00f3gica. Esta tarea se enmarca en las pol\u00edticas p\u00fablicas orientadas a democratizar el conocimiento y poner la ciencia al servicio del bienestar colectivo y del desarrollo nacional.<\/p>\n\n\n\n<p><strong>IDEA y el compromiso con la ciencia para la vida<\/strong><\/p>\n\n\n\n<p>En consonancia con las orientaciones del MINCYT, que impulsa iniciativas para fortalecer la ciencia, la tecnolog\u00eda y la transformaci\u00f3n digital de Venezuela, la Fundaci\u00f3n IDEA ratifica su compromiso con la formaci\u00f3n de nuevas generaciones capaces de liderar los procesos cient\u00edficos y tecnol\u00f3gicos que demanda la naci\u00f3n. Asimismo, se reconoce el valor de las acciones orientadas a estimular el inter\u00e9s por la ciencia entre las ni\u00f1as venezolanas, abriendo espacios de participaci\u00f3n y aprendizaje desde edades tempranas.<\/p>\n\n\n\n<p>Hablar de ni\u00f1as en las TIC no es solo hablar de acceso a herramientas digitales; es hablar de justicia social, de igualdad de oportunidades, de empoderamiento, de soberan\u00eda y de la posibilidad concreta de construir una sociedad donde el talento femenino ocupe el lugar que le corresponde en la producci\u00f3n de conocimientos, en la innovaci\u00f3n y en la soluci\u00f3n de los grandes desaf\u00edos contempor\u00e1neos.<\/p>\n\n\n\n<p>Como ha sido se\u00f1alado desde espacios internacionales, el mundo necesita m\u00e1s ciencia, y la ciencia necesita a las mujeres y a las ni\u00f1as.<\/p>\n\n\n\n<p><strong>Venezuela avanza con rostro de mujer<\/strong><\/p>\n\n\n\n<p>Por ello, la Fundaci\u00f3n IDEA reafirma su voluntad de continuar promoviendo una cultura cient\u00edfica inclusiva, liberadora y transformadora, donde cada ni\u00f1a pueda reconocerse como creadora, investigadora, tecn\u00f3loga e impulsora de cambios en su comunidad y en la naci\u00f3n.<\/p>\n\n\n\n<p>Celebrar el D\u00eda Internacional de las Ni\u00f1as en las TIC es tambi\u00e9n reconocer que el futuro digital de Venezuela debe construirse con rostro de ni\u00f1a, con inteligencia colectiva, con justicia social y con participaci\u00f3n protag\u00f3nica.<\/p>\n\n\n\n<p>Desde el IDEA, seguimos apostando por una ciencia con identidad nacional, por una tecnolog\u00eda para la vida y por una generaci\u00f3n de ni\u00f1as que crezca sabiendo que tambi\u00e9n puede programar, investigar, innovar y liderar el porvenir de la naci\u00f3n.<\/p>\n\n\n\n<p><strong>Texto: Pedro Villarreal (Presa IDEA)<\/strong><\/p>\n\n\n\n<p><strong>Fotos: Cortes\u00eda<\/strong><\/p>\n\n\n\n<p><img loading=\"lazy\" decoding=\"async\" class=\"alignnone wp-image-6666 size-full\" src=\"https:\/\/idea.gob.ve\/wp-content\/uploads\/2026\/04\/120-1.jpg\" alt=\"\" width=\"1080\" height=\"720\" srcset=\"https:\/\/idea.gob.ve\/wp-content\/uploads\/2026\/04\/120-1.jpg 1080w, https:\/\/idea.gob.ve\/wp-content\/uploads\/2026\/04\/120-1-300x200.jpg 300w, https:\/\/idea.gob.ve\/wp-content\/uploads\/2026\/04\/120-1-1024x683.jpg 1024w, https:\/\/idea.gob.ve\/wp-content\/uploads\/2026\/04\/120-1-768x512.jpg 768w\" sizes=\"auto, (max-width: 1080px) 100vw, 1080px\" \/><\/p>\n\n\n\n<p><img loading=\"lazy\" decoding=\"async\" class=\"alignnone wp-image-6667 size-full\" src=\"https:\/\/idea.gob.ve\/wp-content\/uploads\/2026\/04\/130.jpg\" alt=\"\" width=\"1080\" height=\"720\" srcset=\"https:\/\/idea.gob.ve\/wp-content\/uploads\/2026\/04\/130.jpg 1080w, https:\/\/idea.gob.ve\/wp-content\/uploads\/2026\/04\/130-300x200.jpg 300w, https:\/\/idea.gob.ve\/wp-content\/uploads\/2026\/04\/130-1024x683.jpg 1024w, https:\/\/idea.gob.ve\/wp-content\/uploads\/2026\/04\/130-768x512.jpg 768w\" sizes=\"auto, (max-width: 1080px) 100vw, 1080px\" \/><\/p>\n\n\n\n<p><img loading=\"lazy\" decoding=\"async\" class=\"alignnone wp-image-6668 size-full\" src=\"https:\/\/idea.gob.ve\/wp-content\/uploads\/2026\/04\/140.jpg\" alt=\"\" width=\"1080\" height=\"720\" srcset=\"https:\/\/idea.gob.ve\/wp-content\/uploads\/2026\/04\/140.jpg 1080w, https:\/\/idea.gob.ve\/wp-content\/uploads\/2026\/04\/140-300x200.jpg 300w, https:\/\/idea.gob.ve\/wp-content\/uploads\/2026\/04\/140-1024x683.jpg 1024w, https:\/\/idea.gob.ve\/wp-content\/uploads\/2026\/04\/140-768x512.jpg 768w\" sizes=\"auto, (max-width: 1080px) 100vw, 1080px\" \/><\/p>\n","protected":false},"excerpt":{"rendered":"<p>Prensa IDEA (23-04-2026). En el marco del D\u00eda Internacional de las Ni\u00f1as en las Tecnolog\u00edas de la Informaci\u00f3n y la Comunicaci\u00f3n (TIC), que se celebra el cuarto jueves del mes [&hellip;]<\/p>\n","protected":false},"author":500,"featured_media":6665,"comment_status":"open","ping_status":"open","sticky":false,"template":"","format":"standard","meta":{"footnotes":""},"categories":[1],"tags":[],"class_list":["post-6664","post","type-post","status-publish","format-standard","has-post-thumbnail","hentry","category-sin-categoria"],"_links":{"self":[{"href":"https:\/\/idea.gob.ve\/index.php\/wp-json\/wp\/v2\/posts\/6664","targetHints":{"allow":["GET"]}}],"collection":[{"href":"https:\/\/idea.gob.ve\/index.php\/wp-json\/wp\/v2\/posts"}],"about":[{"href":"https:\/\/idea.gob.ve\/index.php\/wp-json\/wp\/v2\/types\/post"}],"author":[{"embeddable":true,"href":"https:\/\/idea.gob.ve\/index.php\/wp-json\/wp\/v2\/users\/500"}],"replies":[{"embeddable":true,"href":"https:\/\/idea.gob.ve\/index.php\/wp-json\/wp\/v2\/comments?post=6664"}],"version-history":[{"count":1,"href":"https:\/\/idea.gob.ve\/index.php\/wp-json\/wp\/v2\/posts\/6664\/revisions"}],"predecessor-version":[{"id":6669,"href":"https:\/\/idea.gob.ve\/index.php\/wp-json\/wp\/v2\/posts\/6664\/revisions\/6669"}],"wp:featuredmedia":[{"embeddable":true,"href":"https:\/\/idea.gob.ve\/index.php\/wp-json\/wp\/v2\/media\/6665"}],"wp:attachment":[{"href":"https:\/\/idea.gob.ve\/index.php\/wp-json\/wp\/v2\/media?parent=6664"}],"wp:term":[{"taxonomy":"category","embeddable":true,"href":"https:\/\/idea.gob.ve\/index.php\/wp-json\/wp\/v2\/categories?post=6664"},{"taxonomy":"post_tag","embeddable":true,"href":"https:\/\/idea.gob.ve\/index.php\/wp-json\/wp\/v2\/tags?post=6664"}],"curies":[{"name":"wp","href":"https:\/\/api.w.org\/{rel}","templated":true}]}}