{"id":6654,"date":"2026-04-25T09:30:00","date_gmt":"2026-04-25T13:30:00","guid":{"rendered":"https:\/\/idea.gob.ve\/?p=6654"},"modified":"2026-04-22T17:29:29","modified_gmt":"2026-04-22T21:29:29","slug":"investigadores-del-idea-destacan-importancia-del-adn-para-determinar-enfermedades-geneticas","status":"publish","type":"post","link":"https:\/\/idea.gob.ve\/index.php\/2026\/04\/25\/investigadores-del-idea-destacan-importancia-del-adn-para-determinar-enfermedades-geneticas\/","title":{"rendered":"Investigadores del IDEA destacan importancia del ADN para determinar enfermedades gen\u00e9ticas"},"content":{"rendered":"\n<p><strong>Prensa IDEA (25-04-2026).-<\/strong> Uno de los descubrimientos cient\u00edficos m\u00e1s trascendentales para la humanidad ha sido la identificaci\u00f3n de la estructura en doble h\u00e9lice del ADN, un hallazgo publicado el 25 de abril de 1953 por los investigadores James Watson y Francis Crick. Este descubrimiento ha abierto las puertas a una comprensi\u00f3n m\u00e1s profunda de la gen\u00e9tica, revolucionando el campo de la biolog\u00eda y proporcionando un sinf\u00edn de avances cient\u00edficos en el estudio de la vida.<\/p>\n<p>En el marco de la conmemoraci\u00f3n de esta fecha hist\u00f3rica, el Doctor en Qu\u00edmica Pablo Mart\u00ednez, investigador de la Fundaci\u00f3n Instituto de Estudios Avanzados (IDEA), destac\u00f3 la relevancia de los avances en el estudio del ADN en los laboratorios de la instituci\u00f3n. Estos procesos incluyen la extracci\u00f3n, secuenciaci\u00f3n y an\u00e1lisis de polimorfismos gen\u00e9ticos, fundamentales para comprender el origen de muchas enfermedades de base gen\u00e9tica, que a menudo permanecen sin diagn\u00f3stico claro.<\/p>\n<p>\u201cEl ADN es la ra\u00edz de la vida, es el punto de partida de todo. Si no lo analizamos, nunca podremos entender su trasfondo gen\u00e9tico, lo que nos permite comprender de manera integral todos los fen\u00f3menos biol\u00f3gicos, tanto a nivel micro como macro\u201d, expres\u00f3 Mart\u00ednez.<\/p>\n<p>El investigador explic\u00f3 que todos los genes est\u00e1n contenidos en el ADN, estructurados por nucle\u00f3tidos de adenina (A), citosina (C), guanina (G) y timina (T). La secuencia espec\u00edfica de estos nucle\u00f3tidos es crucial, ya que determina c\u00f3mo los genes se transforman en prote\u00ednas, las cuales desempe\u00f1an funciones vitales en los organismos, con implicaciones fundamentales para la biolog\u00eda.<\/p>\n<p>Mart\u00ednez subray\u00f3 que la gen\u00e9tica m\u00e9dica es uno de los pilares de la medicina moderna. El estudio del impacto gen\u00e9tico presente en el ADN tiene una importancia trascendental, especialmente en el \u00e1mbito farmacol\u00f3gico. Seg\u00fan el investigador, el desarrollo de medicamentos de uso generalizado debe considerar las variaciones gen\u00e9ticas de las poblaciones, ya que muchas veces los avances farmacol\u00f3gicos se enfocan en grupos peque\u00f1os que no representan la diversidad gen\u00e9tica global.<\/p>\n<p>\u201cNo todos los medicamentos tienen el mismo efecto en todas las poblaciones. Por eso, la medicina personalizada, que estudia c\u00f3mo un f\u00e1rmaco puede ser m\u00e1s efectivo o incluso perjudicial seg\u00fan las caracter\u00edsticas gen\u00e9ticas de cada poblaci\u00f3n, es esencial. Comprender estos matices desde la perspectiva gen\u00e9tica es clave para avanzar en tratamientos m\u00e1s precisos\u201d, se\u00f1al\u00f3 el Dr. Mart\u00ednez.<\/p>\n<p>Asimismo, el Dr. Mart\u00ednez detall\u00f3 que en los laboratorios del IDEA se llevan a cabo diversas investigaciones en las que se exploran c\u00f3mo los genes se expresan de diferentes maneras en funci\u00f3n de su secuencia gen\u00e9tica. Para ello, emplean t\u00e9cnicas como la reacci\u00f3n en cadena de la polimerasa (PCR), en la que se amplifican fragmentos espec\u00edficos de ADN para su an\u00e1lisis detallado, facilitando la detecci\u00f3n de mutaciones y polimorfismos a una escala que antes no era posible. Los resultados de la PCR, que consisten en los fragmentos amplificados de ADN, se visualizan y se analizan mediante electroforesis en geles de agarosa, una t\u00e9cnica que permite separar los fragmentos seg\u00fan su tama\u00f1o y observar su presencia de manera clara.<\/p>\n<p>\u201cA trav\u00e9s de la extracci\u00f3n y secuenciaci\u00f3n del ADN, podemos estudiar el genoma de diversos organismos, desde bacterias hasta organismos m\u00e1s complejos. Este enfoque nos permite obtener una visi\u00f3n m\u00e1s hol\u00edstica y completa del funcionamiento del ADN, y por ende, de los procesos biol\u00f3gicos que sustentan la vida\u201d, concluy\u00f3 el investigador.<\/p>\n<p><strong>Texto: Hern\u00e1n Romero (Prensa IDEA)<\/strong><\/p>\n<p><strong>Fotos: Rolando Gonz\u00e1lez (Prensa IDEA) <br \/><\/strong><\/p>\n<p>\u00a0<\/p>\n\n\n\n<p><img loading=\"lazy\" decoding=\"async\" class=\"alignnone wp-image-6656 size-full\" src=\"https:\/\/idea.gob.ve\/wp-content\/uploads\/2026\/04\/IMG_6736-scaled.jpg\" alt=\"\" width=\"2560\" height=\"1920\" srcset=\"https:\/\/idea.gob.ve\/wp-content\/uploads\/2026\/04\/IMG_6736-scaled.jpg 2560w, https:\/\/idea.gob.ve\/wp-content\/uploads\/2026\/04\/IMG_6736-300x225.jpg 300w, https:\/\/idea.gob.ve\/wp-content\/uploads\/2026\/04\/IMG_6736-1024x768.jpg 1024w, https:\/\/idea.gob.ve\/wp-content\/uploads\/2026\/04\/IMG_6736-768x576.jpg 768w, https:\/\/idea.gob.ve\/wp-content\/uploads\/2026\/04\/IMG_6736-1536x1152.jpg 1536w, https:\/\/idea.gob.ve\/wp-content\/uploads\/2026\/04\/IMG_6736-2048x1536.jpg 2048w\" sizes=\"auto, (max-width: 2560px) 100vw, 2560px\" \/><\/p>\n\n\n\n<p><img loading=\"lazy\" decoding=\"async\" class=\"alignnone wp-image-6658 size-full\" src=\"https:\/\/idea.gob.ve\/wp-content\/uploads\/2026\/04\/IMG_6677-scaled.jpg\" alt=\"\" width=\"2560\" height=\"1920\" srcset=\"https:\/\/idea.gob.ve\/wp-content\/uploads\/2026\/04\/IMG_6677-scaled.jpg 2560w, https:\/\/idea.gob.ve\/wp-content\/uploads\/2026\/04\/IMG_6677-300x225.jpg 300w, https:\/\/idea.gob.ve\/wp-content\/uploads\/2026\/04\/IMG_6677-1024x768.jpg 1024w, https:\/\/idea.gob.ve\/wp-content\/uploads\/2026\/04\/IMG_6677-768x576.jpg 768w, https:\/\/idea.gob.ve\/wp-content\/uploads\/2026\/04\/IMG_6677-1536x1152.jpg 1536w, https:\/\/idea.gob.ve\/wp-content\/uploads\/2026\/04\/IMG_6677-2048x1536.jpg 2048w\" sizes=\"auto, (max-width: 2560px) 100vw, 2560px\" \/><\/p>\n\n\n\n<p><img loading=\"lazy\" decoding=\"async\" class=\"alignnone wp-image-6659 size-full\" src=\"https:\/\/idea.gob.ve\/wp-content\/uploads\/2026\/04\/IMG_6720-scaled.jpg\" alt=\"\" width=\"2560\" height=\"1920\" srcset=\"https:\/\/idea.gob.ve\/wp-content\/uploads\/2026\/04\/IMG_6720-scaled.jpg 2560w, https:\/\/idea.gob.ve\/wp-content\/uploads\/2026\/04\/IMG_6720-300x225.jpg 300w, https:\/\/idea.gob.ve\/wp-content\/uploads\/2026\/04\/IMG_6720-1024x768.jpg 1024w, https:\/\/idea.gob.ve\/wp-content\/uploads\/2026\/04\/IMG_6720-768x576.jpg 768w, https:\/\/idea.gob.ve\/wp-content\/uploads\/2026\/04\/IMG_6720-1536x1152.jpg 1536w, https:\/\/idea.gob.ve\/wp-content\/uploads\/2026\/04\/IMG_6720-2048x1536.jpg 2048w\" sizes=\"auto, (max-width: 2560px) 100vw, 2560px\" \/><\/p>\n\n\n\n<p><img loading=\"lazy\" decoding=\"async\" class=\"alignnone wp-image-6660 size-full\" src=\"https:\/\/idea.gob.ve\/wp-content\/uploads\/2026\/04\/IMG_6734-scaled.jpg\" alt=\"\" width=\"2560\" height=\"1920\" srcset=\"https:\/\/idea.gob.ve\/wp-content\/uploads\/2026\/04\/IMG_6734-scaled.jpg 2560w, https:\/\/idea.gob.ve\/wp-content\/uploads\/2026\/04\/IMG_6734-300x225.jpg 300w, https:\/\/idea.gob.ve\/wp-content\/uploads\/2026\/04\/IMG_6734-1024x768.jpg 1024w, https:\/\/idea.gob.ve\/wp-content\/uploads\/2026\/04\/IMG_6734-768x576.jpg 768w, https:\/\/idea.gob.ve\/wp-content\/uploads\/2026\/04\/IMG_6734-1536x1152.jpg 1536w, https:\/\/idea.gob.ve\/wp-content\/uploads\/2026\/04\/IMG_6734-2048x1536.jpg 2048w\" sizes=\"auto, (max-width: 2560px) 100vw, 2560px\" \/><\/p>\n\n\n\n<p><img loading=\"lazy\" decoding=\"async\" class=\"alignnone wp-image-6661 size-full\" src=\"https:\/\/idea.gob.ve\/wp-content\/uploads\/2026\/04\/6000.jpg\" alt=\"\" width=\"2560\" height=\"1920\" srcset=\"https:\/\/idea.gob.ve\/wp-content\/uploads\/2026\/04\/6000.jpg 2560w, https:\/\/idea.gob.ve\/wp-content\/uploads\/2026\/04\/6000-300x225.jpg 300w, https:\/\/idea.gob.ve\/wp-content\/uploads\/2026\/04\/6000-1024x768.jpg 1024w, https:\/\/idea.gob.ve\/wp-content\/uploads\/2026\/04\/6000-768x576.jpg 768w, https:\/\/idea.gob.ve\/wp-content\/uploads\/2026\/04\/6000-1536x1152.jpg 1536w, https:\/\/idea.gob.ve\/wp-content\/uploads\/2026\/04\/6000-2048x1536.jpg 2048w\" sizes=\"auto, (max-width: 2560px) 100vw, 2560px\" \/><\/p>\n\n\n\n<p><img loading=\"lazy\" decoding=\"async\" class=\"alignnone wp-image-6662 size-full\" src=\"https:\/\/idea.gob.ve\/wp-content\/uploads\/2026\/04\/5000.jpg\" alt=\"\" width=\"2560\" height=\"1920\" srcset=\"https:\/\/idea.gob.ve\/wp-content\/uploads\/2026\/04\/5000.jpg 2560w, https:\/\/idea.gob.ve\/wp-content\/uploads\/2026\/04\/5000-300x225.jpg 300w, https:\/\/idea.gob.ve\/wp-content\/uploads\/2026\/04\/5000-1024x768.jpg 1024w, https:\/\/idea.gob.ve\/wp-content\/uploads\/2026\/04\/5000-768x576.jpg 768w, https:\/\/idea.gob.ve\/wp-content\/uploads\/2026\/04\/5000-1536x1152.jpg 1536w, https:\/\/idea.gob.ve\/wp-content\/uploads\/2026\/04\/5000-2048x1536.jpg 2048w\" sizes=\"auto, (max-width: 2560px) 100vw, 2560px\" \/><\/p>\n","protected":false},"excerpt":{"rendered":"<p>Prensa IDEA (25-04-2026).- Uno de los descubrimientos cient\u00edficos m\u00e1s trascendentales para la humanidad ha sido la identificaci\u00f3n de la estructura en doble h\u00e9lice del ADN, un hallazgo publicado el 25 [&hellip;]<\/p>\n","protected":false},"author":500,"featured_media":6655,"comment_status":"open","ping_status":"open","sticky":false,"template":"","format":"standard","meta":{"footnotes":""},"categories":[1],"tags":[],"class_list":["post-6654","post","type-post","status-publish","format-standard","has-post-thumbnail","hentry","category-sin-categoria"],"_links":{"self":[{"href":"https:\/\/idea.gob.ve\/index.php\/wp-json\/wp\/v2\/posts\/6654","targetHints":{"allow":["GET"]}}],"collection":[{"href":"https:\/\/idea.gob.ve\/index.php\/wp-json\/wp\/v2\/posts"}],"about":[{"href":"https:\/\/idea.gob.ve\/index.php\/wp-json\/wp\/v2\/types\/post"}],"author":[{"embeddable":true,"href":"https:\/\/idea.gob.ve\/index.php\/wp-json\/wp\/v2\/users\/500"}],"replies":[{"embeddable":true,"href":"https:\/\/idea.gob.ve\/index.php\/wp-json\/wp\/v2\/comments?post=6654"}],"version-history":[{"count":1,"href":"https:\/\/idea.gob.ve\/index.php\/wp-json\/wp\/v2\/posts\/6654\/revisions"}],"predecessor-version":[{"id":6663,"href":"https:\/\/idea.gob.ve\/index.php\/wp-json\/wp\/v2\/posts\/6654\/revisions\/6663"}],"wp:featuredmedia":[{"embeddable":true,"href":"https:\/\/idea.gob.ve\/index.php\/wp-json\/wp\/v2\/media\/6655"}],"wp:attachment":[{"href":"https:\/\/idea.gob.ve\/index.php\/wp-json\/wp\/v2\/media?parent=6654"}],"wp:term":[{"taxonomy":"category","embeddable":true,"href":"https:\/\/idea.gob.ve\/index.php\/wp-json\/wp\/v2\/categories?post=6654"},{"taxonomy":"post_tag","embeddable":true,"href":"https:\/\/idea.gob.ve\/index.php\/wp-json\/wp\/v2\/tags?post=6654"}],"curies":[{"name":"wp","href":"https:\/\/api.w.org\/{rel}","templated":true}]}}