{"id":6474,"date":"2026-03-09T09:25:41","date_gmt":"2026-03-09T13:25:41","guid":{"rendered":"https:\/\/idea.gob.ve\/?p=6474"},"modified":"2026-03-09T09:25:41","modified_gmt":"2026-03-09T13:25:41","slug":"trabajadores-del-hospital-perez-carreno-fueron-capacitados-por-el-idea-en-toma-de-muestras-de-pesquisa-neonatal","status":"publish","type":"post","link":"https:\/\/idea.gob.ve\/index.php\/2026\/03\/09\/trabajadores-del-hospital-perez-carreno-fueron-capacitados-por-el-idea-en-toma-de-muestras-de-pesquisa-neonatal\/","title":{"rendered":"Trabajadores del Hospital P\u00e9rez Carre\u00f1o fueron capacitados por el IDEA\u00a0 en toma de muestras de pesquisa neonatal"},"content":{"rendered":"\n<p><strong>Prensa IDEA (09-03-2026).-<\/strong>\u00a0 Investigadores de la Unidad de Errores Innatos del Metabolismo (UEIM) de la Fundaci\u00f3n Instituto de Estudios Avanzados IDEA realizaron un conversatorio y adiestramiento \u00a0sobre la toma de muestras de la prueba del tal\u00f3n, como parte de la pesquisa neonatal dirigido a m\u00e9dicos, enfermeras y dem\u00e1s personal de los servicios de Neonatolog\u00eda, Obstetricia y Epidemiolog\u00eda del Hospital \u201cMiguel P\u00e9rez Carre\u00f1o\u201d, ubicado en el municipio Libertador del Distrito Capital.<\/p>\n<p>La Lic. Tan\u00eda Rodr\u00edguez directora de la Unidad de Errores Innatos del IDEA indic\u00f3 que la pesquisa neonatal se basa en la prueba del tal\u00f3n y es necesaria realizarla en los primeros 10 d\u00edas de vida de reci\u00e9n nacido, para detectar enfermedades como: el hipotiroidismo cong\u00e9nito, la fenilcetonuria, la hiperplasia suprarrenal cong\u00e9nita, entre otras.<\/p>\n<p>\u00a0\u201cLa receptividad del personal de salud del Hospital Miguel P\u00e9rez Carre\u00f1o ha sido muy buena durante esta jornada compartimos con los m\u00e9dicos neonat\u00f3logos, enfermeras y vacunadoras sobre este procedimiento tan importante para la salud de los reci\u00e9n nacidos. Asimismo, en d\u00edas pasados fuimos invitados a participar en una conferencia sobre las Enfermedades Metab\u00f3licas Hereditarias y la importancia vital de la pesquisa neonatal, donde nos acompa\u00f1\u00f3 nuestra neoropediatra Dra. Antonieta Mahfoud,\u201d, dijo.<\/p>\n<p>Asimismo, Yemillet Ceballos Garc\u00eda, auxiliar de laboratorio cl\u00ednico y tomadora de muestra sangu\u00ednea en la UEIM explic\u00f3 a los trabajadores del referido hospital las t\u00e9cnicas para realizar la prueba del tal\u00f3n del beb\u00e9 y luego de\u00a0 extraer unas gotas de sangre inmediatamente proceder a impregnar en un papel filtro especial que se env\u00eda al laboratorio del IDEA para analizarlo. Recalc\u00f3, la necesidad de recoger los datos de la familia y el reci\u00e9n nacido en una ficha que, posteriormente, se utilizar\u00e1 para enviar los resultados obtenidos.<\/p>\n<p>De esta manera, la Fundaci\u00f3n IDEA sigue estrechando lazos interinstitucionales con diferentes centros de salud y maternidades de los estados Miranda, La Guaira\u00a0 y el Distrito Capital para fortalecer la \u00a0pesquisa neonatal .<\/p>\n<p><strong>Texto: Hern\u00e1n Romero (Prensa IDEA)<\/strong><\/p>\n<p><strong>Foto: C\u00e9sar Querales (Prensa IDEA) <br \/><\/strong><\/p>\n<p><img loading=\"lazy\" decoding=\"async\" class=\"alignnone wp-image-6476 size-full\" src=\"https:\/\/idea.gob.ve\/wp-content\/uploads\/2026\/03\/008.jpg\" alt=\"\" width=\"1020\" height=\"765\" srcset=\"https:\/\/idea.gob.ve\/wp-content\/uploads\/2026\/03\/008.jpg 1020w, https:\/\/idea.gob.ve\/wp-content\/uploads\/2026\/03\/008-300x225.jpg 300w, https:\/\/idea.gob.ve\/wp-content\/uploads\/2026\/03\/008-768x576.jpg 768w\" sizes=\"auto, (max-width: 1020px) 100vw, 1020px\" \/><\/p>\n\n\n\n<p><img loading=\"lazy\" decoding=\"async\" class=\"alignnone wp-image-6477 size-full\" src=\"https:\/\/idea.gob.ve\/wp-content\/uploads\/2026\/03\/003-1.jpg\" alt=\"\" width=\"1020\" height=\"765\" srcset=\"https:\/\/idea.gob.ve\/wp-content\/uploads\/2026\/03\/003-1.jpg 1020w, https:\/\/idea.gob.ve\/wp-content\/uploads\/2026\/03\/003-1-300x225.jpg 300w, https:\/\/idea.gob.ve\/wp-content\/uploads\/2026\/03\/003-1-768x576.jpg 768w\" sizes=\"auto, (max-width: 1020px) 100vw, 1020px\" \/><\/p>\n\n\n\n<p><img loading=\"lazy\" decoding=\"async\" class=\"alignnone wp-image-6478 size-full\" src=\"https:\/\/idea.gob.ve\/wp-content\/uploads\/2026\/03\/001-1.jpg\" alt=\"\" width=\"1020\" height=\"765\" srcset=\"https:\/\/idea.gob.ve\/wp-content\/uploads\/2026\/03\/001-1.jpg 1020w, https:\/\/idea.gob.ve\/wp-content\/uploads\/2026\/03\/001-1-300x225.jpg 300w, https:\/\/idea.gob.ve\/wp-content\/uploads\/2026\/03\/001-1-768x576.jpg 768w\" sizes=\"auto, (max-width: 1020px) 100vw, 1020px\" \/><\/p>\n\n\n\n<p><img loading=\"lazy\" decoding=\"async\" class=\"alignnone wp-image-6480 size-full\" src=\"https:\/\/idea.gob.ve\/wp-content\/uploads\/2026\/03\/0005.jpg\" alt=\"\" width=\"1020\" height=\"765\" srcset=\"https:\/\/idea.gob.ve\/wp-content\/uploads\/2026\/03\/0005.jpg 1020w, https:\/\/idea.gob.ve\/wp-content\/uploads\/2026\/03\/0005-300x225.jpg 300w, https:\/\/idea.gob.ve\/wp-content\/uploads\/2026\/03\/0005-768x576.jpg 768w\" sizes=\"auto, (max-width: 1020px) 100vw, 1020px\" \/><\/p>\n","protected":false},"excerpt":{"rendered":"<p>Prensa IDEA (09-03-2026).-\u00a0 Investigadores de la Unidad de Errores Innatos del Metabolismo (UEIM) de la Fundaci\u00f3n Instituto de Estudios Avanzados IDEA realizaron un conversatorio y adiestramiento \u00a0sobre la toma de [&hellip;]<\/p>\n","protected":false},"author":500,"featured_media":6475,"comment_status":"open","ping_status":"open","sticky":false,"template":"","format":"standard","meta":{"footnotes":""},"categories":[1],"tags":[],"class_list":["post-6474","post","type-post","status-publish","format-standard","has-post-thumbnail","hentry","category-sin-categoria"],"_links":{"self":[{"href":"https:\/\/idea.gob.ve\/index.php\/wp-json\/wp\/v2\/posts\/6474","targetHints":{"allow":["GET"]}}],"collection":[{"href":"https:\/\/idea.gob.ve\/index.php\/wp-json\/wp\/v2\/posts"}],"about":[{"href":"https:\/\/idea.gob.ve\/index.php\/wp-json\/wp\/v2\/types\/post"}],"author":[{"embeddable":true,"href":"https:\/\/idea.gob.ve\/index.php\/wp-json\/wp\/v2\/users\/500"}],"replies":[{"embeddable":true,"href":"https:\/\/idea.gob.ve\/index.php\/wp-json\/wp\/v2\/comments?post=6474"}],"version-history":[{"count":1,"href":"https:\/\/idea.gob.ve\/index.php\/wp-json\/wp\/v2\/posts\/6474\/revisions"}],"predecessor-version":[{"id":6481,"href":"https:\/\/idea.gob.ve\/index.php\/wp-json\/wp\/v2\/posts\/6474\/revisions\/6481"}],"wp:featuredmedia":[{"embeddable":true,"href":"https:\/\/idea.gob.ve\/index.php\/wp-json\/wp\/v2\/media\/6475"}],"wp:attachment":[{"href":"https:\/\/idea.gob.ve\/index.php\/wp-json\/wp\/v2\/media?parent=6474"}],"wp:term":[{"taxonomy":"category","embeddable":true,"href":"https:\/\/idea.gob.ve\/index.php\/wp-json\/wp\/v2\/categories?post=6474"},{"taxonomy":"post_tag","embeddable":true,"href":"https:\/\/idea.gob.ve\/index.php\/wp-json\/wp\/v2\/tags?post=6474"}],"curies":[{"name":"wp","href":"https:\/\/api.w.org\/{rel}","templated":true}]}}