{"id":5890,"date":"2025-09-25T14:03:34","date_gmt":"2025-09-25T18:03:34","guid":{"rendered":"https:\/\/idea.gob.ve\/?p=5890"},"modified":"2025-09-25T14:07:56","modified_gmt":"2025-09-25T18:07:56","slug":"presidente-maduro-destaca-avances-de-la-gran-mision-ciencia-tecnologia-e-innovacion","status":"publish","type":"post","link":"https:\/\/idea.gob.ve\/index.php\/2025\/09\/25\/presidente-maduro-destaca-avances-de-la-gran-mision-ciencia-tecnologia-e-innovacion\/","title":{"rendered":"Presidente Maduro destaca avances de la\u00a0 Gran Misi\u00f3n Ciencia Tecnolog\u00eda e Innovaci\u00f3n"},"content":{"rendered":"\t\t<div data-elementor-type=\"wp-post\" data-elementor-id=\"5890\" class=\"elementor elementor-5890\" data-elementor-post-type=\"post\">\n\t\t\t\t\t\t\t\t\t<section class=\"elementor-section elementor-top-section elementor-element elementor-element-35d4277f elementor-section-boxed elementor-section-height-default elementor-section-height-default\" data-id=\"35d4277f\" data-element_type=\"section\">\n\t\t\t\t\t\t<div class=\"elementor-container elementor-column-gap-default\">\n\t\t\t\t\t<div class=\"elementor-column elementor-col-100 elementor-top-column elementor-element elementor-element-4e617ed1\" data-id=\"4e617ed1\" data-element_type=\"column\">\n\t\t\t<div class=\"elementor-widget-wrap elementor-element-populated\">\n\t\t\t\t\t\t\t\t<div class=\"elementor-element elementor-element-50272df2 elementor-widget elementor-widget-text-editor\" data-id=\"50272df2\" data-element_type=\"widget\" data-widget_type=\"text-editor.default\">\n\t\t\t\t<div class=\"elementor-widget-container\">\n\t\t\t\t\t\t\t<!-- wp:tadv\/classic-paragraph -->\n<p><strong>Prensa IDEA (25-09-2025)<\/strong>.- Desde los espacios de la Fundaci\u00f3n Instituto de Ingenier\u00eda para Investigaci\u00f3n y Desarrollo Tecnol\u00f3gico (FIIIDT), el presidente Nicol\u00e1s Maduro, resalt\u00f3 los avances de la Gran Misi\u00f3n Ciencia, Tecnolog\u00eda e Innovaci\u00f3n \u00bb Dr. Humberto Fern\u00e1ndez Mor\u00e1n\u00bb como iniciativa para impulsar la ciencia, tecnolog\u00eda y transformaci\u00f3n digital del pa\u00eds.<\/p>\n<p>El Jefe de Estado mencion\u00f3 que, a trav\u00e9s de la Gran Misi\u00f3n Ciencia Tecnolog\u00eda e Innovaci\u00f3n, \u00bb Dr. Humberto Fern\u00e1ndez Mor\u00e1n\u00bb se han financiado 952 proyectos de investigaci\u00f3n, que a su juicio representan un paso hacia la independencia total y absoluta de Venezuela. \u00abLa ciencia y la tecnolog\u00eda son herramientas para fortalecer la soberan\u00eda nacional, especialmente en las \u00e1reas m\u00e1s vulnerables\u00bb, dijo.<\/p>\n<p>El primer mandatario nacional junto a la Ministra del Poder Popular para Ciencia y Tecnolog\u00eda, Gabriela Jim\u00e9nez Ram\u00edrez, recorri\u00f3 las instalaciones del Laboratorio Avanzado de Microscop\u00eda Electr\u00f3nica de Barrido para An\u00e1lisis Mineral\u00f3gico y Materiales (LABMEB) equipados con el Microscopio Electr\u00f3nico de Barrido de Emisi\u00f3n de Campo (FESEM) y el Microscopio Electr\u00f3nico de Barrido (SEM).<\/p>\n<p>El Presidente Nicol\u00e1s Maduro precis\u00f3 que est\u00e1s herramientas de \u00faltima tecnolog\u00eda permitir\u00e1n el desarrollo de investigaciones en geoqu\u00edmica, geolog\u00eda y criminal\u00edstica, adem\u00e1s de crear un ecosistema de ultramicroscop\u00eda.<\/p>\n<p>Asimismo, la Ministra Gabriela Jim\u00e9nez destac\u00f3 que los microscopios sofisticados contribuyen al an\u00e1lisis de materiales, de muestras biol\u00f3gicas \u00abEstos equipos nos permite llegar a resoluciones de 0.4 nan\u00f3metros, que permite favorecer la capacidad de an\u00e1lisis en materia de corrosi\u00f3n, minerales, medicamentos, estructuras biol\u00f3gicas, caracterizaci\u00f3n de rocas, de contaminantes ambientales\u00bb, acot\u00f3.<\/p>\n<p><strong>Premios Nacionales de Ciencia Tecnolog\u00eda e Innovaci\u00f3n 2025\u00a0<\/strong><\/p>\n<p>El Presidente Nicol\u00e1s Maduro anunci\u00f3 el lanzamiento y convocatoria a los Premios Nacionales de Ciencia, Tecnolog\u00eda e Innovaci\u00f3n 2025, como reconocimiento a la labor de los cient\u00edficos, investigadores, innovadores que contribuyen al avance del pa\u00eds de manera integral. La convocatoria se realiza del 10 de septiembre al 10 de octubre del 2025.<\/p>\n<p>Asimismo, anunci\u00f3 el lanzamiento de la colecci\u00f3n de \u201cDescolonizaci\u00f3n y Esclarecimiento de la verdad hist\u00f3rica en Venezuela\u00bb, con 83 proyectos de investigaci\u00f3n, financiados con fondos p\u00fablicos, que busca reconstruir y exigir la reparaci\u00f3n por los 300 a\u00f1os de dominio colonial y sus efectos hasta el siglo XXI.<\/p>\n<p>\u00abLa intenci\u00f3n, es que se distribuya en liceos, librer\u00edas y universidades, para fortalecer la identidad nacional, promoviendo una visi\u00f3n descolonial y antiimperialista de la historia venezolana\u00bb, puntualiz\u00f3.<\/p>\n<p><strong>Fotos : Cortes\u00eda <br \/><\/strong><\/p>\n<p><img loading=\"lazy\" decoding=\"async\" class=\"alignnone wp-image-5894 size-full\" src=\"https:\/\/idea.gob.ve\/wp-content\/uploads\/2025\/09\/230A8310-1024x683-1.jpg\" alt=\"\" width=\"1024\" height=\"683\" srcset=\"https:\/\/idea.gob.ve\/wp-content\/uploads\/2025\/09\/230A8310-1024x683-1.jpg 1024w, https:\/\/idea.gob.ve\/wp-content\/uploads\/2025\/09\/230A8310-1024x683-1-300x200.jpg 300w, https:\/\/idea.gob.ve\/wp-content\/uploads\/2025\/09\/230A8310-1024x683-1-768x512.jpg 768w\" sizes=\"auto, (max-width: 1024px) 100vw, 1024px\" \/> <\/p>\n<p><img loading=\"lazy\" decoding=\"async\" class=\"alignnone wp-image-5895 size-full\" src=\"https:\/\/idea.gob.ve\/wp-content\/uploads\/2025\/09\/30MG_L2179_P-scaled-1.jpg\" alt=\"\" width=\"2560\" height=\"1707\" srcset=\"https:\/\/idea.gob.ve\/wp-content\/uploads\/2025\/09\/30MG_L2179_P-scaled-1.jpg 2560w, https:\/\/idea.gob.ve\/wp-content\/uploads\/2025\/09\/30MG_L2179_P-scaled-1-300x200.jpg 300w, https:\/\/idea.gob.ve\/wp-content\/uploads\/2025\/09\/30MG_L2179_P-scaled-1-1024x683.jpg 1024w, https:\/\/idea.gob.ve\/wp-content\/uploads\/2025\/09\/30MG_L2179_P-scaled-1-768x512.jpg 768w, https:\/\/idea.gob.ve\/wp-content\/uploads\/2025\/09\/30MG_L2179_P-scaled-1-1536x1024.jpg 1536w, https:\/\/idea.gob.ve\/wp-content\/uploads\/2025\/09\/30MG_L2179_P-scaled-1-2048x1366.jpg 2048w\" sizes=\"auto, (max-width: 2560px) 100vw, 2560px\" \/> <\/p>\n<p><img loading=\"lazy\" decoding=\"async\" class=\"alignnone wp-image-5896 size-full\" src=\"https:\/\/idea.gob.ve\/wp-content\/uploads\/2025\/09\/69d1793a-c486-4a26-ae18-f2f555e87895.jpg\" alt=\"\" width=\"1280\" height=\"591\" srcset=\"https:\/\/idea.gob.ve\/wp-content\/uploads\/2025\/09\/69d1793a-c486-4a26-ae18-f2f555e87895.jpg 1280w, https:\/\/idea.gob.ve\/wp-content\/uploads\/2025\/09\/69d1793a-c486-4a26-ae18-f2f555e87895-300x139.jpg 300w, https:\/\/idea.gob.ve\/wp-content\/uploads\/2025\/09\/69d1793a-c486-4a26-ae18-f2f555e87895-1024x473.jpg 1024w, https:\/\/idea.gob.ve\/wp-content\/uploads\/2025\/09\/69d1793a-c486-4a26-ae18-f2f555e87895-768x355.jpg 768w\" sizes=\"auto, (max-width: 1280px) 100vw, 1280px\" \/><\/p>\n<!-- \/wp:tadv\/classic-paragraph -->\t\t\t\t\t\t<\/div>\n\t\t\t\t<\/div>\n\t\t\t\t\t<\/div>\n\t\t<\/div>\n\t\t\t\t\t\t\t<\/div>\n\t\t<\/section>\n\t\t\t\t\t\t\t<\/div>\n\t\t","protected":false},"excerpt":{"rendered":"<p>Prensa IDEA (25-09-2025).- Desde los espacios de la Fundaci\u00f3n Instituto de Ingenier\u00eda para Investigaci\u00f3n y Desarrollo Tecnol\u00f3gico (FIIIDT), el presidente Nicol\u00e1s Maduro, resalt\u00f3 los avances de la Gran Misi\u00f3n Ciencia, [&hellip;]<\/p>\n","protected":false},"author":500,"featured_media":5891,"comment_status":"open","ping_status":"open","sticky":false,"template":"","format":"standard","meta":{"footnotes":""},"categories":[1],"tags":[],"class_list":["post-5890","post","type-post","status-publish","format-standard","has-post-thumbnail","hentry","category-sin-categoria"],"_links":{"self":[{"href":"https:\/\/idea.gob.ve\/index.php\/wp-json\/wp\/v2\/posts\/5890","targetHints":{"allow":["GET"]}}],"collection":[{"href":"https:\/\/idea.gob.ve\/index.php\/wp-json\/wp\/v2\/posts"}],"about":[{"href":"https:\/\/idea.gob.ve\/index.php\/wp-json\/wp\/v2\/types\/post"}],"author":[{"embeddable":true,"href":"https:\/\/idea.gob.ve\/index.php\/wp-json\/wp\/v2\/users\/500"}],"replies":[{"embeddable":true,"href":"https:\/\/idea.gob.ve\/index.php\/wp-json\/wp\/v2\/comments?post=5890"}],"version-history":[{"count":5,"href":"https:\/\/idea.gob.ve\/index.php\/wp-json\/wp\/v2\/posts\/5890\/revisions"}],"predecessor-version":[{"id":5899,"href":"https:\/\/idea.gob.ve\/index.php\/wp-json\/wp\/v2\/posts\/5890\/revisions\/5899"}],"wp:featuredmedia":[{"embeddable":true,"href":"https:\/\/idea.gob.ve\/index.php\/wp-json\/wp\/v2\/media\/5891"}],"wp:attachment":[{"href":"https:\/\/idea.gob.ve\/index.php\/wp-json\/wp\/v2\/media?parent=5890"}],"wp:term":[{"taxonomy":"category","embeddable":true,"href":"https:\/\/idea.gob.ve\/index.php\/wp-json\/wp\/v2\/categories?post=5890"},{"taxonomy":"post_tag","embeddable":true,"href":"https:\/\/idea.gob.ve\/index.php\/wp-json\/wp\/v2\/tags?post=5890"}],"curies":[{"name":"wp","href":"https:\/\/api.w.org\/{rel}","templated":true}]}}