{"id":5500,"date":"2025-06-18T11:56:04","date_gmt":"2025-06-18T15:56:04","guid":{"rendered":"https:\/\/idea.gob.ve\/?p=5500"},"modified":"2025-06-18T12:00:59","modified_gmt":"2025-06-18T16:00:59","slug":"fundacion-idea-establecera-banco-de-germoplasma-y-programa-de-certificacion-de-citricos","status":"publish","type":"post","link":"https:\/\/idea.gob.ve\/index.php\/2025\/06\/18\/fundacion-idea-establecera-banco-de-germoplasma-y-programa-de-certificacion-de-citricos\/","title":{"rendered":"Fundaci\u00f3n IDEA establecer\u00e1 banco de germoplasma y programa de certificaci\u00f3n de c\u00edtricos"},"content":{"rendered":"\t\t<div data-elementor-type=\"wp-post\" data-elementor-id=\"5500\" class=\"elementor elementor-5500\" data-elementor-post-type=\"post\">\n\t\t\t\t\t\t\t\t\t<section class=\"elementor-section elementor-top-section elementor-element elementor-element-565de31e elementor-section-boxed elementor-section-height-default elementor-section-height-default\" data-id=\"565de31e\" data-element_type=\"section\">\n\t\t\t\t\t\t<div class=\"elementor-container elementor-column-gap-default\">\n\t\t\t\t\t<div class=\"elementor-column elementor-col-100 elementor-top-column elementor-element elementor-element-1bf23d74\" data-id=\"1bf23d74\" data-element_type=\"column\">\n\t\t\t<div class=\"elementor-widget-wrap elementor-element-populated\">\n\t\t\t\t\t\t\t\t<div class=\"elementor-element elementor-element-1837b3e9 elementor-widget elementor-widget-text-editor\" data-id=\"1837b3e9\" data-element_type=\"widget\" data-widget_type=\"text-editor.default\">\n\t\t\t\t<div class=\"elementor-widget-container\">\n\t\t\t\t\t\t\t<!-- wp:tadv\/classic-paragraph -->\n<p><strong>Prensa IDEA (18-06-2025).-<\/strong> Con el prop\u00f3sito de impulsar la producci\u00f3n de c\u00edtricos en Venezuela, a trav\u00e9s de semillas y plantas que posean calidad gen\u00e9tica, fitosanitaria y libres de enfermedades, en la Fundaci\u00f3n Instituto de Estudios Avanzados (Idea) adelantan un proyecto de establecimiento de un programa nacional de certificaci\u00f3n de c\u00edtricos.<\/p>\n<p>El ingeniero agr\u00f3nomo, Dr Ezequiel Rangel investigador adscrito al laboratorio de Biolog\u00eda Molecular, de la Direcci\u00f3n de Agricultura y Soberan\u00eda Alimentaria (ASA) del IDEA, inform\u00f3 que el referido proyecto lleva por nombre: <em>\u201cGesti\u00f3n del banco de germoplasma de c\u00edtricos, soporte para la soberan\u00eda alimentaria y establecimiento del programa nacional de certificaci\u00f3n de c\u00edtricos\u201d.<\/em><\/p>\n<p>Se\u00f1al\u00f3, que en el pa\u00eds el \u00faltimo programa de certificaci\u00f3n de c\u00edtricos fue concebido en la d\u00e9cada de los 70, inicio su funcionamiento en 1986, y estuvo vigente hasta 1994, a\u00f1o en el cual tuvo que ser clausurado por d\u00e9ficit en el control de calidad.<\/p>\n<p>\u201cEl programa de certificaci\u00f3n de c\u00edtricos tiene 30 a\u00f1os sin funcionar y el esquema legal se hizo obsoleto, desde hace dos a\u00f1os un equipo multidisciplinario se encarg\u00f3 de trabajar en la elaboraci\u00f3n de la normativa que considerase la estructuraci\u00f3n de un sistema de certificaci\u00f3n de categor\u00edas de semilla, que cumpla con los requisitos de identidad gen\u00e9tica y de calidad fitosanitaria incorporando los avances cient\u00edficos\u201d asever\u00f3.<\/p>\n<p>Rangel explic\u00f3 que la propuesta del programa de certificaci\u00f3n cuenta con las fases de a) saneamiento, a trav\u00e9s de la microinjertaci\u00f3n; b) de verificaci\u00f3n de la calidad fitosanitaria; c) evaluaci\u00f3n de la fidelidad al tipo; y d) certificaci\u00f3n\u00a0 en base a un sistema de gesti\u00f3n de la calidad de los procesos de producci\u00f3n conforme a cada categor\u00eda de semilla.<\/p>\n<p>Detall\u00f3 que desde la Fundaci\u00f3n Idea realizaron la solicitud de importaci\u00f3n de una colecci\u00f3n de semillas de c\u00edtricos, certificadas y libres de enfermedades con alta calidad gen\u00e9tica, en el marco del Convenio Internacional de Recursos Fitogen\u00e9ticos. La colecci\u00f3n donante tiene sede en la Universidad de California, en el campus de Riverside, y es coordinada en conjunto con el Departamento de Agricultura de los Estados Unidos.<\/p>\n<p>\u201cEl banco de germoplasma que estableceremos en el Idea, contendr\u00e1 el material que permitir\u00e1 la\u00a0 refundaci\u00f3n de la citricultura nacional del siglo XXI que ser\u00e1 la primera y central fuente de semillas certificadas que va a irradiar a otras instituciones del pa\u00eds que se dedicar\u00e1n a la producci\u00f3n de c\u00edtricos dentro del programa de certificaci\u00f3n\u201d, coment\u00f3 Rangel.<\/p>\n<p><strong>Restaurar\u00e1n diversidad gen\u00e9tica<\/strong><\/p>\n<p>El investigador Ezequiel Rangel coment\u00f3 que con el banco de germoplasma y el plan nacional de certificaci\u00f3n de c\u00edtricos, persiguen restaurar la diversidad gen\u00e9tica, a trav\u00e9s de la importaci\u00f3n de material gen\u00e9tico que anteriormente estuvo en Venezuela, pero con caracter\u00edsticas superiores a los anteriormente utilizados en el pa\u00eds.<\/p>\n<p>Detall\u00f3, que el programa contempla adicionalmente la prospecci\u00f3n de las zonas tradicionales citr\u00edcolas de todo el pa\u00eds, que fueron diezmadas por las diferentes enfermedades, para colectar material que todav\u00eda sobrevive en esas regiones citr\u00edcolas del pa\u00eds, para realizar el saneamiento correspondiente y luego introducirlo en la colecci\u00f3n del banco de germoplasma que permitir\u00e1 generar nuevas l\u00edneas de investigaci\u00f3n.<\/p>\n<p>\u201cAgradecemos el apoyo de las instituciones p\u00fablicas y privadas que ayudan a patrocinar investigaciones de este tipo, que son tan necesarias para los productores nacionales. Tambi\u00e9n\u00a0 hacemos la exhortaci\u00f3n a no realizar la importaci\u00f3n de material vegetal de otros pa\u00edses sin contar\u00a0 con la certificaci\u00f3n de c\u00edtricos correspondiente\u201d, que en la Rep\u00fablica Bolivariana de Venezuela est\u00e1 a cargo del Instituto Nacional de Salud Agr\u00edcola Integral (INSAI), y de la Comisi\u00f3n Nacional de Semillas (CONASEM) puntualiz\u00f3.<\/p>\n<p><strong>Texto: Hern\u00e1n Romero (Prensa IDEA)<\/strong><\/p>\n<p><strong>Fotos: C\u00e9sar Querales (Prensa IDEA) <br \/><\/strong><\/p>\n<p><img loading=\"lazy\" decoding=\"async\" class=\"alignnone wp-image-5503 size-full\" src=\"https:\/\/idea.gob.ve\/wp-content\/uploads\/2025\/06\/ec1264b9-3f51-4649-8772-d2b4b01e5f76.jpg\" alt=\"\" width=\"1600\" height=\"1066\" srcset=\"https:\/\/idea.gob.ve\/wp-content\/uploads\/2025\/06\/ec1264b9-3f51-4649-8772-d2b4b01e5f76.jpg 1600w, https:\/\/idea.gob.ve\/wp-content\/uploads\/2025\/06\/ec1264b9-3f51-4649-8772-d2b4b01e5f76-300x200.jpg 300w, https:\/\/idea.gob.ve\/wp-content\/uploads\/2025\/06\/ec1264b9-3f51-4649-8772-d2b4b01e5f76-1024x682.jpg 1024w, https:\/\/idea.gob.ve\/wp-content\/uploads\/2025\/06\/ec1264b9-3f51-4649-8772-d2b4b01e5f76-768x512.jpg 768w, https:\/\/idea.gob.ve\/wp-content\/uploads\/2025\/06\/ec1264b9-3f51-4649-8772-d2b4b01e5f76-1536x1023.jpg 1536w\" sizes=\"auto, (max-width: 1600px) 100vw, 1600px\" \/> <\/p>\n<p><img loading=\"lazy\" decoding=\"async\" class=\"alignnone wp-image-5504 size-full\" src=\"https:\/\/idea.gob.ve\/wp-content\/uploads\/2025\/06\/38bbfb4e-e20f-440b-8640-f8a584afce44.jpg\" alt=\"\" width=\"1600\" height=\"1066\" srcset=\"https:\/\/idea.gob.ve\/wp-content\/uploads\/2025\/06\/38bbfb4e-e20f-440b-8640-f8a584afce44.jpg 1600w, https:\/\/idea.gob.ve\/wp-content\/uploads\/2025\/06\/38bbfb4e-e20f-440b-8640-f8a584afce44-300x200.jpg 300w, https:\/\/idea.gob.ve\/wp-content\/uploads\/2025\/06\/38bbfb4e-e20f-440b-8640-f8a584afce44-1024x682.jpg 1024w, https:\/\/idea.gob.ve\/wp-content\/uploads\/2025\/06\/38bbfb4e-e20f-440b-8640-f8a584afce44-768x512.jpg 768w, https:\/\/idea.gob.ve\/wp-content\/uploads\/2025\/06\/38bbfb4e-e20f-440b-8640-f8a584afce44-1536x1023.jpg 1536w\" sizes=\"auto, (max-width: 1600px) 100vw, 1600px\" \/>\u00a0 <img loading=\"lazy\" decoding=\"async\" class=\"alignnone wp-image-5505 size-full\" src=\"https:\/\/idea.gob.ve\/wp-content\/uploads\/2025\/06\/bb0fa715-28e2-456c-a85e-bd3869edf226.jpg\" alt=\"\" width=\"1600\" height=\"1066\" srcset=\"https:\/\/idea.gob.ve\/wp-content\/uploads\/2025\/06\/bb0fa715-28e2-456c-a85e-bd3869edf226.jpg 1600w, https:\/\/idea.gob.ve\/wp-content\/uploads\/2025\/06\/bb0fa715-28e2-456c-a85e-bd3869edf226-300x200.jpg 300w, https:\/\/idea.gob.ve\/wp-content\/uploads\/2025\/06\/bb0fa715-28e2-456c-a85e-bd3869edf226-1024x682.jpg 1024w, https:\/\/idea.gob.ve\/wp-content\/uploads\/2025\/06\/bb0fa715-28e2-456c-a85e-bd3869edf226-768x512.jpg 768w, https:\/\/idea.gob.ve\/wp-content\/uploads\/2025\/06\/bb0fa715-28e2-456c-a85e-bd3869edf226-1536x1023.jpg 1536w\" sizes=\"auto, (max-width: 1600px) 100vw, 1600px\" \/><\/p>\n<p>\u00a0<\/p>\n<p>\u00a0<\/p>\n<p>\u00a0<\/p>\n<!-- \/wp:tadv\/classic-paragraph -->\t\t\t\t\t\t<\/div>\n\t\t\t\t<\/div>\n\t\t\t\t\t<\/div>\n\t\t<\/div>\n\t\t\t\t\t\t\t<\/div>\n\t\t<\/section>\n\t\t\t\t\t\t\t<\/div>\n\t\t","protected":false},"excerpt":{"rendered":"<p>Prensa IDEA (18-06-2025).- Con el prop\u00f3sito de impulsar la producci\u00f3n de c\u00edtricos en Venezuela, a trav\u00e9s de semillas y plantas que posean calidad gen\u00e9tica, fitosanitaria y libres de enfermedades, en [&hellip;]<\/p>\n","protected":false},"author":500,"featured_media":5501,"comment_status":"open","ping_status":"open","sticky":false,"template":"","format":"standard","meta":{"footnotes":""},"categories":[1],"tags":[],"class_list":["post-5500","post","type-post","status-publish","format-standard","has-post-thumbnail","hentry","category-sin-categoria"],"_links":{"self":[{"href":"https:\/\/idea.gob.ve\/index.php\/wp-json\/wp\/v2\/posts\/5500","targetHints":{"allow":["GET"]}}],"collection":[{"href":"https:\/\/idea.gob.ve\/index.php\/wp-json\/wp\/v2\/posts"}],"about":[{"href":"https:\/\/idea.gob.ve\/index.php\/wp-json\/wp\/v2\/types\/post"}],"author":[{"embeddable":true,"href":"https:\/\/idea.gob.ve\/index.php\/wp-json\/wp\/v2\/users\/500"}],"replies":[{"embeddable":true,"href":"https:\/\/idea.gob.ve\/index.php\/wp-json\/wp\/v2\/comments?post=5500"}],"version-history":[{"count":4,"href":"https:\/\/idea.gob.ve\/index.php\/wp-json\/wp\/v2\/posts\/5500\/revisions"}],"predecessor-version":[{"id":5508,"href":"https:\/\/idea.gob.ve\/index.php\/wp-json\/wp\/v2\/posts\/5500\/revisions\/5508"}],"wp:featuredmedia":[{"embeddable":true,"href":"https:\/\/idea.gob.ve\/index.php\/wp-json\/wp\/v2\/media\/5501"}],"wp:attachment":[{"href":"https:\/\/idea.gob.ve\/index.php\/wp-json\/wp\/v2\/media?parent=5500"}],"wp:term":[{"taxonomy":"category","embeddable":true,"href":"https:\/\/idea.gob.ve\/index.php\/wp-json\/wp\/v2\/categories?post=5500"},{"taxonomy":"post_tag","embeddable":true,"href":"https:\/\/idea.gob.ve\/index.php\/wp-json\/wp\/v2\/tags?post=5500"}],"curies":[{"name":"wp","href":"https:\/\/api.w.org\/{rel}","templated":true}]}}