{"id":5450,"date":"2025-06-06T09:40:08","date_gmt":"2025-06-06T13:40:08","guid":{"rendered":"https:\/\/idea.gob.ve\/?p=5450"},"modified":"2025-06-06T09:55:07","modified_gmt":"2025-06-06T13:55:07","slug":"en-la-fundacion-idea-estudian-el-potencial-de-biodegradacion-de-microplasticos-con-enzimas-fungicas","status":"publish","type":"post","link":"https:\/\/idea.gob.ve\/index.php\/2025\/06\/06\/en-la-fundacion-idea-estudian-el-potencial-de-biodegradacion-de-microplasticos-con-enzimas-fungicas\/","title":{"rendered":"En la Fundaci\u00f3n IDEA estudian el potencial de biodegradaci\u00f3n de micropl\u00e1sticos con enzimas f\u00fangicas"},"content":{"rendered":"\t\t<div data-elementor-type=\"wp-post\" data-elementor-id=\"5450\" class=\"elementor elementor-5450\" data-elementor-post-type=\"post\">\n\t\t\t\t\t\t\t\t\t<section class=\"elementor-section elementor-top-section elementor-element elementor-element-115bbfb elementor-section-boxed elementor-section-height-default elementor-section-height-default\" data-id=\"115bbfb\" data-element_type=\"section\">\n\t\t\t\t\t\t<div class=\"elementor-container elementor-column-gap-default\">\n\t\t\t\t\t<div class=\"elementor-column elementor-col-100 elementor-top-column elementor-element elementor-element-498336a3\" data-id=\"498336a3\" data-element_type=\"column\">\n\t\t\t<div class=\"elementor-widget-wrap elementor-element-populated\">\n\t\t\t\t\t\t\t\t<div class=\"elementor-element elementor-element-22c862d4 elementor-widget elementor-widget-text-editor\" data-id=\"22c862d4\" data-element_type=\"widget\" data-widget_type=\"text-editor.default\">\n\t\t\t\t<div class=\"elementor-widget-container\">\n\t\t\t\t\t\t\t<!-- wp:tadv\/classic-paragraph -->\n<p><strong>Prensa IDEA (06-06-2025).- <\/strong>Los micropl\u00e1sticos son peque\u00f1as part\u00edculas sint\u00e9ticas derivadas de pl\u00e1sticos o petr\u00f3leo, que son dif\u00edciles de eliminar debido a su diminuto tama\u00f1o, que provocan la\u00a0 contaminaci\u00f3n del medio marino, terrestre y se introducen en el cuerpo humano y de los animales. Es por ello que los investigadores de la Fundaci\u00f3n Instituto de Estudios Avanzados (IDEA) adelantan un proyecto de conversi\u00f3n enzim\u00e1tica para lograr la biodegradaci\u00f3n de micropl\u00e1sticos, a trav\u00e9s de enzimas f\u00fangicas.<\/p>\n<p>La ingeniera qu\u00edmico, Isabella M\u00e1rquez, integrante del equipo de investigadores de la\u00a0 Direcci\u00f3n de Energ\u00eda y Ambiente de la Fundaci\u00f3n IDEA, que participa en este proyecto, indic\u00f3 que la biotecnolog\u00eda permite aprovechar el potencial metab\u00f3lico de especies f\u00fangicas aut\u00f3ctonas venezolanas, para producir enzimas y prote\u00ednas capaces de degradar ciertos pl\u00e1sticos por cat\u00e1lisis enzim\u00e1tica.<\/p>\n<p>\u201cHay enzimas hidrolasas y oxidativas como las cutinasas o las lacasas que est\u00e1n presentes en muchos hongos de nuestro pa\u00eds, adaptados a vivir en sustratos recalcitrantes como los hidrocarburos. Esto es un indicio de su capacidad de degradar mol\u00e9culas qu\u00edmicas que no se consideraban biodisponibles como son las estructuras qu\u00edmicas de los pol\u00edmeros sint\u00e9ticos como el PET, utilizado para la elaboraci\u00f3n de envases y botellas, as\u00ed como el polietileno de alta y baja densidad, que se usa en las bolsas\u201d, dijo.<\/p>\n<p>M\u00e1rquez agreg\u00f3 que en esta investigaci\u00f3n han utilizado la espectroscop\u00eda infrarroja (FTIR) que mediante la t\u00e9cnica de\u00a0 reflectancia total atenuada (ATR), para analizar directamente la superficie del pl\u00e1stico observar en los espectros la disminuci\u00f3n de amplitud o intensidad de las bandas asociadas a ciertos grupos funcionales. Esto permite inferir, si la formaci\u00f3n o ruptura de los enlaces qu\u00edmicos en los pl\u00e1sticos coincide con los mecanismos de reacci\u00f3n de los sustratos empleados en la cat\u00e1lisis con estas enzimas.<\/p>\n<p>A\u00f1adi\u00f3, que gracias a la colaboraci\u00f3n con el Laboratorio de Pol\u00edmeros del Centro de Qu\u00edmica del Instituto Venezolano de Investigaciones Cient\u00edficas (IVIC), han realizado an\u00e1lisis termogravim\u00e9tricos y calorimetr\u00eda diferencial de barrido (TGA-DSC) para as\u00ed poder complementar las evidencias de cambios en las caracter\u00edsticas de los pl\u00e1sticos que fueron sometidos a ensayos de degradaci\u00f3n por cat\u00e1lisis enzim\u00e1tica.<\/p>\n<p>\u201cPara esta investigaci\u00f3n estamos usando como referencia enzimas lacasas naturales, pero tambi\u00e9n existen otras como las cutinasas o las enzimas mejoradas gen\u00e9ticamente o por t\u00e9cnicas recombinantes, que tienen capacidad oxidativa o hidrol\u00edtica, que permiten proponer y ensayar mecanismos qu\u00edmicos con la posibilidad de degradar distintas estructuras moleculares que son comunes en los pl\u00e1sticos\u201d, enfatiz\u00f3 la investigadora.<\/p>\n<p><strong>Contribuci\u00f3n al ambiente <\/strong><\/p>\n<p>La ingeniero Isabella M\u00e1rquez explic\u00f3 que los proyectos de biorremediacion contribuyen con el alcance de los ODS (Objetivos de Desarrollo Sostenible) descritos en el Programa de las Naciones Unidas para el Medio Ambiente (PNUMA), que aborda el cambio clim\u00e1tico y la adopci\u00f3n de nuevas tecnolog\u00edas amigables con el ambiente que disminuyan la huella de carbono, esta investigaci\u00f3n brinda un aporte en la implementaci\u00f3n de medidas mitigadoras de los contaminantes emergentes, por el uso de la biotecnolog\u00eda a trav\u00e9s de enzimas que se encuentran en microorganismos del pa\u00eds y presentan un aporte a posicionar a Venezuela en el desarrollo de investigaciones en biodegradaci\u00f3n de pl\u00e1sticos.<\/p>\n<p><strong>Texto: Hern\u00e1n Romero (Prensa IDEA)<\/strong><\/p>\n<p><strong>Fotos: C\u00e9sar Querales (Prensa IDEA) <br \/><\/strong><\/p>\n<p><img loading=\"lazy\" decoding=\"async\" class=\"alignnone wp-image-5454 size-full\" src=\"https:\/\/idea.gob.ve\/wp-content\/uploads\/2025\/06\/65896c21-2bda-498e-b7ec-29074522e68e.jpg\" alt=\"\" width=\"1600\" height=\"1066\" srcset=\"https:\/\/idea.gob.ve\/wp-content\/uploads\/2025\/06\/65896c21-2bda-498e-b7ec-29074522e68e.jpg 1600w, https:\/\/idea.gob.ve\/wp-content\/uploads\/2025\/06\/65896c21-2bda-498e-b7ec-29074522e68e-300x200.jpg 300w, https:\/\/idea.gob.ve\/wp-content\/uploads\/2025\/06\/65896c21-2bda-498e-b7ec-29074522e68e-1024x682.jpg 1024w, https:\/\/idea.gob.ve\/wp-content\/uploads\/2025\/06\/65896c21-2bda-498e-b7ec-29074522e68e-768x512.jpg 768w, https:\/\/idea.gob.ve\/wp-content\/uploads\/2025\/06\/65896c21-2bda-498e-b7ec-29074522e68e-1536x1023.jpg 1536w\" sizes=\"auto, (max-width: 1600px) 100vw, 1600px\" \/><\/p>\n<!-- \/wp:tadv\/classic-paragraph --><!-- wp:tadv\/classic-paragraph \/--><!-- wp:tadv\/classic-paragraph -->\n<p><strong><img loading=\"lazy\" decoding=\"async\" class=\"alignnone wp-image-5455 size-full\" src=\"https:\/\/idea.gob.ve\/wp-content\/uploads\/2025\/06\/5f7a574c-b741-4567-8f07-9e22f7019ddd.jpg\" alt=\"\" width=\"1600\" height=\"1066\" srcset=\"https:\/\/idea.gob.ve\/wp-content\/uploads\/2025\/06\/5f7a574c-b741-4567-8f07-9e22f7019ddd.jpg 1600w, https:\/\/idea.gob.ve\/wp-content\/uploads\/2025\/06\/5f7a574c-b741-4567-8f07-9e22f7019ddd-300x200.jpg 300w, https:\/\/idea.gob.ve\/wp-content\/uploads\/2025\/06\/5f7a574c-b741-4567-8f07-9e22f7019ddd-1024x682.jpg 1024w, https:\/\/idea.gob.ve\/wp-content\/uploads\/2025\/06\/5f7a574c-b741-4567-8f07-9e22f7019ddd-768x512.jpg 768w, https:\/\/idea.gob.ve\/wp-content\/uploads\/2025\/06\/5f7a574c-b741-4567-8f07-9e22f7019ddd-1536x1023.jpg 1536w\" sizes=\"auto, (max-width: 1600px) 100vw, 1600px\" \/>\u00a0<\/strong><\/p>\n<p>\u00a0<\/p>\n<!-- \/wp:tadv\/classic-paragraph -->\t\t\t\t\t\t<\/div>\n\t\t\t\t<\/div>\n\t\t\t\t\t<\/div>\n\t\t<\/div>\n\t\t\t\t\t\t\t<\/div>\n\t\t<\/section>\n\t\t\t\t\t\t\t<\/div>\n\t\t","protected":false},"excerpt":{"rendered":"<p>Prensa IDEA (06-06-2025).- Los micropl\u00e1sticos son peque\u00f1as part\u00edculas sint\u00e9ticas derivadas de pl\u00e1sticos o petr\u00f3leo, que son dif\u00edciles de eliminar debido a su diminuto tama\u00f1o, que provocan la\u00a0 contaminaci\u00f3n del medio [&hellip;]<\/p>\n","protected":false},"author":500,"featured_media":5451,"comment_status":"open","ping_status":"open","sticky":false,"template":"","format":"standard","meta":{"footnotes":""},"categories":[1],"tags":[],"class_list":["post-5450","post","type-post","status-publish","format-standard","has-post-thumbnail","hentry","category-sin-categoria"],"_links":{"self":[{"href":"https:\/\/idea.gob.ve\/index.php\/wp-json\/wp\/v2\/posts\/5450","targetHints":{"allow":["GET"]}}],"collection":[{"href":"https:\/\/idea.gob.ve\/index.php\/wp-json\/wp\/v2\/posts"}],"about":[{"href":"https:\/\/idea.gob.ve\/index.php\/wp-json\/wp\/v2\/types\/post"}],"author":[{"embeddable":true,"href":"https:\/\/idea.gob.ve\/index.php\/wp-json\/wp\/v2\/users\/500"}],"replies":[{"embeddable":true,"href":"https:\/\/idea.gob.ve\/index.php\/wp-json\/wp\/v2\/comments?post=5450"}],"version-history":[{"count":7,"href":"https:\/\/idea.gob.ve\/index.php\/wp-json\/wp\/v2\/posts\/5450\/revisions"}],"predecessor-version":[{"id":5461,"href":"https:\/\/idea.gob.ve\/index.php\/wp-json\/wp\/v2\/posts\/5450\/revisions\/5461"}],"wp:featuredmedia":[{"embeddable":true,"href":"https:\/\/idea.gob.ve\/index.php\/wp-json\/wp\/v2\/media\/5451"}],"wp:attachment":[{"href":"https:\/\/idea.gob.ve\/index.php\/wp-json\/wp\/v2\/media?parent=5450"}],"wp:term":[{"taxonomy":"category","embeddable":true,"href":"https:\/\/idea.gob.ve\/index.php\/wp-json\/wp\/v2\/categories?post=5450"},{"taxonomy":"post_tag","embeddable":true,"href":"https:\/\/idea.gob.ve\/index.php\/wp-json\/wp\/v2\/tags?post=5450"}],"curies":[{"name":"wp","href":"https:\/\/api.w.org\/{rel}","templated":true}]}}