{"id":5357,"date":"2025-05-30T04:26:41","date_gmt":"2025-05-30T08:26:41","guid":{"rendered":"https:\/\/idea.gob.ve\/?p=5357"},"modified":"2025-05-30T04:31:13","modified_gmt":"2025-05-30T08:31:13","slug":"investigadores-del-idea-estudian-microorganismos-biocontroladores-para-el-control-de-plagas-en-el-cacao","status":"publish","type":"post","link":"https:\/\/idea.gob.ve\/index.php\/2025\/05\/30\/investigadores-del-idea-estudian-microorganismos-biocontroladores-para-el-control-de-plagas-en-el-cacao\/","title":{"rendered":"Investigadores del IDEA estudian microorganismos biocontroladores para el control de plagas en el cacao"},"content":{"rendered":"\t\t<div data-elementor-type=\"wp-post\" data-elementor-id=\"5357\" class=\"elementor elementor-5357\" data-elementor-post-type=\"post\">\n\t\t\t\t\t\t\t\t\t<section class=\"elementor-section elementor-top-section elementor-element elementor-element-74530136 elementor-section-boxed elementor-section-height-default elementor-section-height-default\" data-id=\"74530136\" data-element_type=\"section\">\n\t\t\t\t\t\t<div class=\"elementor-container elementor-column-gap-default\">\n\t\t\t\t\t<div class=\"elementor-column elementor-col-100 elementor-top-column elementor-element elementor-element-4f300aa3\" data-id=\"4f300aa3\" data-element_type=\"column\">\n\t\t\t<div class=\"elementor-widget-wrap elementor-element-populated\">\n\t\t\t\t\t\t\t\t<div class=\"elementor-element elementor-element-6da8ffc0 elementor-widget elementor-widget-text-editor\" data-id=\"6da8ffc0\" data-element_type=\"widget\" data-widget_type=\"text-editor.default\">\n\t\t\t\t<div class=\"elementor-widget-container\">\n\t\t\t\t\t\t\t<!-- wp:tadv\/classic-paragraph \/-->\n<p>\u00a0<\/p>\n<!-- wp:tadv\/classic-paragraph -->\n<p><strong>Prensa IDEA\u00a0 (29-05-2025).-<\/strong>\u00a0 Con el objetivo de implementar buenas pr\u00e1cticas agr\u00edcolas, que contribuyan a establecer estrategias sostenibles de manejo y control de las plagas que afectan la producci\u00f3n cacaotera nacional, un equipo de investigadores de la Direcci\u00f3n de Agricultura y Soberan\u00eda Alimentaria (ASA) de la Fundaci\u00f3n Instituto de Estudios Avanzados (IDEA) eval\u00faan las potencialidades de microorganismos ben\u00e9ficos para controlar el par\u00e1sito Phytophthora palmivora\u00a0 causante de la mancha parda del cacao.<\/p>\n<p>El ingeniero Mat\u00edas Hern\u00e1ndez-Ru\u00edz, coordinador del Programa de Salud Agr\u00edcola Integral, adscrito al laboratorio de Microbiolog\u00eda, espec\u00edficamente en el \u00e1rea de Fitopatolog\u00eda de ASA inform\u00f3 que con esta investigaci\u00f3n persigue\u00a0 establecer estrategias de buenas pr\u00e1cticas agr\u00edcolas,\u00a0 con la incorporaci\u00f3n de algunos microorganismos biocontroladores, que ayuden a mitigar y controlar el impacto de\u00a0 Phytophthora palmivora, en las plantas de cacao a nivel de vivero.<\/p>\n<p>\u201cQueremos conocer cu\u00e1l es el efecto que tienen estos microorganismos sobre las plantas de cacao, que ayudan a fortalecer los mecanismos\u00a0 de\u00a0 defensa intr\u00ednsecos del cacao cuando es atacado por el Phytophthora palmivora\u201d, dijo.<\/p>\n<p>Explic\u00f3, que entre la sintomatolog\u00eda que presentan las plantas de cacao, con\u00a0 la\u00a0 enfermedad mancha parda, se observan\u00a0\u00a0 manchas marrones que aparecen principalmente en los frutos, pero este pat\u00f3geno tambi\u00e9n ataca las hojas, los chupones (que son los reto\u00f1os nuevos) y las ra\u00edces llegando a generar la muerte de la planta. Puede adem\u00e1s causar el llamado c\u00e1ncer de tronco.\u00a0<\/p>\n<p>\u201cSi el c\u00e1ncer est\u00e1 cercano a un coj\u00edn floral lo destruye por completo, disminuyendo as\u00ed la producci\u00f3n, si no hay flores no se forman los chireles, que generan el fruto y si no hay fruto no se dan las almendras y all\u00ed disminuye la producci\u00f3n de cacao\u201d, enfatiz\u00f3 Hern\u00e1ndez.\u00a0<\/p>\n<p>El ingeniero detall\u00f3 que para esta\u00a0 investigaci\u00f3n est\u00e1n tomando como referencia los microorganismos ben\u00e9ficos como el hongo Trichoderma, la bacteria del g\u00e9nero Bacillus y un in\u00f3culo de micorrizas arbusculares. Recalc\u00f3, que estos microorganismos est\u00e1n asociados con el sistema productivo de cacao. \u201cLa integraci\u00f3n de estos tres y la experiencia de la academia en todo el mundo ha demostrado que\u00a0 funcionan y que conceden algunas defensa a las plantas no s\u00f3lo a cacao sino adem\u00e1s a otros cultivos\u201d.<\/p>\n<p><strong>Alianzas con productores e instituciones<\/strong><\/p>\n<p>El investigador Mat\u00edas Hern\u00e1ndez coment\u00f3 que gracias al trabajo en conjunto entre el IDEA, el Centro Nacional de Investigaci\u00f3n Desarrollo e Innovaci\u00f3n del Cacao (CENIDIC) y los productores de la comunidad de Tapipa, ubicado en el municipio Acevedo del estado Miranda, tomar\u00e1n muestras\u00a0 de cacao para montar los ensayos y hacer la evaluaci\u00f3n con cada uno de los microorganismos ben\u00e9ficos.<\/p>\n<p>\u201cPretendemos poder llevar plantas de vivero\u00a0 m\u00e1s fortalecidas al campo, reduciendo el nivel de afectaci\u00f3n de esos pat\u00f3genos que influir\u00eda en tener un mayor n\u00famero de plantas sanas en las parcelas para los\u00a0 productores, lo que contribuir\u00eda a elevar los niveles productivos de cacao en esa zona en particular y quiz\u00e1s en todo el pa\u00eds\u201d, puntualiz\u00f3.<\/p>\n<p><strong>Texto: Hern\u00e1n Romero (Prensa IDEA)<\/strong><\/p>\n<p><strong>Fotos: C\u00e9sar Querales (Prensa IDEA) <br \/><\/strong><\/p>\n<p><img loading=\"lazy\" decoding=\"async\" class=\"alignnone wp-image-5360 size-full\" src=\"https:\/\/idea.gob.ve\/wp-content\/uploads\/2025\/05\/125.png\" alt=\"\" width=\"1600\" height=\"1066\" srcset=\"https:\/\/idea.gob.ve\/wp-content\/uploads\/2025\/05\/125.png 1600w, https:\/\/idea.gob.ve\/wp-content\/uploads\/2025\/05\/125-300x200.png 300w, https:\/\/idea.gob.ve\/wp-content\/uploads\/2025\/05\/125-1024x682.png 1024w, https:\/\/idea.gob.ve\/wp-content\/uploads\/2025\/05\/125-768x512.png 768w, https:\/\/idea.gob.ve\/wp-content\/uploads\/2025\/05\/125-1536x1023.png 1536w\" sizes=\"auto, (max-width: 1600px) 100vw, 1600px\" \/> <\/p>\n<p><img loading=\"lazy\" decoding=\"async\" class=\"alignnone wp-image-5362 size-full\" src=\"https:\/\/idea.gob.ve\/wp-content\/uploads\/2025\/05\/120.png\" alt=\"\" width=\"1600\" height=\"1066\" srcset=\"https:\/\/idea.gob.ve\/wp-content\/uploads\/2025\/05\/120.png 1600w, https:\/\/idea.gob.ve\/wp-content\/uploads\/2025\/05\/120-300x200.png 300w, https:\/\/idea.gob.ve\/wp-content\/uploads\/2025\/05\/120-1024x682.png 1024w, https:\/\/idea.gob.ve\/wp-content\/uploads\/2025\/05\/120-768x512.png 768w, https:\/\/idea.gob.ve\/wp-content\/uploads\/2025\/05\/120-1536x1023.png 1536w\" sizes=\"auto, (max-width: 1600px) 100vw, 1600px\" \/> <\/p>\n<p><img loading=\"lazy\" decoding=\"async\" class=\"alignnone wp-image-5363 size-full\" src=\"https:\/\/idea.gob.ve\/wp-content\/uploads\/2025\/05\/100.png\" alt=\"\" width=\"1600\" height=\"1066\" srcset=\"https:\/\/idea.gob.ve\/wp-content\/uploads\/2025\/05\/100.png 1600w, https:\/\/idea.gob.ve\/wp-content\/uploads\/2025\/05\/100-300x200.png 300w, https:\/\/idea.gob.ve\/wp-content\/uploads\/2025\/05\/100-1024x682.png 1024w, https:\/\/idea.gob.ve\/wp-content\/uploads\/2025\/05\/100-768x512.png 768w, https:\/\/idea.gob.ve\/wp-content\/uploads\/2025\/05\/100-1536x1023.png 1536w\" sizes=\"auto, (max-width: 1600px) 100vw, 1600px\" \/><\/p>\n<!-- \/wp:tadv\/classic-paragraph -->\t\t\t\t\t\t<\/div>\n\t\t\t\t<\/div>\n\t\t\t\t\t<\/div>\n\t\t<\/div>\n\t\t\t\t\t\t\t<\/div>\n\t\t<\/section>\n\t\t\t\t\t\t\t<\/div>\n\t\t","protected":false},"excerpt":{"rendered":"<p>\u00a0 Prensa IDEA\u00a0 (29-05-2025).-\u00a0 Con el objetivo de implementar buenas pr\u00e1cticas agr\u00edcolas, que contribuyan a establecer estrategias sostenibles de manejo y control de las plagas que afectan la producci\u00f3n cacaotera [&hellip;]<\/p>\n","protected":false},"author":500,"featured_media":5358,"comment_status":"open","ping_status":"open","sticky":false,"template":"","format":"standard","meta":{"footnotes":""},"categories":[1],"tags":[],"class_list":["post-5357","post","type-post","status-publish","format-standard","has-post-thumbnail","hentry","category-sin-categoria"],"_links":{"self":[{"href":"https:\/\/idea.gob.ve\/index.php\/wp-json\/wp\/v2\/posts\/5357","targetHints":{"allow":["GET"]}}],"collection":[{"href":"https:\/\/idea.gob.ve\/index.php\/wp-json\/wp\/v2\/posts"}],"about":[{"href":"https:\/\/idea.gob.ve\/index.php\/wp-json\/wp\/v2\/types\/post"}],"author":[{"embeddable":true,"href":"https:\/\/idea.gob.ve\/index.php\/wp-json\/wp\/v2\/users\/500"}],"replies":[{"embeddable":true,"href":"https:\/\/idea.gob.ve\/index.php\/wp-json\/wp\/v2\/comments?post=5357"}],"version-history":[{"count":4,"href":"https:\/\/idea.gob.ve\/index.php\/wp-json\/wp\/v2\/posts\/5357\/revisions"}],"predecessor-version":[{"id":5366,"href":"https:\/\/idea.gob.ve\/index.php\/wp-json\/wp\/v2\/posts\/5357\/revisions\/5366"}],"wp:featuredmedia":[{"embeddable":true,"href":"https:\/\/idea.gob.ve\/index.php\/wp-json\/wp\/v2\/media\/5358"}],"wp:attachment":[{"href":"https:\/\/idea.gob.ve\/index.php\/wp-json\/wp\/v2\/media?parent=5357"}],"wp:term":[{"taxonomy":"category","embeddable":true,"href":"https:\/\/idea.gob.ve\/index.php\/wp-json\/wp\/v2\/categories?post=5357"},{"taxonomy":"post_tag","embeddable":true,"href":"https:\/\/idea.gob.ve\/index.php\/wp-json\/wp\/v2\/tags?post=5357"}],"curies":[{"name":"wp","href":"https:\/\/api.w.org\/{rel}","templated":true}]}}