{"id":5284,"date":"2025-05-19T11:39:27","date_gmt":"2025-05-19T15:39:27","guid":{"rendered":"https:\/\/idea.gob.ve\/?p=5284"},"modified":"2025-05-19T11:41:38","modified_gmt":"2025-05-19T15:41:38","slug":"sencarmer-dicto-taller-sobre-infraestructura-de-la-calidad-y-certificacion-sello-norven-a-trabajadores-del-idea","status":"publish","type":"post","link":"https:\/\/idea.gob.ve\/index.php\/2025\/05\/19\/sencarmer-dicto-taller-sobre-infraestructura-de-la-calidad-y-certificacion-sello-norven-a-trabajadores-del-idea\/","title":{"rendered":"Sencarmer dict\u00f3 taller sobre Infraestructura de la Calidad y Certificaci\u00f3n Sello Norven a trabajadores del IDEA"},"content":{"rendered":"\t\t<div data-elementor-type=\"wp-post\" data-elementor-id=\"5284\" class=\"elementor elementor-5284\" data-elementor-post-type=\"post\">\n\t\t\t\t\t\t\t\t\t<section class=\"elementor-section elementor-top-section elementor-element elementor-element-756d88f5 elementor-section-boxed elementor-section-height-default elementor-section-height-default\" data-id=\"756d88f5\" data-element_type=\"section\">\n\t\t\t\t\t\t<div class=\"elementor-container elementor-column-gap-default\">\n\t\t\t\t\t<div class=\"elementor-column elementor-col-100 elementor-top-column elementor-element elementor-element-63ecacb7\" data-id=\"63ecacb7\" data-element_type=\"column\">\n\t\t\t<div class=\"elementor-widget-wrap elementor-element-populated\">\n\t\t\t\t\t\t\t\t<div class=\"elementor-element elementor-element-693cdd4b elementor-widget elementor-widget-text-editor\" data-id=\"693cdd4b\" data-element_type=\"widget\" data-widget_type=\"text-editor.default\">\n\t\t\t\t<div class=\"elementor-widget-container\">\n\t\t\t\t\t\t\t<!-- wp:tadv\/classic-paragraph -->\n<p><strong>\u00a0<\/strong><\/p>\n<p><strong>\u00a0<\/strong><strong>Prensa IDEA (18-05-25)<\/strong> Como parte del Plan de Sensibilizaci\u00f3n en Cultura de la Calidad que promueve la Fundaci\u00f3n Instituto de Estudios Avanzados (IDEA) este viernes se realiz\u00f3 el taller de Infraestructura de la Calidad y Certificaci\u00f3n Sello Norven, dirigido a los trabajadores e investigadores de las diferentes \u00e1reas sustantivas de esta instituci\u00f3n, el cual fue dictado por el personal del Servicio Desconcentrado de Normalizaci\u00f3n, Calidad, Metrolog\u00eda y Reglamentos T\u00e9cnicos (Sencamer).<\/p>\n<p>La instrucci\u00f3n estuvo a cargo de Jes\u00fas Perdomo, director del Centro de Estudios de Sencamer, quien explic\u00f3 que la infraestructura de la calidad comprende una red interconectada de elementos, que garantizan que los productos y servicios cumplan con est\u00e1ndares espec\u00edficos de calidad, seguridad y desempe\u00f1o.<\/p>\n<p>Precis\u00f3, que la infraestructura de la calidad se compone de seis subsistemas: Certificaci\u00f3n, Acreditaci\u00f3n, Reglamento t\u00e9cnicos, Metrolog\u00eda, Ensayos y Normalizaci\u00f3n. Adem\u00e1s, est\u00e1n amparados en los art\u00edculos 117 y 156 de la Constituci\u00f3n de la Rep\u00fablica Bolivariana de Venezuela (CRBV), la Ley Org\u00e1nica del Sistema Venezolano para la Calidad, el Decreto Ley de Metrolog\u00eda, la Ley de Normas T\u00e9cnicas y Control de Calidad.<\/p>\n<p>\u201cEs muy importante que el personal de esta instituci\u00f3n conozca sobre la infraestructura de la calidad, para que puedan optar a la certificaci\u00f3n y la valoraci\u00f3n de sus procesos de innovaci\u00f3n, de acuerdo con el cumplimiento de las normativas nacionales e internacionales vinculadas con la calidad en Venezuela\u201d, dijo.<\/p>\n<p>Asimismo, el ingeniero Pedro Blanco, director de Gesti\u00f3n de la Calidad de Sencamer mencion\u00f3 que el uso de marca Sello Norven es la m\u00e1xima distinci\u00f3n de calidad que otorga el Estado venezolano. Las instituciones y organizaciones que deseen obtener este sello deben cumplir con los requerimientos establecidos dentro de las normativas y requisitos legales contemplados en la Resoluci\u00f3n 017\/2024, publicada en Gaceta Oficial N\u00b0 42.830 de fecha 01\/03\/2024.<\/p>\n<p>A\u00f1adi\u00f3, que adem\u00e1s de los procesos de certificaci\u00f3n, Sencamer tambi\u00e9n cuenta con el proceso de acreditaci\u00f3n, que es el reconocimiento de competencias t\u00e9cnicas tanto en laboratorios cl\u00ednicos como de ensayos, para prestar servicios a terceros.<\/p>\n<p>Cabe destacar, que esta actividad formativa dirigida a los trabajadores del IDEA, es uno de los objetivos espec\u00edficos del proyecto \u201cDesarrollo de un sistema de documentaci\u00f3n como requisito previo a la implementaci\u00f3n de un sistema de gesti\u00f3n de la calidad para el \u00e1rea sustantiva de salud de la Fundaci\u00f3n IDEA\u201d, que est\u00e1 a cargo de la ingeniera\u00a0 Evelyn Arias, adscrita a la Direcci\u00f3n de Salud.<\/p>\n<p><strong>Texto: Hern\u00e1n Romero (Prensa IDEA).<\/strong><\/p>\n<p><strong>Fotos: C\u00e9sar Querales (Prensa IDEA) <br \/><\/strong><\/p>\n<p><img loading=\"lazy\" decoding=\"async\" class=\"alignnone wp-image-5287 size-full\" src=\"https:\/\/idea.gob.ve\/wp-content\/uploads\/2025\/05\/051.jpg\" alt=\"\" width=\"1600\" height=\"1066\" srcset=\"https:\/\/idea.gob.ve\/wp-content\/uploads\/2025\/05\/051.jpg 1600w, https:\/\/idea.gob.ve\/wp-content\/uploads\/2025\/05\/051-300x200.jpg 300w, https:\/\/idea.gob.ve\/wp-content\/uploads\/2025\/05\/051-1024x682.jpg 1024w, https:\/\/idea.gob.ve\/wp-content\/uploads\/2025\/05\/051-768x512.jpg 768w, https:\/\/idea.gob.ve\/wp-content\/uploads\/2025\/05\/051-1536x1023.jpg 1536w\" sizes=\"auto, (max-width: 1600px) 100vw, 1600px\" \/> <\/p>\n<p><img loading=\"lazy\" decoding=\"async\" class=\"alignnone wp-image-5288 size-full\" src=\"https:\/\/idea.gob.ve\/wp-content\/uploads\/2025\/05\/054.jpg\" alt=\"\" width=\"1600\" height=\"1066\" srcset=\"https:\/\/idea.gob.ve\/wp-content\/uploads\/2025\/05\/054.jpg 1600w, https:\/\/idea.gob.ve\/wp-content\/uploads\/2025\/05\/054-300x200.jpg 300w, https:\/\/idea.gob.ve\/wp-content\/uploads\/2025\/05\/054-1024x682.jpg 1024w, https:\/\/idea.gob.ve\/wp-content\/uploads\/2025\/05\/054-768x512.jpg 768w, https:\/\/idea.gob.ve\/wp-content\/uploads\/2025\/05\/054-1536x1023.jpg 1536w\" sizes=\"auto, (max-width: 1600px) 100vw, 1600px\" \/> <\/p>\n<p><img loading=\"lazy\" decoding=\"async\" class=\"alignnone wp-image-5289 size-full\" src=\"https:\/\/idea.gob.ve\/wp-content\/uploads\/2025\/05\/053.jpg\" alt=\"\" width=\"1600\" height=\"1066\" srcset=\"https:\/\/idea.gob.ve\/wp-content\/uploads\/2025\/05\/053.jpg 1600w, https:\/\/idea.gob.ve\/wp-content\/uploads\/2025\/05\/053-300x200.jpg 300w, https:\/\/idea.gob.ve\/wp-content\/uploads\/2025\/05\/053-1024x682.jpg 1024w, https:\/\/idea.gob.ve\/wp-content\/uploads\/2025\/05\/053-768x512.jpg 768w, https:\/\/idea.gob.ve\/wp-content\/uploads\/2025\/05\/053-1536x1023.jpg 1536w\" sizes=\"auto, (max-width: 1600px) 100vw, 1600px\" \/><\/p>\n<p><strong>\u00a0<\/strong><\/p>\n<!-- \/wp:tadv\/classic-paragraph -->\t\t\t\t\t\t<\/div>\n\t\t\t\t<\/div>\n\t\t\t\t\t<\/div>\n\t\t<\/div>\n\t\t\t\t\t\t\t<\/div>\n\t\t<\/section>\n\t\t\t\t\t\t\t<\/div>\n\t\t","protected":false},"excerpt":{"rendered":"<p>\u00a0 \u00a0Prensa IDEA (18-05-25) Como parte del Plan de Sensibilizaci\u00f3n en Cultura de la Calidad que promueve la Fundaci\u00f3n Instituto de Estudios Avanzados (IDEA) este viernes se realiz\u00f3 el taller [&hellip;]<\/p>\n","protected":false},"author":500,"featured_media":5285,"comment_status":"open","ping_status":"open","sticky":false,"template":"","format":"standard","meta":{"footnotes":""},"categories":[1],"tags":[],"class_list":["post-5284","post","type-post","status-publish","format-standard","has-post-thumbnail","hentry","category-sin-categoria"],"_links":{"self":[{"href":"https:\/\/idea.gob.ve\/index.php\/wp-json\/wp\/v2\/posts\/5284","targetHints":{"allow":["GET"]}}],"collection":[{"href":"https:\/\/idea.gob.ve\/index.php\/wp-json\/wp\/v2\/posts"}],"about":[{"href":"https:\/\/idea.gob.ve\/index.php\/wp-json\/wp\/v2\/types\/post"}],"author":[{"embeddable":true,"href":"https:\/\/idea.gob.ve\/index.php\/wp-json\/wp\/v2\/users\/500"}],"replies":[{"embeddable":true,"href":"https:\/\/idea.gob.ve\/index.php\/wp-json\/wp\/v2\/comments?post=5284"}],"version-history":[{"count":4,"href":"https:\/\/idea.gob.ve\/index.php\/wp-json\/wp\/v2\/posts\/5284\/revisions"}],"predecessor-version":[{"id":5292,"href":"https:\/\/idea.gob.ve\/index.php\/wp-json\/wp\/v2\/posts\/5284\/revisions\/5292"}],"wp:featuredmedia":[{"embeddable":true,"href":"https:\/\/idea.gob.ve\/index.php\/wp-json\/wp\/v2\/media\/5285"}],"wp:attachment":[{"href":"https:\/\/idea.gob.ve\/index.php\/wp-json\/wp\/v2\/media?parent=5284"}],"wp:term":[{"taxonomy":"category","embeddable":true,"href":"https:\/\/idea.gob.ve\/index.php\/wp-json\/wp\/v2\/categories?post=5284"},{"taxonomy":"post_tag","embeddable":true,"href":"https:\/\/idea.gob.ve\/index.php\/wp-json\/wp\/v2\/tags?post=5284"}],"curies":[{"name":"wp","href":"https:\/\/api.w.org\/{rel}","templated":true}]}}