{"id":4985,"date":"2025-03-11T12:06:17","date_gmt":"2025-03-11T16:06:17","guid":{"rendered":"https:\/\/idea.gob.ve\/?p=4985"},"modified":"2025-03-11T12:35:58","modified_gmt":"2025-03-11T16:35:58","slug":"destacaran-nuevos-valores-del-patrimonio-cultural-desde-la-mirada-de-las-mujeres-de-galipan","status":"publish","type":"post","link":"https:\/\/idea.gob.ve\/index.php\/2025\/03\/11\/destacaran-nuevos-valores-del-patrimonio-cultural-desde-la-mirada-de-las-mujeres-de-galipan\/","title":{"rendered":"Investigadores del Idea destacar\u00e1n nuevos valores del patrimonio cultural de las mujeres de Galip\u00e1n"},"content":{"rendered":"\t\t<div data-elementor-type=\"wp-post\" data-elementor-id=\"4985\" class=\"elementor elementor-4985\" data-elementor-post-type=\"post\">\n\t\t\t\t\t\t\t\t\t<section class=\"elementor-section elementor-top-section elementor-element elementor-element-26345240 elementor-section-boxed elementor-section-height-default elementor-section-height-default\" data-id=\"26345240\" data-element_type=\"section\">\n\t\t\t\t\t\t<div class=\"elementor-container elementor-column-gap-default\">\n\t\t\t\t\t<div class=\"elementor-column elementor-col-100 elementor-top-column elementor-element elementor-element-285d2a85\" data-id=\"285d2a85\" data-element_type=\"column\">\n\t\t\t<div class=\"elementor-widget-wrap elementor-element-populated\">\n\t\t\t\t\t\t\t\t<div class=\"elementor-element elementor-element-74de3887 elementor-widget elementor-widget-text-editor\" data-id=\"74de3887\" data-element_type=\"widget\" data-widget_type=\"text-editor.default\">\n\t\t\t\t<div class=\"elementor-widget-container\">\n\t\t\t\t\t\t\t<!-- wp:tadv\/classic-paragraph -->\n<p><strong>Prensa IDEA (11-03-2025).<\/strong>&#8211;\u00a0 En cada pueblo de Venezuela existen personajes importantes, quienes con su hacer han propiciado el arraigo por la identidad local y la preservaci\u00f3n de los valores culturales; las mujeres a trav\u00e9s de su saberes y el poder de la palabra transmiten a sus hijos, hijas, nietos, nietas y dem\u00e1s familiares las creencias, tradiciones y relatos hist\u00f3ricos, que forman parte de la idiosincrasia de una comunidad o poblado.<\/p>\n<p>Ante la relevancia del rol que juegan las mujeres en la conservaci\u00f3n de las tradiciones familiares en sus comunidades, como portadoras y transmisoras del patrimonio cultural, los investigadores de la Direcci\u00f3n de Sociopol\u00edtica y Cultura de la Fundaci\u00f3n Instituto de Estudios Avanzados (IDEA), se han propuesto desarrollar una investigaci\u00f3n titulada <strong><em>\u201cNuevos Valores del patrimonio cultural desde la mirada de la mujer galipanera<\/em><\/strong>\u201d.<\/p>\n<p>La acad\u00e9mica e investigadora, Dionys Rivas Armas, inform\u00f3 que en este proyecto tambi\u00e9n participan la Dra. Fabiola Velasco, Jos\u00e9 Gregorio Aguiar, PhD y el Dr. Jack Bravo, quienes en un trabajo articulado se han propuesto interpretar la percepci\u00f3n y visi\u00f3n que tiene la mujer galipanera, sobre los nuevos valores patrimoniales en su entorno socio-comunitario, para develarlos, mostrarlos y socializarlos.<\/p>\n<p>\u201cEn el a\u00f1o 2017 hicimos una aproximaci\u00f3n investigativa en Galip\u00e1n, pero estuvo enfocada al tema patrimonial desde el desarrollo sostenible de este territorio a trav\u00e9s del turismo. Desde esta primera mirada, nos dimos cuenta que en Galip\u00e1n hay otros elementos que sus tesoros vivos han preservado en el tiempo y que resguardan a trav\u00e9s del poder de la palabra y las pr\u00e1cticas de vida. Por ello, nos propusimos desarrollar esta investigaci\u00f3n basada en el arqueo bibliogr\u00e1fico-documental, pero con relevancia al trabajo de campo, desarrollando encuentros conversacionales y de saberes con las mujeres, porque son referente de memoria e identidad en este pueblo\u201d, dijo.<\/p>\n<p>Agreg\u00f3, que desde el punto de vista social y comunitario, se ido tejiendo un v\u00ednculo entre los habitantes de los pueblos de San Francisco, San Jos\u00e9, San Antonio, San Isidro y Manzanares de Galip\u00e1n, quienes a pesar de la distancia geogr\u00e1fica, su gente tiene como elemento intr\u00ednseco de relaci\u00f3n la solidaridad, la ayuda mutua y la cooperaci\u00f3n entre las familias galipaneras.\u00a0<\/p>\n<p>Asimismo, destac\u00f3 que el aspecto socio-productivo de las mujeres de Galip\u00e1n prevalece, porque se han ido apropiado del saber y\u00a0 la producci\u00f3n agr\u00edcola, ya que son las encargadas de preservar la tierra, la naturaleza y lo transmiten de generaci\u00f3n en generaci\u00f3n a sus parientes.\u00a0<\/p>\n<p>\u201cEse v\u00ednculo social, familiar, espacial, territorial y espiritual est\u00e1 presente en las mujeres de Galip\u00e1n y es uno de los nuevos elementos patrimoniales que hemos descifrado en esta investigaci\u00f3n, porque las familias de estos pueblos han buscado la manera de que estos espacios sean preservados en el tiempo, como legado para entregar a sus hijos e hijas, priorizando la producci\u00f3n y el cuido de la tierra a sus propios habitantes\u201d, acot\u00f3.<\/p>\n<p>La investigadora agreg\u00f3, que en torno a la esencia viva est\u00e1n investigando los personajes m\u00e1s relevantes de los pueblos de Galip\u00e1n,\u00a0 como los curanderos, las parteras y los patrimonios vivos, para ir reconstruyendo la historia de Galip\u00e1n, sobre sus primeros pobladores, porque muchos indican que estos terrenos fueron ocupados por europeos, principalmnete espa\u00f1oles e italianos.<\/p>\n<p>\u201cEn cuanto a la transmisi\u00f3n de los valores, un elemento patrimonial que hemos develado, es la apropiaci\u00f3n por el trabajo colectivo de la tierra que viene desde el n\u00facleo familiar\u201d, dijo.<\/p>\n<p>Finalmente la investigadora mencion\u00f3 que este proyecto generar\u00e1 algunos productos como el encuentro de saberes con las mujeres de los pueblos de Galip\u00e1n, para dar conocer todo los logros y alcances. Asimismo, esperan socializar esta experiencia investigativa en otros espacios e instituciones, a trav\u00e9s de conversatorios para replicar esta experiencia, as\u00ed como la proyecci\u00f3n de contenidos audiovisuales. Adem\u00e1s, pretenden realizar un ensayo escrito o art\u00edculo arbitrado que pueda ser publicado en una revista cient\u00edfica venezolana.<\/p>\n<p><strong>Texto : Hern\u00e1n Romero (Prensa IDEA)<\/strong><\/p>\n<p><strong>Fotos: Cortes\u00eda <br \/><\/strong><\/p>\n<p><img loading=\"lazy\" decoding=\"async\" class=\"alignnone wp-image-4988 size-full\" src=\"https:\/\/idea.gob.ve\/wp-content\/uploads\/2025\/03\/404040.jpg\" alt=\"\" width=\"1600\" height=\"1200\" srcset=\"https:\/\/idea.gob.ve\/wp-content\/uploads\/2025\/03\/404040.jpg 1600w, https:\/\/idea.gob.ve\/wp-content\/uploads\/2025\/03\/404040-300x225.jpg 300w, https:\/\/idea.gob.ve\/wp-content\/uploads\/2025\/03\/404040-1024x768.jpg 1024w, https:\/\/idea.gob.ve\/wp-content\/uploads\/2025\/03\/404040-768x576.jpg 768w, https:\/\/idea.gob.ve\/wp-content\/uploads\/2025\/03\/404040-1536x1152.jpg 1536w\" sizes=\"auto, (max-width: 1600px) 100vw, 1600px\" \/><\/p>\n<p><img loading=\"lazy\" decoding=\"async\" class=\"alignnone wp-image-4989 size-full\" src=\"https:\/\/idea.gob.ve\/wp-content\/uploads\/2025\/03\/a94d0e9c-1674-4579-ae5b-085cf18287c9.jpg\" alt=\"\" width=\"1600\" height=\"1200\" srcset=\"https:\/\/idea.gob.ve\/wp-content\/uploads\/2025\/03\/a94d0e9c-1674-4579-ae5b-085cf18287c9.jpg 1600w, https:\/\/idea.gob.ve\/wp-content\/uploads\/2025\/03\/a94d0e9c-1674-4579-ae5b-085cf18287c9-300x225.jpg 300w, https:\/\/idea.gob.ve\/wp-content\/uploads\/2025\/03\/a94d0e9c-1674-4579-ae5b-085cf18287c9-1024x768.jpg 1024w, https:\/\/idea.gob.ve\/wp-content\/uploads\/2025\/03\/a94d0e9c-1674-4579-ae5b-085cf18287c9-768x576.jpg 768w, https:\/\/idea.gob.ve\/wp-content\/uploads\/2025\/03\/a94d0e9c-1674-4579-ae5b-085cf18287c9-1536x1152.jpg 1536w\" sizes=\"auto, (max-width: 1600px) 100vw, 1600px\" \/><\/p>\n<p><img loading=\"lazy\" decoding=\"async\" class=\"alignnone wp-image-4991 size-full\" src=\"https:\/\/idea.gob.ve\/wp-content\/uploads\/2025\/03\/61767a47-85c9-4d7c-ba43-be88232eeb07.jpg\" alt=\"\" width=\"1600\" height=\"1200\" srcset=\"https:\/\/idea.gob.ve\/wp-content\/uploads\/2025\/03\/61767a47-85c9-4d7c-ba43-be88232eeb07.jpg 1600w, https:\/\/idea.gob.ve\/wp-content\/uploads\/2025\/03\/61767a47-85c9-4d7c-ba43-be88232eeb07-300x225.jpg 300w, https:\/\/idea.gob.ve\/wp-content\/uploads\/2025\/03\/61767a47-85c9-4d7c-ba43-be88232eeb07-1024x768.jpg 1024w, https:\/\/idea.gob.ve\/wp-content\/uploads\/2025\/03\/61767a47-85c9-4d7c-ba43-be88232eeb07-768x576.jpg 768w, https:\/\/idea.gob.ve\/wp-content\/uploads\/2025\/03\/61767a47-85c9-4d7c-ba43-be88232eeb07-1536x1152.jpg 1536w\" sizes=\"auto, (max-width: 1600px) 100vw, 1600px\" \/><\/p>\n<p><strong>\u00a0<\/strong><\/p>\n<p><strong>\u00a0<\/strong><\/p>\n<p><strong>\u00a0<\/strong><\/p>\n<!-- \/wp:tadv\/classic-paragraph -->\t\t\t\t\t\t<\/div>\n\t\t\t\t<\/div>\n\t\t\t\t\t<\/div>\n\t\t<\/div>\n\t\t\t\t\t\t\t<\/div>\n\t\t<\/section>\n\t\t\t\t\t\t\t<\/div>\n\t\t","protected":false},"excerpt":{"rendered":"<p>Prensa IDEA (11-03-2025).&#8211;\u00a0 En cada pueblo de Venezuela existen personajes importantes, quienes con su hacer han propiciado el arraigo por la identidad local y la preservaci\u00f3n de los valores culturales; [&hellip;]<\/p>\n","protected":false},"author":500,"featured_media":4986,"comment_status":"open","ping_status":"open","sticky":false,"template":"","format":"standard","meta":{"footnotes":""},"categories":[1],"tags":[],"class_list":["post-4985","post","type-post","status-publish","format-standard","has-post-thumbnail","hentry","category-sin-categoria"],"_links":{"self":[{"href":"https:\/\/idea.gob.ve\/index.php\/wp-json\/wp\/v2\/posts\/4985","targetHints":{"allow":["GET"]}}],"collection":[{"href":"https:\/\/idea.gob.ve\/index.php\/wp-json\/wp\/v2\/posts"}],"about":[{"href":"https:\/\/idea.gob.ve\/index.php\/wp-json\/wp\/v2\/types\/post"}],"author":[{"embeddable":true,"href":"https:\/\/idea.gob.ve\/index.php\/wp-json\/wp\/v2\/users\/500"}],"replies":[{"embeddable":true,"href":"https:\/\/idea.gob.ve\/index.php\/wp-json\/wp\/v2\/comments?post=4985"}],"version-history":[{"count":11,"href":"https:\/\/idea.gob.ve\/index.php\/wp-json\/wp\/v2\/posts\/4985\/revisions"}],"predecessor-version":[{"id":5003,"href":"https:\/\/idea.gob.ve\/index.php\/wp-json\/wp\/v2\/posts\/4985\/revisions\/5003"}],"wp:featuredmedia":[{"embeddable":true,"href":"https:\/\/idea.gob.ve\/index.php\/wp-json\/wp\/v2\/media\/4986"}],"wp:attachment":[{"href":"https:\/\/idea.gob.ve\/index.php\/wp-json\/wp\/v2\/media?parent=4985"}],"wp:term":[{"taxonomy":"category","embeddable":true,"href":"https:\/\/idea.gob.ve\/index.php\/wp-json\/wp\/v2\/categories?post=4985"},{"taxonomy":"post_tag","embeddable":true,"href":"https:\/\/idea.gob.ve\/index.php\/wp-json\/wp\/v2\/tags?post=4985"}],"curies":[{"name":"wp","href":"https:\/\/api.w.org\/{rel}","templated":true}]}}