{"id":4956,"date":"2025-03-07T09:30:36","date_gmt":"2025-03-07T13:30:36","guid":{"rendered":"https:\/\/idea.gob.ve\/?p=4956"},"modified":"2025-03-07T09:35:47","modified_gmt":"2025-03-07T13:35:47","slug":"presentan-computadora-biologica-cl1-que-funciona-con-neuronas-reales","status":"publish","type":"post","link":"https:\/\/idea.gob.ve\/index.php\/2025\/03\/07\/presentan-computadora-biologica-cl1-que-funciona-con-neuronas-reales\/","title":{"rendered":"Presentan computadora biol\u00f3gica CL1 que funciona con neuronas reales"},"content":{"rendered":"\t\t<div data-elementor-type=\"wp-post\" data-elementor-id=\"4956\" class=\"elementor elementor-4956\" data-elementor-post-type=\"post\">\n\t\t\t\t\t\t\t\t\t<section class=\"elementor-section elementor-top-section elementor-element elementor-element-18cfd0d3 elementor-section-boxed elementor-section-height-default elementor-section-height-default\" data-id=\"18cfd0d3\" data-element_type=\"section\">\n\t\t\t\t\t\t<div class=\"elementor-container elementor-column-gap-default\">\n\t\t\t\t\t<div class=\"elementor-column elementor-col-100 elementor-top-column elementor-element elementor-element-2dff7b10\" data-id=\"2dff7b10\" data-element_type=\"column\">\n\t\t\t<div class=\"elementor-widget-wrap elementor-element-populated\">\n\t\t\t\t\t\t\t\t<div class=\"elementor-element elementor-element-1a004aa elementor-widget elementor-widget-text-editor\" data-id=\"1a004aa\" data-element_type=\"widget\" data-widget_type=\"text-editor.default\">\n\t\t\t\t<div class=\"elementor-widget-container\">\n\t\t\t\t\t\t\t<!-- wp:tadv\/classic-paragraph \/-->\n<p>\u00a0<\/p>\n<!-- wp:tadv\/classic-paragraph -->\n<p><strong>Prensa IDEA (07-03-2025).- <\/strong>Los avances cient\u00edficos y tecnol\u00f3gicos siguen a la vanguardia de la sociedad de la comunicaci\u00f3n e informaci\u00f3n, al innovar con la creaci\u00f3n de equipos inform\u00e1ticos, uno de ellos es la primera computadora biol\u00f3gica comercial del mundo, denominado CL1, presentada por la compa\u00f1\u00eda australiana, Cortical Labs.<\/p>\n<p>Durante la Mobile World Congress (MWC), que se desarrolla en Barcelona, Espa\u00f1a, escenario propicio para exponer las innovaciones tecnol\u00f3gicas, los desarrolladores del CL1 han informado que \u00e9sta es capaz de procesar informaci\u00f3n mediante neuronas reales cultivadas a partir de c\u00e9lulas madre humanas.<\/p>\n<p>Precisaron, que su funcionamiento se basa en un sistema de Inteligencia Biol\u00f3gica Sint\u00e9tica (SBI, por sus siglas en ingl\u00e9s) que integra, sobre un chip de silicio, c\u00e9lulas neuronales humanas trabajadas en laboratorio, las cuales son capaces de adaptarse al entorno y formar conexiones de manera aut\u00f3noma.<\/p>\n<p>Adem\u00e1s, su dise\u00f1o promete ser m\u00e1s din\u00e1mico, sostenible y eficiente en el consumo de energ\u00eda, en comparaci\u00f3n con los chips de silicio empleados, actualmente, en modelos de inteligencia artificial (IA) de \u00faltima generaci\u00f3n y este avance es resultado de progresos en nanobiotecnolog\u00eda, que han permitido la manipulaci\u00f3n de estructuras biol\u00f3gicas para el procesamiento y almacenamiento de informaci\u00f3n.<\/p>\n<p>El microprocesador del CL1, act\u00faa como una interfaz que recibe, interpreta y env\u00eda impulsos el\u00e9ctricos a las neuronas, lo que permite la comunicaci\u00f3n bidireccional entre los componentes biol\u00f3gicos y el hardware. Este proceso es posible gracias a biOS, un sistema operativo \u00fanico en su tipo que ejecuta un mundo simulado y transmite informaci\u00f3n a las neuronas sobre este entorno artificial.<\/p>\n<p><strong>Ayudar\u00e1\u00a0 a comprender informaci\u00f3n neuronal <\/strong><\/p>\n<p>Representantes de la\u00a0 compa\u00f1\u00eda australiana, Cortical Labs informaron que el objetivo principal de esta computadora biol\u00f3gica es servir como herramienta de investigaci\u00f3n que ayudar\u00e1 a los cient\u00edficos a comprender mejor el procesamiento de informaci\u00f3n neuronal y estudiar el aprendizaje en tiempo real.<\/p>\n<p>Si bien no est\u00e1 dise\u00f1ada, para el uso dom\u00e9stico ni busca competir con computadoras tradicionales, el CL1 podr\u00eda revolucionar la investigaci\u00f3n acerca de las enfermedades neurodegenerativas y cognitivas.<\/p>\n<p>Asimismo, su bajo consumo energ\u00e9tico lo convierte en una alternativa m\u00e1s sustentable para ciertos tipos de c\u00e1lculo, consolidando su posici\u00f3n como una herramienta clave en la exploraci\u00f3n de nuevas fronteras en el mundo de la computaci\u00f3n.<\/p>\n<p><strong>Texto: Prensa IDEA<\/strong><\/p>\n<p><strong>Fotos: Cortes\u00eda <br \/><\/strong><\/p>\n<p><img loading=\"lazy\" decoding=\"async\" class=\"alignnone wp-image-4959 size-full\" src=\"https:\/\/idea.gob.ve\/wp-content\/uploads\/2025\/03\/1a53a1ec-840c-4c59-a533-bce76ef00ba4-e1741354537731.jpg\" alt=\"\" width=\"1210\" height=\"964\" srcset=\"https:\/\/idea.gob.ve\/wp-content\/uploads\/2025\/03\/1a53a1ec-840c-4c59-a533-bce76ef00ba4-e1741354537731.jpg 1210w, https:\/\/idea.gob.ve\/wp-content\/uploads\/2025\/03\/1a53a1ec-840c-4c59-a533-bce76ef00ba4-e1741354537731-300x239.jpg 300w, https:\/\/idea.gob.ve\/wp-content\/uploads\/2025\/03\/1a53a1ec-840c-4c59-a533-bce76ef00ba4-e1741354537731-1024x816.jpg 1024w, https:\/\/idea.gob.ve\/wp-content\/uploads\/2025\/03\/1a53a1ec-840c-4c59-a533-bce76ef00ba4-e1741354537731-768x612.jpg 768w\" sizes=\"auto, (max-width: 1210px) 100vw, 1210px\" \/><\/p>\n<p><img loading=\"lazy\" decoding=\"async\" class=\"alignnone wp-image-4960 size-full\" src=\"https:\/\/idea.gob.ve\/wp-content\/uploads\/2025\/03\/c3ad222e-c5b4-49a7-a699-036810e83607.jpg\" alt=\"\" width=\"1080\" height=\"520\" srcset=\"https:\/\/idea.gob.ve\/wp-content\/uploads\/2025\/03\/c3ad222e-c5b4-49a7-a699-036810e83607.jpg 1080w, https:\/\/idea.gob.ve\/wp-content\/uploads\/2025\/03\/c3ad222e-c5b4-49a7-a699-036810e83607-300x144.jpg 300w, https:\/\/idea.gob.ve\/wp-content\/uploads\/2025\/03\/c3ad222e-c5b4-49a7-a699-036810e83607-1024x493.jpg 1024w, https:\/\/idea.gob.ve\/wp-content\/uploads\/2025\/03\/c3ad222e-c5b4-49a7-a699-036810e83607-768x370.jpg 768w\" sizes=\"auto, (max-width: 1080px) 100vw, 1080px\" \/><\/p>\n<p>\u00a0<\/p>\n<p>\u00a0<\/p>\n<!-- \/wp:tadv\/classic-paragraph --><!-- wp:tadv\/classic-paragraph \/-->\t\t\t\t\t\t<\/div>\n\t\t\t\t<\/div>\n\t\t\t\t\t<\/div>\n\t\t<\/div>\n\t\t\t\t\t\t\t<\/div>\n\t\t<\/section>\n\t\t\t\t\t\t\t<\/div>\n\t\t","protected":false},"excerpt":{"rendered":"<p>\u00a0 Prensa IDEA (07-03-2025).- Los avances cient\u00edficos y tecnol\u00f3gicos siguen a la vanguardia de la sociedad de la comunicaci\u00f3n e informaci\u00f3n, al innovar con la creaci\u00f3n de equipos inform\u00e1ticos, uno [&hellip;]<\/p>\n","protected":false},"author":500,"featured_media":4957,"comment_status":"open","ping_status":"open","sticky":false,"template":"","format":"standard","meta":{"footnotes":""},"categories":[1],"tags":[],"class_list":["post-4956","post","type-post","status-publish","format-standard","has-post-thumbnail","hentry","category-sin-categoria"],"_links":{"self":[{"href":"https:\/\/idea.gob.ve\/index.php\/wp-json\/wp\/v2\/posts\/4956","targetHints":{"allow":["GET"]}}],"collection":[{"href":"https:\/\/idea.gob.ve\/index.php\/wp-json\/wp\/v2\/posts"}],"about":[{"href":"https:\/\/idea.gob.ve\/index.php\/wp-json\/wp\/v2\/types\/post"}],"author":[{"embeddable":true,"href":"https:\/\/idea.gob.ve\/index.php\/wp-json\/wp\/v2\/users\/500"}],"replies":[{"embeddable":true,"href":"https:\/\/idea.gob.ve\/index.php\/wp-json\/wp\/v2\/comments?post=4956"}],"version-history":[{"count":10,"href":"https:\/\/idea.gob.ve\/index.php\/wp-json\/wp\/v2\/posts\/4956\/revisions"}],"predecessor-version":[{"id":4970,"href":"https:\/\/idea.gob.ve\/index.php\/wp-json\/wp\/v2\/posts\/4956\/revisions\/4970"}],"wp:featuredmedia":[{"embeddable":true,"href":"https:\/\/idea.gob.ve\/index.php\/wp-json\/wp\/v2\/media\/4957"}],"wp:attachment":[{"href":"https:\/\/idea.gob.ve\/index.php\/wp-json\/wp\/v2\/media?parent=4956"}],"wp:term":[{"taxonomy":"category","embeddable":true,"href":"https:\/\/idea.gob.ve\/index.php\/wp-json\/wp\/v2\/categories?post=4956"},{"taxonomy":"post_tag","embeddable":true,"href":"https:\/\/idea.gob.ve\/index.php\/wp-json\/wp\/v2\/tags?post=4956"}],"curies":[{"name":"wp","href":"https:\/\/api.w.org\/{rel}","templated":true}]}}