{"id":4813,"date":"2025-02-14T11:00:08","date_gmt":"2025-02-14T15:00:08","guid":{"rendered":"https:\/\/idea.gob.ve\/?p=4813"},"modified":"2025-02-14T11:03:54","modified_gmt":"2025-02-14T15:03:54","slug":"en-el-idea-destacan-importancia-del-uso-sostenible-de-los-recursos-energeticos","status":"publish","type":"post","link":"https:\/\/idea.gob.ve\/index.php\/2025\/02\/14\/en-el-idea-destacan-importancia-del-uso-sostenible-de-los-recursos-energeticos\/","title":{"rendered":"En el IDEA destacan importancia del uso sostenible de los recursos energ\u00e9ticos"},"content":{"rendered":"\n<p style=\"text-align: justify\"><strong>Prensa IDEA (14-02-2025).-<\/strong> La energ\u00eda forma parte del d\u00eda a d\u00eda de cada persona y es fundamental en el desarrollo de un pa\u00eds, porque de ella dependen su crecimiento econ\u00f3mico y la calidad de vida de sus habitantes. El 14 de febrero de cada a\u00f1o se celebra el D\u00eda Mundial de la Energ\u00eda; que busca promover el uso sostenible de los recursos energ\u00e9ticos en cada rinc\u00f3n del planeta.<\/p>\n\n\n\n<p style=\"text-align: justify\">En virtud de esta efem\u00e9ride que se recubre de importancia por la din\u00e1mica que se vive actualmente en el mundo entero, la investigadora Laynet Puentes, adscrita a la Direcci\u00f3n de Energ\u00eda y Ambiente de la Fundaci\u00f3n Instituto de Estudios Avanzados (Idea) disert\u00f3 sobre la utilizaci\u00f3n de las energ\u00edas limpias que se obtienen de la naturaleza, a trav\u00e9s del sol y el agua, que son alternativas a los combustibles f\u00f3siles.<\/p>\n\n\n\n<p style=\"text-align: justify\">Explic\u00f3 que seg\u00fan cifras de la Organizaci\u00f3n de las Naciones Unidas (ONU), los combustibles f\u00f3siles, como el carb\u00f3n, el petr\u00f3leo y el gas, son responsables de m\u00e1s del 75% del total de emisiones de gases de efecto invernadero en el mundo, as\u00ed como del 90% de las emisiones de di\u00f3xido de carbono.<\/p>\n\n\n\n<p style=\"text-align: justify\">\u201cLa generaci\u00f3n de energ\u00eda por fuentes no renovable est\u00e1 agudizando el cambio clim\u00e1tico y es necesario promover el uso de las energ\u00edas renovables\u201d dijo.<\/p>\n\n\n\n<p style=\"text-align: justify\">Puentes coment\u00f3 que de acuerdo con estudios que se han realizado en Alemania, Estados Unidos y Asia, han determinado que el uso de las microalgas pueden generar energ\u00eda, es por ello que los investigadores de las Direcci\u00f3n de Energ\u00eda y Ambiente avanzan en las pr\u00e1cticas e indagaciones de rigor para lograr la generaci\u00f3n de este tipo de energ\u00eda.<\/p>\n\n\n\n<p style=\"text-align: justify\">\u201cLas microalgas son microorganismos unicelulares que tienen un metabolismo fotos\u00edntetico, eficiente sistema de utilizaci\u00f3n de energ\u00eda solar, y captaci\u00f3n de CO2 para generar 02. Se puede capturar este intercambio de electrones que se produce para generar energ\u00eda.<\/p>\n\n\n\n<p style=\"text-align: justify\">En los laboratorios de Energ\u00eda y Ambiente cuentan con un cepario de microalgas y cianobacterias, que en un futuro se pueden utilizar para generar energ\u00eda limpia. Adem\u00e1s ciertas especies microalgales son fuentes potenciales de energ\u00eda renovable, puesto que son capaces de transformar sustancias residuales en biomasa \u00fatil.<\/p>\n\n\n\n<p style=\"text-align: justify\">\u201cEs fundamental que se eduque a la sociedad sobre las diferentes estrategias para enfrentar la crisis energ\u00e9tica, brindar posibles soluciones y avanzar en un desarrollo eficiente\u201d, enfatiz\u00f3 Puentes.<\/p>\n\n\n\n<p>Texto: Hern\u00e1n Romero (Prensa Idea)<br>Fotos: Rolando Gonz\u00e1lez (Prensa Idea)<\/p>\n\n\n\n<figure class=\"wp-block-image size-large\"><img loading=\"lazy\" decoding=\"async\" width=\"1024\" height=\"682\" src=\"https:\/\/idea.gob.ve\/wp-content\/uploads\/2025\/02\/WhatsApp-Image-2025-02-14-at-10.41.19-AM-1024x682.jpeg\" alt=\"\" class=\"wp-image-4815\" srcset=\"https:\/\/idea.gob.ve\/wp-content\/uploads\/2025\/02\/WhatsApp-Image-2025-02-14-at-10.41.19-AM-1024x682.jpeg 1024w, https:\/\/idea.gob.ve\/wp-content\/uploads\/2025\/02\/WhatsApp-Image-2025-02-14-at-10.41.19-AM-300x200.jpeg 300w, https:\/\/idea.gob.ve\/wp-content\/uploads\/2025\/02\/WhatsApp-Image-2025-02-14-at-10.41.19-AM-768x511.jpeg 768w, https:\/\/idea.gob.ve\/wp-content\/uploads\/2025\/02\/WhatsApp-Image-2025-02-14-at-10.41.19-AM.jpeg 1080w\" sizes=\"auto, (max-width: 1024px) 100vw, 1024px\" \/><\/figure>\n","protected":false},"excerpt":{"rendered":"<p>Prensa IDEA (14-02-2025).- La energ\u00eda forma parte del d\u00eda a d\u00eda de cada persona y es fundamental en el desarrollo de un pa\u00eds, porque de ella dependen su crecimiento econ\u00f3mico [&hellip;]<\/p>\n","protected":false},"author":500,"featured_media":4814,"comment_status":"open","ping_status":"open","sticky":false,"template":"","format":"standard","meta":{"footnotes":""},"categories":[23],"tags":[],"class_list":["post-4813","post","type-post","status-publish","format-standard","has-post-thumbnail","hentry","category-idea"],"_links":{"self":[{"href":"https:\/\/idea.gob.ve\/index.php\/wp-json\/wp\/v2\/posts\/4813","targetHints":{"allow":["GET"]}}],"collection":[{"href":"https:\/\/idea.gob.ve\/index.php\/wp-json\/wp\/v2\/posts"}],"about":[{"href":"https:\/\/idea.gob.ve\/index.php\/wp-json\/wp\/v2\/types\/post"}],"author":[{"embeddable":true,"href":"https:\/\/idea.gob.ve\/index.php\/wp-json\/wp\/v2\/users\/500"}],"replies":[{"embeddable":true,"href":"https:\/\/idea.gob.ve\/index.php\/wp-json\/wp\/v2\/comments?post=4813"}],"version-history":[{"count":2,"href":"https:\/\/idea.gob.ve\/index.php\/wp-json\/wp\/v2\/posts\/4813\/revisions"}],"predecessor-version":[{"id":4817,"href":"https:\/\/idea.gob.ve\/index.php\/wp-json\/wp\/v2\/posts\/4813\/revisions\/4817"}],"wp:featuredmedia":[{"embeddable":true,"href":"https:\/\/idea.gob.ve\/index.php\/wp-json\/wp\/v2\/media\/4814"}],"wp:attachment":[{"href":"https:\/\/idea.gob.ve\/index.php\/wp-json\/wp\/v2\/media?parent=4813"}],"wp:term":[{"taxonomy":"category","embeddable":true,"href":"https:\/\/idea.gob.ve\/index.php\/wp-json\/wp\/v2\/categories?post=4813"},{"taxonomy":"post_tag","embeddable":true,"href":"https:\/\/idea.gob.ve\/index.php\/wp-json\/wp\/v2\/tags?post=4813"}],"curies":[{"name":"wp","href":"https:\/\/api.w.org\/{rel}","templated":true}]}}