{"id":4725,"date":"2025-01-30T10:09:53","date_gmt":"2025-01-30T14:09:53","guid":{"rendered":"https:\/\/idea.gob.ve\/?p=4725"},"modified":"2025-01-30T10:58:14","modified_gmt":"2025-01-30T14:58:14","slug":"cientificos-del-idea-estudian-tratamientos-para-enfermedades-tropicales-desatendidas-como-la-leishmaniasis-y-el-mal-de-chagas","status":"publish","type":"post","link":"https:\/\/idea.gob.ve\/index.php\/2025\/01\/30\/cientificos-del-idea-estudian-tratamientos-para-enfermedades-tropicales-desatendidas-como-la-leishmaniasis-y-el-mal-de-chagas\/","title":{"rendered":"Cient\u00edficos del IDEA estudian tratamientos para la leishmaniasis y el mal de Chagas"},"content":{"rendered":"\n<p style=\"text-align: justify\"><strong>Prensa IDEA (30-01-2025).-<\/strong> El 30 de enero de cada a\u00f1o se conmemora el D\u00eda Mundial de las Enfermedades Tropicales, efem\u00e9rides establecida desde el 2020 por la Asamblea Mundial de la Salud. Actualmente en la Fundaci\u00f3n Instituto de Estudios Avanzados (IDEA) se llevan a cabo importantes investigaciones para el tratamiento de alguna de este tipo de enfermedades como la leishmaniasis.<\/p>\n\n\n\n<p style=\"text-align: justify\">De acuerdo con datos de la Organizaci\u00f3n Panamericana de la Salud (OPS), la lepra, el dengue, la leishmaniasis, la esquistosomiasis, la rabia humana transmitida por perros, la sarna, mal de Chagas, los par\u00e1sitos intestinales y el tracoma son algunas de las m\u00e1s de 20 de patolog\u00edas, conocidas como enfermedades infecciosas desatendidas y que ponen en riesgo la salud de m\u00e1s de 200 millones de personas.<\/p>\n\n\n\n<p style=\"text-align: justify\">En este sentido, el Dr. Gustavo Benaim, Jefe de la Unidad de Se\u00f1alizaci\u00f3n Celular y Bioqu\u00edmica de Par\u00e1sitos de la Direcci\u00f3n de Salud del IDEA, ha dedicado largas jornadas de investigaci\u00f3n sobre el estudio de diversos posibles medicamentos a fin de proponer un tratamiento eficaz contra la leishmaniasis y el mal de Chagas, enfermedades infecciosas comunes en nuestras zonas rurales.<\/p>\n\n\n\n<p style=\"text-align: justify\">\u201cCon respecto a la leishmaniasis, aunque no hay vacuna contra esta enfermedad infecciosa. Se ha tratado con \u00e9xito con el medicamento miltefosina, \u00fanica droga de uso oral aprobada contra esta infecci\u00f3n, habiendo podido descubrir en nuestro laboratorio su mecanismo de acci\u00f3n. Los experimentos demuestran que esta droga incrementa la concentraci\u00f3n intracelular del Ca2+ dentro del par\u00e1sito, lo cual hemos demostrado que es letal para estos organismos, sin modificar las c\u00e9lulas humanas\u201d, dijo.<\/p>\n\n\n\n<p style=\"text-align: justify\">Bena\u00edm explic\u00f3 que esta enfermedad es transmitida por un fleb\u00f3tomo o jej\u00e9n, que al picar deposita un par\u00e1sito del g\u00e9nero Leishmania en la sangre de las personas o de los animales.<\/p>\n\n\n\n<p style=\"text-align: justify\">\u201cCuando la hembra infectada pica al humano, transmite el par\u00e1sito a la sangre donde se multiplica dentro del macr\u00f3fago, quien lo fagocita. Estas c\u00e9lulas son parte de los mecanismos de defensa del organismo, constituido por c\u00e9lulas especializadas en la detecci\u00f3n, fagocitosis y destrucci\u00f3n de bacterias y otros organismos da\u00f1inos. La proliferaci\u00f3n del par\u00e1sito dentro del macr\u00f3fago, lo hace estallar, liber\u00e1ndolo. Posteriormente invaden nuevos macr\u00f3fagos, produciendo la leishmaniasis\u201d, asever\u00f3 el Dr. Benaim.<\/p>\n\n\n\n<p style=\"text-align: justify\">Asimismo, la bi\u00f3loga Liesangerli Labrador, adscrita al referido laboratorio del IDEA, como un aporte para evitar la transmisi\u00f3n de enfermedades zoon\u00f3ticas y fortalecer la salud p\u00fablica del pa\u00eds, adelanta una investigaci\u00f3n in\u00e9dita que persigue estudiar hemopar\u00e1sitos en peces de Venezuela, para contribuir a su diagn\u00f3stico y el control de estos agentes infecciosos.<\/p>\n\n\n\n<p style=\"text-align: justify\">De esta manera los cient\u00edficos e investigadores de la Fundaci\u00f3n IDEA en el marco del D\u00eda Mundial de las Enfermedades Tropicales Desatendidas (ETD) reafirman su compromiso de seguir brindando aportes para el desarrollo de posibles tratamientos para combatir este tipo de patolog\u00edas como la Leishmaniasis y el mal de Chagas y garantizar una mejora en la salud de las personas que padecen de estas enfermedades.<\/p>\n<p>Texto: Hern\u00e1n Romero (Prensa IDEA)<br>Fotos: Rolando Gonz\u00e1lez (Prensa IDEA)<\/p>\n\n\n\n<figure class=\"wp-block-image size-large\"><img loading=\"lazy\" decoding=\"async\" width=\"1024\" height=\"683\" src=\"https:\/\/idea.gob.ve\/wp-content\/uploads\/2025\/01\/L0A7370-1024x683.jpg\" alt=\"\" class=\"wp-image-4729\" srcset=\"https:\/\/idea.gob.ve\/wp-content\/uploads\/2025\/01\/L0A7370-1024x683.jpg 1024w, https:\/\/idea.gob.ve\/wp-content\/uploads\/2025\/01\/L0A7370-300x200.jpg 300w, https:\/\/idea.gob.ve\/wp-content\/uploads\/2025\/01\/L0A7370-768x512.jpg 768w, https:\/\/idea.gob.ve\/wp-content\/uploads\/2025\/01\/L0A7370-1536x1024.jpg 1536w, https:\/\/idea.gob.ve\/wp-content\/uploads\/2025\/01\/L0A7370-2048x1365.jpg 2048w\" sizes=\"auto, (max-width: 1024px) 100vw, 1024px\" \/><\/figure>\n\n\n\n<p><\/p>\n\n\n\n<figure class=\"wp-block-image size-large\"><img loading=\"lazy\" decoding=\"async\" width=\"1024\" height=\"683\" src=\"https:\/\/idea.gob.ve\/wp-content\/uploads\/2025\/01\/L0A7432-1-1024x683.jpg\" alt=\"\" class=\"wp-image-4731\" srcset=\"https:\/\/idea.gob.ve\/wp-content\/uploads\/2025\/01\/L0A7432-1-1024x683.jpg 1024w, https:\/\/idea.gob.ve\/wp-content\/uploads\/2025\/01\/L0A7432-1-300x200.jpg 300w, https:\/\/idea.gob.ve\/wp-content\/uploads\/2025\/01\/L0A7432-1-768x512.jpg 768w, https:\/\/idea.gob.ve\/wp-content\/uploads\/2025\/01\/L0A7432-1-1536x1024.jpg 1536w, https:\/\/idea.gob.ve\/wp-content\/uploads\/2025\/01\/L0A7432-1-2048x1365.jpg 2048w\" sizes=\"auto, (max-width: 1024px) 100vw, 1024px\" \/><\/figure>\n\n\n\n<figure class=\"wp-block-image size-large\"><img loading=\"lazy\" decoding=\"async\" width=\"1024\" height=\"683\" src=\"https:\/\/idea.gob.ve\/wp-content\/uploads\/2025\/01\/L0A7408-1024x683.jpg\" alt=\"\" class=\"wp-image-4734\" srcset=\"https:\/\/idea.gob.ve\/wp-content\/uploads\/2025\/01\/L0A7408-1024x683.jpg 1024w, https:\/\/idea.gob.ve\/wp-content\/uploads\/2025\/01\/L0A7408-300x200.jpg 300w, https:\/\/idea.gob.ve\/wp-content\/uploads\/2025\/01\/L0A7408-768x512.jpg 768w, https:\/\/idea.gob.ve\/wp-content\/uploads\/2025\/01\/L0A7408-1536x1024.jpg 1536w, https:\/\/idea.gob.ve\/wp-content\/uploads\/2025\/01\/L0A7408-2048x1365.jpg 2048w\" sizes=\"auto, (max-width: 1024px) 100vw, 1024px\" \/><\/figure>\n\n\n","protected":false},"excerpt":{"rendered":"<p>Prensa IDEA (30-01-2025).- El 30 de enero de cada a\u00f1o se conmemora el D\u00eda Mundial de las Enfermedades Tropicales, efem\u00e9rides establecida desde el 2020 por la Asamblea Mundial de la [&hellip;]<\/p>\n","protected":false},"author":500,"featured_media":4728,"comment_status":"open","ping_status":"open","sticky":false,"template":"","format":"standard","meta":{"footnotes":""},"categories":[23],"tags":[],"class_list":["post-4725","post","type-post","status-publish","format-standard","has-post-thumbnail","hentry","category-idea"],"_links":{"self":[{"href":"https:\/\/idea.gob.ve\/index.php\/wp-json\/wp\/v2\/posts\/4725","targetHints":{"allow":["GET"]}}],"collection":[{"href":"https:\/\/idea.gob.ve\/index.php\/wp-json\/wp\/v2\/posts"}],"about":[{"href":"https:\/\/idea.gob.ve\/index.php\/wp-json\/wp\/v2\/types\/post"}],"author":[{"embeddable":true,"href":"https:\/\/idea.gob.ve\/index.php\/wp-json\/wp\/v2\/users\/500"}],"replies":[{"embeddable":true,"href":"https:\/\/idea.gob.ve\/index.php\/wp-json\/wp\/v2\/comments?post=4725"}],"version-history":[{"count":4,"href":"https:\/\/idea.gob.ve\/index.php\/wp-json\/wp\/v2\/posts\/4725\/revisions"}],"predecessor-version":[{"id":4738,"href":"https:\/\/idea.gob.ve\/index.php\/wp-json\/wp\/v2\/posts\/4725\/revisions\/4738"}],"wp:featuredmedia":[{"embeddable":true,"href":"https:\/\/idea.gob.ve\/index.php\/wp-json\/wp\/v2\/media\/4728"}],"wp:attachment":[{"href":"https:\/\/idea.gob.ve\/index.php\/wp-json\/wp\/v2\/media?parent=4725"}],"wp:term":[{"taxonomy":"category","embeddable":true,"href":"https:\/\/idea.gob.ve\/index.php\/wp-json\/wp\/v2\/categories?post=4725"},{"taxonomy":"post_tag","embeddable":true,"href":"https:\/\/idea.gob.ve\/index.php\/wp-json\/wp\/v2\/tags?post=4725"}],"curies":[{"name":"wp","href":"https:\/\/api.w.org\/{rel}","templated":true}]}}