{"id":4701,"date":"2025-01-28T09:22:45","date_gmt":"2025-01-28T13:22:45","guid":{"rendered":"https:\/\/idea.gob.ve\/?p=4701"},"modified":"2025-01-28T09:27:08","modified_gmt":"2025-01-28T13:27:08","slug":"cientificos-del-idea-destacan-medidas-para-reducir-las-emisiones-de-co2","status":"publish","type":"post","link":"https:\/\/idea.gob.ve\/index.php\/2025\/01\/28\/cientificos-del-idea-destacan-medidas-para-reducir-las-emisiones-de-co2\/","title":{"rendered":"Cient\u00edficos del IDEA destacan medidas para reducir las emisiones de CO2"},"content":{"rendered":"\t\t<div data-elementor-type=\"wp-post\" data-elementor-id=\"4701\" class=\"elementor elementor-4701\" data-elementor-post-type=\"post\">\n\t\t\t\t\t\t\t\t\t<section class=\"elementor-section elementor-top-section elementor-element elementor-element-57b9976f elementor-section-boxed elementor-section-height-default elementor-section-height-default\" data-id=\"57b9976f\" data-element_type=\"section\">\n\t\t\t\t\t\t<div class=\"elementor-container elementor-column-gap-default\">\n\t\t\t\t\t<div class=\"elementor-column elementor-col-100 elementor-top-column elementor-element elementor-element-518ae7e9\" data-id=\"518ae7e9\" data-element_type=\"column\">\n\t\t\t<div class=\"elementor-widget-wrap elementor-element-populated\">\n\t\t\t\t\t\t\t\t<div class=\"elementor-element elementor-element-45ed11da elementor-widget elementor-widget-text-editor\" data-id=\"45ed11da\" data-element_type=\"widget\" data-widget_type=\"text-editor.default\">\n\t\t\t\t<div class=\"elementor-widget-container\">\n\t\t\t\t\t\t\t<!-- wp:tadv\/classic-paragraph -->\n<p><strong>Prensa IDEA (28-01-2025).- <\/strong>Actualmente pa\u00edses y regiones en todo el mundo est\u00e1n sufriendo los embates del cambio clim\u00e1tico, que afecta a todo el planeta y que viene influenciado por la acci\u00f3n humana, es por ello que cada 28 de enero se celebra el D\u00eda Mundial por la Reducci\u00f3n de las Emisiones de Di\u00f3xido de Carbono (C02).<\/p>\n<p>Al respecto la bi\u00f3loga Eliaira Rodr\u00edguez, adscrita a la Direcci\u00f3n de Energ\u00eda y Ambiente de la Fundaci\u00f3n Instituto de Estudios Avanzados (IDEA) indic\u00f3 que esta efem\u00e9ride fue designada por la Organizaci\u00f3n de las Naciones Unidas (ONU), con el prop\u00f3sito de crear conciencia y sensibilizar a la ciudadan\u00eda sobre el cambio clim\u00e1tico y el impacto ambiental que \u00e9ste ocasiona. Adem\u00e1s, de promover el desarrollo de pol\u00edticas para la reducci\u00f3n en emisiones de gases.<\/p>\n<p>A\u00f1adi\u00f3, que el Protocolo de Kioto y el Acuerdo de Par\u00eds, identifican como gases de efecto invernadero: Di\u00f3xido de carbono, Metano, \u00d3xido nitroso, Hidrofluorocarburos, Perfluorocarburos, Hexafluoruro de azufre y Trifluoruro de Nitr\u00f3geno \u201cCada uno tiene una contribuci\u00f3n diferente al calentamiento global\u201d, enfatiz\u00f3.<\/p>\n<p>Detall\u00f3, que el CO2 es producido de forma natural por los animales durante la respiraci\u00f3n y a trav\u00e9s de la descomposici\u00f3n de la biomasa. Mientras que los organismos vegetales capturan CO2 de la atm\u00f3sfera mediante el proceso de fotos\u00edntesis.<\/p>\n<p>\u201cEl incremento de las concentraciones de CO2 y de los gases de efecto invernadero en general, no solo genera el aumento de las temperaturas medias, lo que conocemos como calentamiento global, sino tambi\u00e9n ocasiona fen\u00f3menos meteorol\u00f3gicos extremos como: inundaciones y olas de calor, cambios en las poblaciones y h\u00e1bitats de la fauna y flora silvestres, adem\u00e1s del aumento del nivel del mar\u201d, dijo.<\/p>\n<p>La investigadora hizo hincapi\u00e9 en la relevancia de esta efem\u00e9ride, que se design\u00f3 para tomar decisiones en beneficio del ambiente e impulsar el desarrollo y aplicaci\u00f3n de pol\u00edticas de reducci\u00f3n en emisiones de gases de efecto invernadero. Rodr\u00edguez, enumer\u00f3 algunas medidas para reducir la emisi\u00f3n del CO2 como mejorar el manejo de fuentes de energ\u00eda renovables, el cambio a combustibles m\u00e1s limpios, eficiencia de los procesos de combusti\u00f3n y modificar las tendencias de consumo.<\/p>\n<p><strong>Legislaciones vigentes <\/strong><\/p>\n<p><strong>\u00a0<\/strong>La investigadora se\u00f1al\u00f3 que existen acuerdos internacionales como el Protocolo de Kioto y el Acuerdo de Paris para el control de las emisiones de CO2. As\u00ed mismo, en Venezuela existe un marco legal relacionado con la gesti\u00f3n del ambiente, como por ejemplo: la Ley Org\u00e1nica del Ambiente y la Ley Penal del Ambiente.<\/p>\n<p>Adem\u00e1s, de las normas para regular y controlar el consumo, la producci\u00f3n, importaci\u00f3n, exportaci\u00f3n, y el uso de las sustancias agotadoras de la capa de ozono. Las normas sobre calidad del aire y control de la contaminaci\u00f3n atmosf\u00e9rica y las normativas sobre evaluaci\u00f3n ambiental de actividades susceptibles de degradar el ambiente.<\/p>\n<p><strong>Sensibilizar a la juventud <\/strong><\/p>\n<p>Rodr\u00edguez mencion\u00f3 que desde la Direcci\u00f3n de Energ\u00eda y Ambiente del Idea, contin\u00faan trabajando con el Programa Nacional \u201cSemillero Cient\u00edfico\u201d, ejecutando actividades de sensibilizaci\u00f3n dirigidas a ni\u00f1os, ni\u00f1as y j\u00f3venes, ense\u00f1\u00e1ndoles sobre la vulnerabilidad ambiental, desde el punto de vista de las actividades que se realizan en el d\u00eda a d\u00eda y que son susceptibles de afectar el ambiente.<\/p>\n<p>\u201cFamiliarizamos a los estudiantes con las fuentes de emisi\u00f3n de CO2 de su entorno. Y les explicamos la importancia de las microalgas y diversos ecosistemas marinos como praderas de faner\u00f3gamas y manglares para la mitigaci\u00f3n del CO2\u201d, enfatiz\u00f3.<\/p>\n<p>Por \u00faltimo, la bi\u00f3loga exhort\u00f3 a las empresas y corporaciones a implementar proyectos de reducci\u00f3n de las emisiones, mediante tecnolog\u00edas y procesos de producci\u00f3n m\u00e1s amigables con el ambiente, como la implementaci\u00f3n de bolsas y envoltorios ecol\u00f3gicos. Aplicaci\u00f3n de la norma ISO 14060, que establece los requisitos y directrices para la medici\u00f3n, cuantificaci\u00f3n y reporte de las emisiones de gases de efecto invernadero.<\/p>\n<p>\u201cEl llamado a todos es a proteger los ecosistemas naturales, ya que los bosques, oc\u00e9anos, praderas de faner\u00f3gamas, y manglares son importantes sumideros del CO2 atmosf\u00e9ricos\u201d, puntualiz\u00f3.<\/p>\n<p><strong>Texto: Hern\u00e1n Romero (Prensa IDEA)<\/strong><\/p>\n<p><strong>Fotos: Rolando\u00a0<\/strong><strong> Gonz\u00e1lez (Prensa IDEA)<\/strong><\/p>\n<p><img loading=\"lazy\" decoding=\"async\" class=\"alignnone wp-image-4702 size-full\" src=\"https:\/\/idea.gob.ve\/wp-content\/uploads\/2025\/01\/2101.jpg\" alt=\"\" width=\"1200\" height=\"800\" srcset=\"https:\/\/idea.gob.ve\/wp-content\/uploads\/2025\/01\/2101.jpg 1200w, https:\/\/idea.gob.ve\/wp-content\/uploads\/2025\/01\/2101-300x200.jpg 300w, https:\/\/idea.gob.ve\/wp-content\/uploads\/2025\/01\/2101-1024x683.jpg 1024w, https:\/\/idea.gob.ve\/wp-content\/uploads\/2025\/01\/2101-768x512.jpg 768w\" sizes=\"auto, (max-width: 1200px) 100vw, 1200px\" \/>\u00a0<\/p>\n<p><img loading=\"lazy\" decoding=\"async\" class=\"alignnone wp-image-4703 size-full\" src=\"https:\/\/idea.gob.ve\/wp-content\/uploads\/2025\/01\/2181.jpg\" alt=\"\" width=\"1200\" height=\"800\" srcset=\"https:\/\/idea.gob.ve\/wp-content\/uploads\/2025\/01\/2181.jpg 1200w, https:\/\/idea.gob.ve\/wp-content\/uploads\/2025\/01\/2181-300x200.jpg 300w, https:\/\/idea.gob.ve\/wp-content\/uploads\/2025\/01\/2181-1024x683.jpg 1024w, https:\/\/idea.gob.ve\/wp-content\/uploads\/2025\/01\/2181-768x512.jpg 768w\" sizes=\"auto, (max-width: 1200px) 100vw, 1200px\" \/>\u00a0<\/p>\n<p><img loading=\"lazy\" decoding=\"async\" class=\"alignnone wp-image-4709 size-full\" src=\"https:\/\/idea.gob.ve\/wp-content\/uploads\/2025\/01\/2171.jpg\" alt=\"\" width=\"1200\" height=\"800\" srcset=\"https:\/\/idea.gob.ve\/wp-content\/uploads\/2025\/01\/2171.jpg 1200w, https:\/\/idea.gob.ve\/wp-content\/uploads\/2025\/01\/2171-300x200.jpg 300w, https:\/\/idea.gob.ve\/wp-content\/uploads\/2025\/01\/2171-1024x683.jpg 1024w, https:\/\/idea.gob.ve\/wp-content\/uploads\/2025\/01\/2171-768x512.jpg 768w\" sizes=\"auto, (max-width: 1200px) 100vw, 1200px\" \/><\/p>\n<!-- \/wp:tadv\/classic-paragraph --><!-- wp:tadv\/classic-paragraph \/-->\t\t\t\t\t\t<\/div>\n\t\t\t\t<\/div>\n\t\t\t\t\t<\/div>\n\t\t<\/div>\n\t\t\t\t\t\t\t<\/div>\n\t\t<\/section>\n\t\t\t\t\t\t\t<\/div>\n\t\t","protected":false},"excerpt":{"rendered":"<p>Prensa IDEA (28-01-2025).- Actualmente pa\u00edses y regiones en todo el mundo est\u00e1n sufriendo los embates del cambio clim\u00e1tico, que afecta a todo el planeta y que viene influenciado por la [&hellip;]<\/p>\n","protected":false},"author":500,"featured_media":4704,"comment_status":"open","ping_status":"open","sticky":false,"template":"","format":"standard","meta":{"footnotes":""},"categories":[1],"tags":[],"class_list":["post-4701","post","type-post","status-publish","format-standard","has-post-thumbnail","hentry","category-sin-categoria"],"_links":{"self":[{"href":"https:\/\/idea.gob.ve\/index.php\/wp-json\/wp\/v2\/posts\/4701","targetHints":{"allow":["GET"]}}],"collection":[{"href":"https:\/\/idea.gob.ve\/index.php\/wp-json\/wp\/v2\/posts"}],"about":[{"href":"https:\/\/idea.gob.ve\/index.php\/wp-json\/wp\/v2\/types\/post"}],"author":[{"embeddable":true,"href":"https:\/\/idea.gob.ve\/index.php\/wp-json\/wp\/v2\/users\/500"}],"replies":[{"embeddable":true,"href":"https:\/\/idea.gob.ve\/index.php\/wp-json\/wp\/v2\/comments?post=4701"}],"version-history":[{"count":4,"href":"https:\/\/idea.gob.ve\/index.php\/wp-json\/wp\/v2\/posts\/4701\/revisions"}],"predecessor-version":[{"id":4712,"href":"https:\/\/idea.gob.ve\/index.php\/wp-json\/wp\/v2\/posts\/4701\/revisions\/4712"}],"wp:featuredmedia":[{"embeddable":true,"href":"https:\/\/idea.gob.ve\/index.php\/wp-json\/wp\/v2\/media\/4704"}],"wp:attachment":[{"href":"https:\/\/idea.gob.ve\/index.php\/wp-json\/wp\/v2\/media?parent=4701"}],"wp:term":[{"taxonomy":"category","embeddable":true,"href":"https:\/\/idea.gob.ve\/index.php\/wp-json\/wp\/v2\/categories?post=4701"},{"taxonomy":"post_tag","embeddable":true,"href":"https:\/\/idea.gob.ve\/index.php\/wp-json\/wp\/v2\/tags?post=4701"}],"curies":[{"name":"wp","href":"https:\/\/api.w.org\/{rel}","templated":true}]}}