{"id":4656,"date":"2025-01-15T12:36:40","date_gmt":"2025-01-15T16:36:40","guid":{"rendered":"https:\/\/idea.gob.ve\/?p=4656"},"modified":"2025-01-15T12:39:16","modified_gmt":"2025-01-15T16:39:16","slug":"en-el-idea-caracterizaran-proteinas-de-trypanosoma-equiperdum-que-presentan-homologia-con-la-proteina-quinasa-dependiente-ampc","status":"publish","type":"post","link":"https:\/\/idea.gob.ve\/index.php\/2025\/01\/15\/en-el-idea-caracterizaran-proteinas-de-trypanosoma-equiperdum-que-presentan-homologia-con-la-proteina-quinasa-dependiente-ampc\/","title":{"rendered":"En el IDEA caracterizar\u00e1n prote\u00ednas de Trypanosoma equiperdum que presentan homolog\u00eda con la prote\u00edna quinasa dependiente AMPc"},"content":{"rendered":"\n<p style=\"text-align: justify\"><strong>Prensa IDEA (15-01-2025).-<\/strong> El Trypanosoma equiperdum es un par\u00e1sito que infecta animales de la familia Equidae produciendo la durina, una enfermedad ven\u00e9rea que compromete la vida de los infectados,\u00a0 es por ello que desde la Fundaci\u00f3n Instituto de Estudios Avanzados (IDEA) un equipo de investigadores se ha propuesto clonar y caracterizar prote\u00ednas de Trypanosoma equiperdum que presentan homolog\u00eda con la prote\u00edna quinasa dependiente de adenos\u00edn monofosfato c\u00edclico (AMPc), tambi\u00e9n conocida como prote\u00edna quinasa A (PKA).<\/p>\n<p style=\"text-align: justify\">La bi\u00f3loga Karen Bonilla, es una de las responsables de esta propuesta investigativa titulada \u201cClonaci\u00f3n de las formas mutantes de la subunidad reguladora de la prote\u00edna quinasa A en Trypanosoma equiperdum\u201d. Explic\u00f3 que estudiar en detalle la ruta de se\u00f1alizaci\u00f3n de la prote\u00edna quinasa A y su regulaci\u00f3n puede dar lugar a la identificaci\u00f3n de blancos terap\u00e9uticos para desarrollar tratamientos m\u00e1s efectivos contra esta enfermedad.<\/p>\n<p style=\"text-align: justify\">\u201cLa PKA juega un papel vital en la transducci\u00f3n de se\u00f1ales y en la respuesta a est\u00edmulos externos. Investigar c\u00f3mo la subunidad reguladora modula esta funci\u00f3n puede ayudar a entender mejor los procesos de se\u00f1alizaci\u00f3n en el par\u00e1sito y c\u00f3mo estos contribuyen a su patogenicidad\u201d<\/p>\n<p style=\"text-align: justify\">Detall\u00f3 que para esta investigaci\u00f3n se busca estudiar la homolog\u00eda que tiene la prote\u00edna de Trypanosoma equiperdum con la de mam\u00edferos, ya que actualmente se conoce muy poco de la ruta de se\u00f1alizaci\u00f3n en estos par\u00e1sitos. Resalt\u00f3 que, investigaciones recientes han determinado ya varias diferencias de la PKA de T. equiperdum con respecto a la de mam\u00edferos, lo que podr\u00eda dar paso al dise\u00f1o de un f\u00e1rmaco que afecte al par\u00e1sito y no al animal.<\/p>\n<p style=\"text-align: justify\">\u201cCon la generaci\u00f3n de mutantes de la subunidad reguladora de la PKA, podremos conocer si modificar ciertos amino\u00e1cidos espec\u00edficos afecta o no la estructura y la funci\u00f3n de la prote\u00edna, adem\u00e1s de su papel en la ruta en la que participa\u201d, aclar\u00f3.<\/p>\n\n\n\n<p>Texto: Hern\u00e1n Romero ( Prensa IDEA)<\/p>\n\n\n\n<figure class=\"wp-block-image size-large\"><img loading=\"lazy\" decoding=\"async\" width=\"1024\" height=\"682\" src=\"https:\/\/idea.gob.ve\/wp-content\/uploads\/2025\/01\/WhatsApp-Image-2025-01-15-at-12.10.54-PM-1024x682.jpeg\" alt=\"\" class=\"wp-image-4658\" srcset=\"https:\/\/idea.gob.ve\/wp-content\/uploads\/2025\/01\/WhatsApp-Image-2025-01-15-at-12.10.54-PM-1024x682.jpeg 1024w, https:\/\/idea.gob.ve\/wp-content\/uploads\/2025\/01\/WhatsApp-Image-2025-01-15-at-12.10.54-PM-300x200.jpeg 300w, https:\/\/idea.gob.ve\/wp-content\/uploads\/2025\/01\/WhatsApp-Image-2025-01-15-at-12.10.54-PM-768x512.jpeg 768w, https:\/\/idea.gob.ve\/wp-content\/uploads\/2025\/01\/WhatsApp-Image-2025-01-15-at-12.10.54-PM-1536x1023.jpeg 1536w, https:\/\/idea.gob.ve\/wp-content\/uploads\/2025\/01\/WhatsApp-Image-2025-01-15-at-12.10.54-PM.jpeg 1600w\" sizes=\"auto, (max-width: 1024px) 100vw, 1024px\" \/><\/figure>\n\n\n\n\n\n<figure class=\"wp-block-image size-large\"><img loading=\"lazy\" decoding=\"async\" width=\"1024\" height=\"682\" src=\"https:\/\/idea.gob.ve\/wp-content\/uploads\/2025\/01\/WhatsApp-Image-2025-01-15-at-12.10.54-PM2-1024x682.jpeg\" alt=\"\" class=\"wp-image-4659\" srcset=\"https:\/\/idea.gob.ve\/wp-content\/uploads\/2025\/01\/WhatsApp-Image-2025-01-15-at-12.10.54-PM2-1024x682.jpeg 1024w, https:\/\/idea.gob.ve\/wp-content\/uploads\/2025\/01\/WhatsApp-Image-2025-01-15-at-12.10.54-PM2-300x200.jpeg 300w, https:\/\/idea.gob.ve\/wp-content\/uploads\/2025\/01\/WhatsApp-Image-2025-01-15-at-12.10.54-PM2-768x512.jpeg 768w, https:\/\/idea.gob.ve\/wp-content\/uploads\/2025\/01\/WhatsApp-Image-2025-01-15-at-12.10.54-PM2-1536x1023.jpeg 1536w, https:\/\/idea.gob.ve\/wp-content\/uploads\/2025\/01\/WhatsApp-Image-2025-01-15-at-12.10.54-PM2.jpeg 1600w\" sizes=\"auto, (max-width: 1024px) 100vw, 1024px\" \/><\/figure>\n\n\n\n<figure class=\"wp-block-image size-large\"><img loading=\"lazy\" decoding=\"async\" width=\"1024\" height=\"682\" src=\"https:\/\/idea.gob.ve\/wp-content\/uploads\/2025\/01\/WhatsApp-Image-2025-01-15-at-12.10.54-PM4-1024x682.jpeg\" alt=\"\" class=\"wp-image-4660\" srcset=\"https:\/\/idea.gob.ve\/wp-content\/uploads\/2025\/01\/WhatsApp-Image-2025-01-15-at-12.10.54-PM4-1024x682.jpeg 1024w, https:\/\/idea.gob.ve\/wp-content\/uploads\/2025\/01\/WhatsApp-Image-2025-01-15-at-12.10.54-PM4-300x200.jpeg 300w, https:\/\/idea.gob.ve\/wp-content\/uploads\/2025\/01\/WhatsApp-Image-2025-01-15-at-12.10.54-PM4-768x512.jpeg 768w, https:\/\/idea.gob.ve\/wp-content\/uploads\/2025\/01\/WhatsApp-Image-2025-01-15-at-12.10.54-PM4-1536x1023.jpeg 1536w, https:\/\/idea.gob.ve\/wp-content\/uploads\/2025\/01\/WhatsApp-Image-2025-01-15-at-12.10.54-PM4.jpeg 1600w\" sizes=\"auto, (max-width: 1024px) 100vw, 1024px\" \/><\/figure>\n","protected":false},"excerpt":{"rendered":"<p>Prensa IDEA (15-01-2025).- El Trypanosoma equiperdum es un par\u00e1sito que infecta animales de la familia Equidae produciendo la durina, una enfermedad ven\u00e9rea que compromete la vida de los infectados,\u00a0 es [&hellip;]<\/p>\n","protected":false},"author":500,"featured_media":4657,"comment_status":"open","ping_status":"open","sticky":false,"template":"","format":"standard","meta":{"footnotes":""},"categories":[23],"tags":[],"class_list":["post-4656","post","type-post","status-publish","format-standard","has-post-thumbnail","hentry","category-idea"],"_links":{"self":[{"href":"https:\/\/idea.gob.ve\/index.php\/wp-json\/wp\/v2\/posts\/4656","targetHints":{"allow":["GET"]}}],"collection":[{"href":"https:\/\/idea.gob.ve\/index.php\/wp-json\/wp\/v2\/posts"}],"about":[{"href":"https:\/\/idea.gob.ve\/index.php\/wp-json\/wp\/v2\/types\/post"}],"author":[{"embeddable":true,"href":"https:\/\/idea.gob.ve\/index.php\/wp-json\/wp\/v2\/users\/500"}],"replies":[{"embeddable":true,"href":"https:\/\/idea.gob.ve\/index.php\/wp-json\/wp\/v2\/comments?post=4656"}],"version-history":[{"count":4,"href":"https:\/\/idea.gob.ve\/index.php\/wp-json\/wp\/v2\/posts\/4656\/revisions"}],"predecessor-version":[{"id":4666,"href":"https:\/\/idea.gob.ve\/index.php\/wp-json\/wp\/v2\/posts\/4656\/revisions\/4666"}],"wp:featuredmedia":[{"embeddable":true,"href":"https:\/\/idea.gob.ve\/index.php\/wp-json\/wp\/v2\/media\/4657"}],"wp:attachment":[{"href":"https:\/\/idea.gob.ve\/index.php\/wp-json\/wp\/v2\/media?parent=4656"}],"wp:term":[{"taxonomy":"category","embeddable":true,"href":"https:\/\/idea.gob.ve\/index.php\/wp-json\/wp\/v2\/categories?post=4656"},{"taxonomy":"post_tag","embeddable":true,"href":"https:\/\/idea.gob.ve\/index.php\/wp-json\/wp\/v2\/tags?post=4656"}],"curies":[{"name":"wp","href":"https:\/\/api.w.org\/{rel}","templated":true}]}}