{"id":4574,"date":"2024-12-28T10:27:29","date_gmt":"2024-12-28T14:27:29","guid":{"rendered":"https:\/\/idea.gob.ve\/?p=4574"},"modified":"2024-12-28T10:35:54","modified_gmt":"2024-12-28T14:35:54","slug":"celebracion-de-los-santos-inocentes-exalta-riqueza-cultural-de-los-venezolanos","status":"publish","type":"post","link":"https:\/\/idea.gob.ve\/index.php\/2024\/12\/28\/celebracion-de-los-santos-inocentes-exalta-riqueza-cultural-de-los-venezolanos\/","title":{"rendered":"Celebraci\u00f3n de los Santos Inocentes exalta riqueza cultural de los venezolanos"},"content":{"rendered":"\t\t<div data-elementor-type=\"wp-post\" data-elementor-id=\"4574\" class=\"elementor elementor-4574\" data-elementor-post-type=\"post\">\n\t\t\t\t\t\t\t\t\t<section class=\"elementor-section elementor-top-section elementor-element elementor-element-75ebb485 elementor-section-boxed elementor-section-height-default elementor-section-height-default\" data-id=\"75ebb485\" data-element_type=\"section\">\n\t\t\t\t\t\t<div class=\"elementor-container elementor-column-gap-default\">\n\t\t\t\t\t<div class=\"elementor-column elementor-col-100 elementor-top-column elementor-element elementor-element-18692a9f\" data-id=\"18692a9f\" data-element_type=\"column\">\n\t\t\t<div class=\"elementor-widget-wrap elementor-element-populated\">\n\t\t\t\t\t\t\t\t<div class=\"elementor-element elementor-element-2da67f90 elementor-widget elementor-widget-text-editor\" data-id=\"2da67f90\" data-element_type=\"widget\" data-widget_type=\"text-editor.default\">\n\t\t\t\t<div class=\"elementor-widget-container\">\n\t\t\t\t\t\t\t<!-- wp:tadv\/classic-paragraph -->\n<p><strong>Prensa IDEA (28-12-2024). &#8211;<\/strong> Cada 28 de diciembre se conmemora un episodio b\u00edblico que recuerda la matanza de los ni\u00f1os menores de dos a\u00f1os nacidos en Bel\u00e9n ordenado por el rey Herodes, para deshacerse del reci\u00e9n nacido Jes\u00fas de Nazaret. Este acontecimiento ha generado diversas celebraciones en el mundo y en diferentes pueblos de Venezuela.<\/p>\n<p>Gracias al sincretismo religioso-cultural existen formas muy peculiares y diversas de festejarla que se asemejan a la \u201cFiesta De Los Locos\u201d celebrada en Espa\u00f1a, que data de principios del siglo\u00a0XVII\u00a0con una marcada simbolog\u00eda pagana. En esta fiesta, los participantes, vestidos con ropas estrafalarias y con maquillajes llamativos, realizan divertidas comparsas, escenificando el tradicional \u201cBaile de los Locos\u201d, donde casi todo est\u00e1 permitido.<\/p>\n<p>Fabiola Velasco-P\u00e9rez titular de la Direcci\u00f3n de Sociopol\u00edtica y Cultura de la Fundaci\u00f3n Instituto de Estudios Avanzados (IDEA), destac\u00f3 la relevancia que tiene la celebraci\u00f3n del D\u00eda de los Santos Inocentes para los venezolanos y sus representaciones, reconocidas ya como patrimonio cultural de alto contenido m\u00e1gico-religioso, surgido de la devoci\u00f3n y creencias de nuestros pueblos ind\u00edgenas, afros e hispanos.<\/p>\n<p>Coment\u00f3 que la m\u00e1s popular se realiza en el estado Lara, espec\u00edficamente en el pueblo de Sanare, ubicado en el municipio Andr\u00e9s Eloy Blanco, donde se celebra las tradicionales Zaragozas, una festividad cultural y religiosa que, aunque no se precisa el tiempo exacto de su existencia, se sabe que cuenta con m\u00e1s de 200 a\u00f1os de permanencia, haciendo historia y memoria de este pueblo larense.<\/p>\n<p>Explic\u00f3, que la organizaci\u00f3n del Baile de Los Zaragozas la lleva a cabo una cofrad\u00eda y sus integrantes, mientras custodian el cuadro de los Santos Inocentes, posible obra del poeta, artesano y Fot\u00f3grafo Mateo Segundo Viera (1889-*), oriundo de Sanare. En la v\u00edspera del 28 de diciembre, se arma el altar de la iglesia ante el cuadro que representa la degollaci\u00f3n de los Santos Inocentes, para despu\u00e9s cantar una salve y rezar diversas oraciones como anuncio al inicio de la celebraci\u00f3n.<\/p>\n<p>Luego recorren el pueblo en cabalgata hasta la iglesia de San Isidro, sonando los cascabeles que llevan como cong\u00e9neres de todo el mundo de la danza.\u00a0Encabeza la marcha el capataz, con el cuadro de los Santos Inocentes en sus manos y todos danzan, saltan o hacen piruetas, mimos y bufonadas en son de burla para contentamiento del p\u00fablico.<\/p>\n<p>\u201cEsta festividad de car\u00e1cter patrimonial funde esa tradici\u00f3n espiritual y pagana a trav\u00e9s de s\u00edmbolos, representados especialmente en los trajes que visten Los Zaragosas, llenos de cintas colores y con m\u00e1scaras expresivas que cubren el rostro de sus danzantes, como tambi\u00e9n, garrotes y un arco que sostienen sobre la cabeza, conocido como Chaparro de Membrillo\u201d, expres\u00f3.<\/p>\n<p>Velasco-P\u00e9rez destac\u00f3 que tambi\u00e9n, desde hace m\u00e1s de 200 a\u00f1os, en la poblaci\u00f3n de Caucagua, regi\u00f3n de Barlovento en el estado Miranda, se celebra \u201cLos Bandos y Parrandas de Los Santos Inocentes\u201d, reconocida el 5 de diciembre de 2023 por la UNESCO como Patrimonio Inmaterial de la Humanidad.<\/p>\n<p>La Parranda de los Santos Inocentes celebrada en esta zona barlovente\u00f1a de los sectores de Pantoja y La L\u00ednea, tiene una marcada esencia afro. Entre rochela cimarronera con alegr\u00eda, lugare\u00f1os y visitantes de esta poblaci\u00f3n Barlovente\u00f1a, celebran con pintorescos disfraces y acompa\u00f1ados al ritmo tropical de parrandas.<\/p>\n<p>\u201cLa Parranda de Los Boleros de Caucagua\u201d, igualmente tiene su origen en tiempos de la colonia, cuando a las personas sometida al r\u00e9gimen esclavista, se le daba un d\u00eda libre, para celebrar rituales y burlarse de sus patrones\u201d, recalc\u00f3.<\/p>\n<p><strong>Fiesta de los Locos y Locainas <\/strong><\/p>\n<p>Fabiola Velasco-P\u00e9rez tambi\u00e9n coment\u00f3 que en el 28 de diciembre en los estados M\u00e9rida, Trujillo y Portuguesa, se lleva a cabo la manifestaci\u00f3n cultural los \u201cLocos\u201d, \u201cLocainas\u201d o \u201cMamarrachos\u201d, quienes se visten con trajes ra\u00eddos y sucios y tapan sus rostros con m\u00e1scaras o pintura para no ser reconocidos.<\/p>\n<p>En general, se invierten los papeles: los hombres se visten de mujeres y las mujeres de hombres, los ni\u00f1os se disfrazan de ancianos y los adultos de ni\u00f1os y todos hacen burlas y chistes acompa\u00f1ados de un conjunto musical.<\/p>\n<p><strong>Impera el humor y jocosidad <\/strong><\/p>\n<p>Velasco-P\u00e9rez tambi\u00e9n coment\u00f3 que los venezolanos aprovechan el D\u00eda de los Santos Inocentes para realizar bromas a sus amigos y familiares llenando el ambiente de risas y alegr\u00eda.<\/p>\n<p><strong>\u00a0<\/strong>\u201cDurante esta festividad, es com\u00fan servirle un caf\u00e9 con sal a un conocido o encontrarse con noticias falsas, conocidas como \u00abinocentadas\u00bb, que tienen un tono humor\u00edstico y extravagante, que son creadas para sorprender y hacer re\u00edr a otros\u201d, puntualiz\u00f3.<\/p>\n<p><strong>Texto: Hern\u00e1n Romero (Prensa IDEA)<\/strong><\/p>\n<p><strong>Fotos : Cortes\u00eda<\/strong><\/p>\n<p>\u00a0<\/p>\n<p><img loading=\"lazy\" decoding=\"async\" class=\"alignnone wp-image-4587 size-full\" src=\"https:\/\/idea.gob.ve\/wp-content\/uploads\/2024\/12\/FlFR9ONXkAEQ1Bn.jpeg\" alt=\"\" width=\"1280\" height=\"720\" srcset=\"https:\/\/idea.gob.ve\/wp-content\/uploads\/2024\/12\/FlFR9ONXkAEQ1Bn.jpeg 1280w, https:\/\/idea.gob.ve\/wp-content\/uploads\/2024\/12\/FlFR9ONXkAEQ1Bn-300x169.jpeg 300w, https:\/\/idea.gob.ve\/wp-content\/uploads\/2024\/12\/FlFR9ONXkAEQ1Bn-1024x576.jpeg 1024w, https:\/\/idea.gob.ve\/wp-content\/uploads\/2024\/12\/FlFR9ONXkAEQ1Bn-768x432.jpeg 768w\" sizes=\"auto, (max-width: 1280px) 100vw, 1280px\" \/><\/p>\n<p><img loading=\"lazy\" decoding=\"async\" class=\"alignnone wp-image-4578 size-full\" src=\"https:\/\/idea.gob.ve\/wp-content\/uploads\/2024\/12\/WhatsApp-Image-2022-12-28-at-7.19.13-PM-1.jpeg\" alt=\"\" width=\"1280\" height=\"853\" srcset=\"https:\/\/idea.gob.ve\/wp-content\/uploads\/2024\/12\/WhatsApp-Image-2022-12-28-at-7.19.13-PM-1.jpeg 1280w, https:\/\/idea.gob.ve\/wp-content\/uploads\/2024\/12\/WhatsApp-Image-2022-12-28-at-7.19.13-PM-1-300x200.jpeg 300w, https:\/\/idea.gob.ve\/wp-content\/uploads\/2024\/12\/WhatsApp-Image-2022-12-28-at-7.19.13-PM-1-1024x682.jpeg 1024w, https:\/\/idea.gob.ve\/wp-content\/uploads\/2024\/12\/WhatsApp-Image-2022-12-28-at-7.19.13-PM-1-768x512.jpeg 768w\" sizes=\"auto, (max-width: 1280px) 100vw, 1280px\" \/>\u00a0<\/p>\n<p><img loading=\"lazy\" decoding=\"async\" class=\"alignnone wp-image-4579 size-full\" src=\"https:\/\/idea.gob.ve\/wp-content\/uploads\/2024\/12\/541329-t.jpg\" alt=\"\" width=\"1140\" height=\"750\" srcset=\"https:\/\/idea.gob.ve\/wp-content\/uploads\/2024\/12\/541329-t.jpg 1140w, https:\/\/idea.gob.ve\/wp-content\/uploads\/2024\/12\/541329-t-300x197.jpg 300w, https:\/\/idea.gob.ve\/wp-content\/uploads\/2024\/12\/541329-t-1024x674.jpg 1024w, https:\/\/idea.gob.ve\/wp-content\/uploads\/2024\/12\/541329-t-768x505.jpg 768w\" sizes=\"auto, (max-width: 1140px) 100vw, 1140px\" \/><\/p>\n<p>\u00a0<\/p>\n<!-- \/wp:tadv\/classic-paragraph --><!-- wp:tadv\/classic-paragraph \/--><!-- wp:tadv\/classic-paragraph \/--><!-- wp:tadv\/classic-paragraph \/-->\t\t\t\t\t\t<\/div>\n\t\t\t\t<\/div>\n\t\t\t\t\t<\/div>\n\t\t<\/div>\n\t\t\t\t\t\t\t<\/div>\n\t\t<\/section>\n\t\t\t\t\t\t\t<\/div>\n\t\t","protected":false},"excerpt":{"rendered":"<p>Prensa IDEA (28-12-2024). &#8211; Cada 28 de diciembre se conmemora un episodio b\u00edblico que recuerda la matanza de los ni\u00f1os menores de dos a\u00f1os nacidos en Bel\u00e9n ordenado por el [&hellip;]<\/p>\n","protected":false},"author":500,"featured_media":4575,"comment_status":"open","ping_status":"open","sticky":false,"template":"","format":"standard","meta":{"footnotes":""},"categories":[1],"tags":[],"class_list":["post-4574","post","type-post","status-publish","format-standard","has-post-thumbnail","hentry","category-sin-categoria"],"_links":{"self":[{"href":"https:\/\/idea.gob.ve\/index.php\/wp-json\/wp\/v2\/posts\/4574","targetHints":{"allow":["GET"]}}],"collection":[{"href":"https:\/\/idea.gob.ve\/index.php\/wp-json\/wp\/v2\/posts"}],"about":[{"href":"https:\/\/idea.gob.ve\/index.php\/wp-json\/wp\/v2\/types\/post"}],"author":[{"embeddable":true,"href":"https:\/\/idea.gob.ve\/index.php\/wp-json\/wp\/v2\/users\/500"}],"replies":[{"embeddable":true,"href":"https:\/\/idea.gob.ve\/index.php\/wp-json\/wp\/v2\/comments?post=4574"}],"version-history":[{"count":13,"href":"https:\/\/idea.gob.ve\/index.php\/wp-json\/wp\/v2\/posts\/4574\/revisions"}],"predecessor-version":[{"id":4593,"href":"https:\/\/idea.gob.ve\/index.php\/wp-json\/wp\/v2\/posts\/4574\/revisions\/4593"}],"wp:featuredmedia":[{"embeddable":true,"href":"https:\/\/idea.gob.ve\/index.php\/wp-json\/wp\/v2\/media\/4575"}],"wp:attachment":[{"href":"https:\/\/idea.gob.ve\/index.php\/wp-json\/wp\/v2\/media?parent=4574"}],"wp:term":[{"taxonomy":"category","embeddable":true,"href":"https:\/\/idea.gob.ve\/index.php\/wp-json\/wp\/v2\/categories?post=4574"},{"taxonomy":"post_tag","embeddable":true,"href":"https:\/\/idea.gob.ve\/index.php\/wp-json\/wp\/v2\/tags?post=4574"}],"curies":[{"name":"wp","href":"https:\/\/api.w.org\/{rel}","templated":true}]}}