{"id":4483,"date":"2024-12-12T11:40:15","date_gmt":"2024-12-12T15:40:15","guid":{"rendered":"https:\/\/idea.gob.ve\/?p=4483"},"modified":"2024-12-19T11:13:04","modified_gmt":"2024-12-19T15:13:04","slug":"autoridades-designaron-a-la-dra-marines-longart-como-presidenta-del-idea","status":"publish","type":"post","link":"https:\/\/idea.gob.ve\/index.php\/2024\/12\/12\/autoridades-designaron-a-la-dra-marines-longart-como-presidenta-del-idea\/","title":{"rendered":"Autoridades designaron a la Dra. Marin\u00e9s \u00a0Longart como presidenta del IDEA"},"content":{"rendered":"\n<p style=\"text-align: justify\"><strong>Prensa IDEA (12-12-2024).-<\/strong>\u00a0A trav\u00e9s del Decreto n\u00famero 274, de fecha 22 de noviembre de 2024, publicado en la Gaceta Oficial \u00a0N\u00famero 43.013 de la misma fecha, fueron designados la Dra. Marin\u00e9s Longart como la nueva presidenta (e) de la Fundaci\u00f3n Instituto de Estudios Avanzados (IDEA) y al Dr. Juan Carlos Mart\u00ednez Garc\u00eda, \u00a0nuevo vicepresidente (e) de este ente adscrito al Ministerio de Ciencia y Tecnolog\u00eda (Mincyt) encargado de la generaci\u00f3n de proyectos cient\u00edficos y tecnol\u00f3gicos de gran importancia para el desarrollo del pa\u00eds. \u00a0<br \/><br \/>El anunci\u00f3 de la renovaci\u00f3n de las autoridades lo realiz\u00f3 la Ministra del Poder Popular para Ciencia y Tecnolog\u00eda y vicepresidenta sectorial para Ciencia, Tecnolog\u00eda, Educaci\u00f3n y Salud, Gabriela Jim\u00e9nez Ram\u00edrez durante un acto para celebrar el 45 aniversario de esta reconocida instituci\u00f3n, el pasado viernes 22 de noviembre.<br \/><br \/>Marines Longart es investigadora y coordinadora del Laboratorio de Neurobiolog\u00eda Celular de la Unidad de Neurociencias de la Fundaci\u00f3n IDEA. <br \/><br \/>\u201cQueremos retomar la din\u00e1mica que los directivos vengan de la misma instituci\u00f3n y desde la misma cuna de sus trabajadores, para que sigan apoyando a la fuerza laboral, que con su ingenio, esfuerzo y dedicaci\u00f3n, nos permita lograr el desarrollo cient\u00edfico y tecnol\u00f3gico nacional\u201d, dijo la Ministra Gabriela Jim\u00e9nez.<br \/><br \/>Es importante mencionar que la Dra. Marin\u00e9s Longart se ha destacado por sus labores de investigaci\u00f3n para la producci\u00f3n de anticuerpos contra la prote\u00edna ErbB-2, para la elaboraci\u00f3n del Kit de Diagn\u00f3stico para c\u00e1ncer de mama, como parte del proyecto \u201cDesarrollo de Nuevas Tecnolog\u00edas para el Diagn\u00f3stico y Terap\u00e9utica en C\u00e1ncer.<\/p>\n<p style=\"text-align: justify\">Asimismo, por su trayectoria en el \u00e1rea de neurociencias y a sus aportes para el diagn\u00f3stico de ErbB2, la Dra. Longart recibi\u00f3 un reconocimiento a su esfuerzo individual en investigaci\u00f3n, mediante el Premio Especial de Ciencia y Tecnolog\u00eda, en la categor\u00eda \u201cMujer y Ni\u00f1a en la Ciencia\u201d de los XIX Premios Nacionales de Ciencia, Tecnolog\u00eda e Innovaci\u00f3n Dr. \u201cHumberto Fern\u00e1ndez-Mor\u00e1n\u201d 2023.<\/p>\n<p style=\"text-align: justify\">Por su parte, el Dr. Juan Carlos Mart\u00ednez Garc\u00eda es Licenciado en Biolog\u00eda de la Universidad Sim\u00f3n Bol\u00edvar y tiene un Ph.D. de la Universidad de Cambridge, Reino Unido en Biolog\u00eda Molecular. Ha participado en proyecto vinculados a la b\u00fasqueda de f\u00e1rmacos para disminuir la muerte neuronal causada por accidentes cerebrovasculares isqu\u00e9micos, el desarrollo de terapias aplicables en la regeneraci\u00f3n de nervios lesionados, la producci\u00f3n de surfactante pulmonar semi-sint\u00e9tico y el estudio de la funci\u00f3n de prote\u00ednas quinasas dependientes de AMP c\u00edclico de Trypanosomas.<\/p>\n<p style=\"text-align: justify\">Adicionalmente, los Dres. Marines Longart y Juan Carlos Mart\u00ednez son coordinadores del proyecto de investigaci\u00f3n: \u00a0Establecimiento en Venezuela de un modelo de accidentes cerebro-vasculares isqu\u00e9micos en animales experimentales para el estudio de drogas que disminuyan el da\u00f1o cerebral.<br \/><br \/>Con esta nueva renovaci\u00f3n de autoridades el equipo de investigadores y cient\u00edficos de la Fundaci\u00f3n IDEA seguir\u00e1 apostando al desarrollo de proyectos de gran envergadura que permitan afianzar la Venezuela Potencia.<\/p>\n<p>\u00a0<\/p>\n<p>Texto: Hern\u00e1n Romero (Prensa IDEA)<\/p>\n<p>Foto: Rolando Gonz\u00e1lez\u00a0<\/p>\n\n\n\n<figure class=\"wp-block-image size-large\"><img loading=\"lazy\" decoding=\"async\" width=\"1024\" height=\"1024\" src=\"https:\/\/idea.gob.ve\/wp-content\/uploads\/2024\/12\/WhatsApp-Image-2024-12-19-at-11.10.41-AM-1024x1024.jpeg\" alt=\"\" class=\"wp-image-4513\" srcset=\"https:\/\/idea.gob.ve\/wp-content\/uploads\/2024\/12\/WhatsApp-Image-2024-12-19-at-11.10.41-AM-1024x1024.jpeg 1024w, https:\/\/idea.gob.ve\/wp-content\/uploads\/2024\/12\/WhatsApp-Image-2024-12-19-at-11.10.41-AM-300x300.jpeg 300w, https:\/\/idea.gob.ve\/wp-content\/uploads\/2024\/12\/WhatsApp-Image-2024-12-19-at-11.10.41-AM-150x150.jpeg 150w, https:\/\/idea.gob.ve\/wp-content\/uploads\/2024\/12\/WhatsApp-Image-2024-12-19-at-11.10.41-AM-768x768.jpeg 768w, https:\/\/idea.gob.ve\/wp-content\/uploads\/2024\/12\/WhatsApp-Image-2024-12-19-at-11.10.41-AM.jpeg 1080w\" sizes=\"auto, (max-width: 1024px) 100vw, 1024px\" \/><\/figure>\n","protected":false},"excerpt":{"rendered":"<p>Prensa IDEA (12-12-2024).-\u00a0A trav\u00e9s del Decreto n\u00famero 274, de fecha 22 de noviembre de 2024, publicado en la Gaceta Oficial \u00a0N\u00famero 43.013 de la misma fecha, fueron designados la Dra. [&hellip;]<\/p>\n","protected":false},"author":500,"featured_media":4512,"comment_status":"open","ping_status":"open","sticky":false,"template":"","format":"standard","meta":{"footnotes":""},"categories":[23],"tags":[],"class_list":["post-4483","post","type-post","status-publish","format-standard","has-post-thumbnail","hentry","category-idea"],"_links":{"self":[{"href":"https:\/\/idea.gob.ve\/index.php\/wp-json\/wp\/v2\/posts\/4483","targetHints":{"allow":["GET"]}}],"collection":[{"href":"https:\/\/idea.gob.ve\/index.php\/wp-json\/wp\/v2\/posts"}],"about":[{"href":"https:\/\/idea.gob.ve\/index.php\/wp-json\/wp\/v2\/types\/post"}],"author":[{"embeddable":true,"href":"https:\/\/idea.gob.ve\/index.php\/wp-json\/wp\/v2\/users\/500"}],"replies":[{"embeddable":true,"href":"https:\/\/idea.gob.ve\/index.php\/wp-json\/wp\/v2\/comments?post=4483"}],"version-history":[{"count":2,"href":"https:\/\/idea.gob.ve\/index.php\/wp-json\/wp\/v2\/posts\/4483\/revisions"}],"predecessor-version":[{"id":4514,"href":"https:\/\/idea.gob.ve\/index.php\/wp-json\/wp\/v2\/posts\/4483\/revisions\/4514"}],"wp:featuredmedia":[{"embeddable":true,"href":"https:\/\/idea.gob.ve\/index.php\/wp-json\/wp\/v2\/media\/4512"}],"wp:attachment":[{"href":"https:\/\/idea.gob.ve\/index.php\/wp-json\/wp\/v2\/media?parent=4483"}],"wp:term":[{"taxonomy":"category","embeddable":true,"href":"https:\/\/idea.gob.ve\/index.php\/wp-json\/wp\/v2\/categories?post=4483"},{"taxonomy":"post_tag","embeddable":true,"href":"https:\/\/idea.gob.ve\/index.php\/wp-json\/wp\/v2\/tags?post=4483"}],"curies":[{"name":"wp","href":"https:\/\/api.w.org\/{rel}","templated":true}]}}