{"id":4479,"date":"2024-12-12T11:12:12","date_gmt":"2024-12-12T15:12:12","guid":{"rendered":"https:\/\/idea.gob.ve\/?p=4479"},"modified":"2024-12-12T11:12:12","modified_gmt":"2024-12-12T15:12:12","slug":"inicio-formacion-academica-de-los-maestrantes-en-procesos-sociopoliticos-de-integracion-venezolanos-latinoamericanos-y-del-caribe","status":"publish","type":"post","link":"https:\/\/idea.gob.ve\/index.php\/2024\/12\/12\/inicio-formacion-academica-de-los-maestrantes-en-procesos-sociopoliticos-de-integracion-venezolanos-latinoamericanos-y-del-caribe\/","title":{"rendered":"Inici\u00f3 formaci\u00f3n acad\u00e9mica de los maestrantes en Procesos Sociopol\u00edticos de Integraci\u00f3n Venezolanos, Latinoamericanos y del Caribe"},"content":{"rendered":"\n<p style=\"text-align: justify\"><strong>Prensa IDEA (12-12-2024).- <\/strong>Participantes de la III Cohorte de la Maestr\u00eda en Procesos Sociopol\u00edticos de Integraci\u00f3n Venezolanos, Latinoamericanos y del Caribe, dieron inicio a las clases del curso introductorio de este programa de estudio, promovido por la Escuela Superior Internacional (ESI) de la Fundaci\u00f3n Instituto de Estudios Avanzados (IDEA) y que persigue orientar y brindar nuevos enfoques y procesos de unificaci\u00f3n en las naciones de centro y Suram\u00e9rica.<\/p>\n\n\n\n<p style=\"text-align: justify\">El decano de la ESI, Dr. David Agust\u00edn Silva, indic\u00f3 que el primer encuentro acad\u00e9mico se realiz\u00f3 en las instalaciones de la Fundaci\u00f3n Centro de Estudios Latinoamericanos R\u00f3mulo Gallegos (CELARG), ubicado en el municipio Chacao del estado Miranda y cont\u00f3 con la participaci\u00f3n de la coordinadora del Comit\u00e9 Acad\u00e9mico y titular de la Direcci\u00f3n de Sociopol\u00edtica y Cultura, Dra. Fabiola Velasco P\u00e9rez, el Ph.D. Jos\u00e9 Gregorio Aguiar L\u00f3pez, Ph.D.,y Dr. Omar V\u00e1squez Heredia, miembros del Comit\u00e9 Acad\u00e9mico y el Dr. Edgar Figuera Bottini, profesor de la c\u00e1tedra \u201cHistorias de las ideas pol\u00edticas\u201d.<\/p>\n\n\n\n<p style=\"text-align: justify\">Silva explic\u00f3 que estos estudios de cuarto nivel cuentan con plan de estudios bien estructurado que consta de componentes b\u00e1sico, especializado y heur\u00edstico. Asimismo, los participantes tendr\u00e1n la oportunidad de crear proyectos y productos acad\u00e9micos relacionados con las nuevas etapas de integraci\u00f3n y discusi\u00f3n fundamental en el pensamiento cr\u00edtico, con una orientaci\u00f3n epistemol\u00f3gica y transdisciplinaria requeridas en los procesos de transformaci\u00f3n sociopol\u00edtica nacional y de integraci\u00f3n interregional.<\/p>\n\n\n\n<p style=\"text-align: justify\">\u201cEste encuentro fue muy importante porque nos permiti\u00f3 aclarar dudas e inquietudes de los estudiantes, adem\u00e1s que le brindamos informaci\u00f3n relevante sobre los calendarios y estrategias de clases\u201d, dijo.<\/p>\n\n\n\n<p style=\"text-align: justify\">Por su parte, la Dra. Fabiola Velasco P\u00e9rez inform\u00f3 que las clases comenzar\u00e1n formalmente el 24 de enero de 2025, con una conferencia magistral con el Doctor en Filosof\u00eda Pol\u00edtica, Miguel \u00c1ngel P\u00e9rez Pirela.<\/p>\n\n\n\n<p style=\"text-align: justify\">Record\u00f3 que la maestr\u00eda de Procesos Sociopol\u00edticos de Integraci\u00f3n Venezolanos, Latinoamericanos y del Caribe, ofrece una alternativa\u00a0 innovadora y pertinente desde una perspectiva compleja y transdisciplinaria, que integra el conocimiento de las diversas disciplinas sociales y busca la generaci\u00f3n de conocimiento aplicable a la soluci\u00f3n de problemas, con\u00a0 criterios\u00a0 de\u00a0 amplitud en sus l\u00edneas de investigaci\u00f3n y en la b\u00fasqueda de la pertinencia social, necesarios para estos tiempos.<\/p>\n\n\n\n<p style=\"text-align: justify\">Velasco agreg\u00f3 que en este programa de estudios de cuarto nivel le acompa\u00f1an en la Coordinaci\u00f3n Acad\u00e9mica la Dra. Dionys Rivas Armas (IDEA) y la Dra. Ximena Gonz\u00e1lez Broquen (IVIC); Jos\u00e9 Gregorio Aguiar L\u00f3pez y el Dr. Omar V\u00e1zquez Heredia del IDEA, como suplentes respectivamente.\u2028<\/p>\n<p>\u00a0<\/p>\n<p style=\"text-align: justify\">Texto : Prensa IDEA<\/p>\n\n\n\n<figure class=\"wp-block-image size-large\"><img loading=\"lazy\" decoding=\"async\" width=\"1024\" height=\"688\" src=\"https:\/\/idea.gob.ve\/wp-content\/uploads\/2024\/12\/WhatsApp-Image-2024-12-12-at-11.02.03-AM-1024x688.jpeg\" alt=\"\" class=\"wp-image-4481\" srcset=\"https:\/\/idea.gob.ve\/wp-content\/uploads\/2024\/12\/WhatsApp-Image-2024-12-12-at-11.02.03-AM-1024x688.jpeg 1024w, https:\/\/idea.gob.ve\/wp-content\/uploads\/2024\/12\/WhatsApp-Image-2024-12-12-at-11.02.03-AM-300x201.jpeg 300w, https:\/\/idea.gob.ve\/wp-content\/uploads\/2024\/12\/WhatsApp-Image-2024-12-12-at-11.02.03-AM-768x516.jpeg 768w, https:\/\/idea.gob.ve\/wp-content\/uploads\/2024\/12\/WhatsApp-Image-2024-12-12-at-11.02.03-AM.jpeg 1513w\" sizes=\"auto, (max-width: 1024px) 100vw, 1024px\" \/><\/figure>\n","protected":false},"excerpt":{"rendered":"<p>Prensa IDEA (12-12-2024).- Participantes de la III Cohorte de la Maestr\u00eda en Procesos Sociopol\u00edticos de Integraci\u00f3n Venezolanos, Latinoamericanos y del Caribe, dieron inicio a las clases del curso introductorio de [&hellip;]<\/p>\n","protected":false},"author":500,"featured_media":4480,"comment_status":"open","ping_status":"open","sticky":false,"template":"","format":"standard","meta":{"footnotes":""},"categories":[23],"tags":[],"class_list":["post-4479","post","type-post","status-publish","format-standard","has-post-thumbnail","hentry","category-idea"],"_links":{"self":[{"href":"https:\/\/idea.gob.ve\/index.php\/wp-json\/wp\/v2\/posts\/4479","targetHints":{"allow":["GET"]}}],"collection":[{"href":"https:\/\/idea.gob.ve\/index.php\/wp-json\/wp\/v2\/posts"}],"about":[{"href":"https:\/\/idea.gob.ve\/index.php\/wp-json\/wp\/v2\/types\/post"}],"author":[{"embeddable":true,"href":"https:\/\/idea.gob.ve\/index.php\/wp-json\/wp\/v2\/users\/500"}],"replies":[{"embeddable":true,"href":"https:\/\/idea.gob.ve\/index.php\/wp-json\/wp\/v2\/comments?post=4479"}],"version-history":[{"count":1,"href":"https:\/\/idea.gob.ve\/index.php\/wp-json\/wp\/v2\/posts\/4479\/revisions"}],"predecessor-version":[{"id":4482,"href":"https:\/\/idea.gob.ve\/index.php\/wp-json\/wp\/v2\/posts\/4479\/revisions\/4482"}],"wp:featuredmedia":[{"embeddable":true,"href":"https:\/\/idea.gob.ve\/index.php\/wp-json\/wp\/v2\/media\/4480"}],"wp:attachment":[{"href":"https:\/\/idea.gob.ve\/index.php\/wp-json\/wp\/v2\/media?parent=4479"}],"wp:term":[{"taxonomy":"category","embeddable":true,"href":"https:\/\/idea.gob.ve\/index.php\/wp-json\/wp\/v2\/categories?post=4479"},{"taxonomy":"post_tag","embeddable":true,"href":"https:\/\/idea.gob.ve\/index.php\/wp-json\/wp\/v2\/tags?post=4479"}],"curies":[{"name":"wp","href":"https:\/\/api.w.org\/{rel}","templated":true}]}}