{"id":4060,"date":"2024-09-02T09:20:49","date_gmt":"2024-09-02T13:20:49","guid":{"rendered":"https:\/\/idea.gob.ve\/?p=4060"},"modified":"2024-09-02T09:20:49","modified_gmt":"2024-09-02T13:20:49","slug":"polo-cientifico-y-mision-nevado-realizan-jornada-de-esterilizacion-de-felinos-y-caninos-en-hoyo-de-la-puerta","status":"publish","type":"post","link":"https:\/\/idea.gob.ve\/index.php\/2024\/09\/02\/polo-cientifico-y-mision-nevado-realizan-jornada-de-esterilizacion-de-felinos-y-caninos-en-hoyo-de-la-puerta\/","title":{"rendered":"Polo Cient\u00edfico y Misi\u00f3n Nevado realizan jornada de esterilizaci\u00f3n de felinos y caninos en Hoyo de La Puerta"},"content":{"rendered":"\n<p style=\"text-align: justify\"><strong>Prensa IDEA 02-09-2024.- <\/strong>Gracias a las pol\u00edticas p\u00fablicas en materia de protecci\u00f3n animal que promueve el Gobierno Bolivariano, este viernes se realiz\u00f3 una jornada de esterilizaci\u00f3n de caninos y felinos, en el sector Los Camacaros, Hoyo de La Puerta, del municipio Baruta en el estado Miranda, como iniciativa del Polo Cient\u00edfico y Tecnol\u00f3gico venezolano y la Misi\u00f3n Nevado.<\/p>\n\n\n\n<p style=\"text-align: justify\">En el operativo se atendieron 60 animales entre felinos y caninos quienes recibieron atenci\u00f3n m\u00e9dica gratuita en un quir\u00f3fano m\u00f3vil que fue instalado en esa comunidad mirandina.<\/p>\n\n\n\n<p style=\"text-align: justify\">La doctora Mar\u00eda Daniela G\u00f3mez, m\u00e9dica veterinaria de la Misi\u00f3n Nevado asegur\u00f3 que la esterilizaci\u00f3n es fundamental para el control poblacional de los caninos y los felinos, adem\u00e1s de evitar la proliferaci\u00f3n de animales en situaci\u00f3n de calle.<\/p>\n\n\n\n<p style=\"text-align: justify\">\u00bb Estas jornadas nos permiten brindarles atenci\u00f3n a los gatitos y perritos velar por su salud y reducir las enfermedades. Estamos llegando a las sectores m\u00e1s necesitados para velar por el bienestar de las mascotas \u00ab, dijo.<\/p>\n\n\n\n<p style=\"text-align: justify\">Asimismo, el consultor jur\u00eddico de la Fundaci\u00f3n IDEA, Alfonso Blanco brind\u00f3 una charla educativa a los vecinos sobre el basamento legal, cuidado y protecci\u00f3n animal. Adem\u00e1s, explic\u00f3 las sanciones y penas para aquellos que incurran en el maltrato y asesinato de las mascotas.<\/p>\n\n\n\n<p style=\"text-align: justify\">\u00abEn la Fundaci\u00f3n IDEA velamos por el cuidado de los animales y en el Bioterio se realizan la extracci\u00f3n de venenos para la investigaci\u00f3n de tratamientos m\u00e9dicos y generar sueros antiof\u00eddicos\u00bb, acot\u00f3.<\/p>\n\n\n\n<p><strong>Comunidad agradecida<\/strong><\/p>\n\n\n\n<p style=\"text-align: justify\">La vecina Yelitza Ramos, habitante del sector San Luis Hoyo de La Puerta calific\u00f3 como positiva la jornada de esterilizaci\u00f3n porque a su juicio se promueve el cuidado y control de la natalidad de los animales de compa\u00f1\u00eda.<\/p>\n\n\n\n<p style=\"text-align: justify\">\u00abAgradecida con el presidente Nicol\u00e1s Maduro, la ministra de Ciencia y Tecnolog\u00eda, Gabriela Jim\u00e9nez, la presidenta de la Misi\u00f3n Nevado, Maigualida Vargas por hacer posible este tipo de operativos en las comunidades y sectores populares espero que se contin\u00faen realizando \u00ab, expres\u00f3.<\/p>\n\n\n\n<p>Texto: Hern\u00e1n Romero ( Prensa IDEA)<\/p>\n\n\n\n<p>Fotos: C\u00e9sar Querales ( Prensa IDEA)<\/p>\n\n\n\n<figure class=\"wp-block-image size-large\"><img loading=\"lazy\" decoding=\"async\" width=\"1024\" height=\"682\" src=\"https:\/\/idea.gob.ve\/wp-content\/uploads\/2024\/09\/WhatsApp-Image-2024-08-30-at-6.03.45-PM-1-1024x682.jpeg\" alt=\"\" class=\"wp-image-4062\" srcset=\"https:\/\/idea.gob.ve\/wp-content\/uploads\/2024\/09\/WhatsApp-Image-2024-08-30-at-6.03.45-PM-1-1024x682.jpeg 1024w, https:\/\/idea.gob.ve\/wp-content\/uploads\/2024\/09\/WhatsApp-Image-2024-08-30-at-6.03.45-PM-1-300x200.jpeg 300w, https:\/\/idea.gob.ve\/wp-content\/uploads\/2024\/09\/WhatsApp-Image-2024-08-30-at-6.03.45-PM-1-768x512.jpeg 768w, https:\/\/idea.gob.ve\/wp-content\/uploads\/2024\/09\/WhatsApp-Image-2024-08-30-at-6.03.45-PM-1-1536x1024.jpeg 1536w, https:\/\/idea.gob.ve\/wp-content\/uploads\/2024\/09\/WhatsApp-Image-2024-08-30-at-6.03.45-PM-1-2048x1365.jpeg 2048w\" sizes=\"auto, (max-width: 1024px) 100vw, 1024px\" \/><\/figure>\n\n\n\n<figure class=\"wp-block-image size-large\"><img loading=\"lazy\" decoding=\"async\" width=\"1024\" height=\"682\" src=\"https:\/\/idea.gob.ve\/wp-content\/uploads\/2024\/09\/WhatsApp-Image-2024-08-30-at-6.04.18-PM-1024x682.jpeg\" alt=\"\" class=\"wp-image-4063\" srcset=\"https:\/\/idea.gob.ve\/wp-content\/uploads\/2024\/09\/WhatsApp-Image-2024-08-30-at-6.04.18-PM-1024x682.jpeg 1024w, https:\/\/idea.gob.ve\/wp-content\/uploads\/2024\/09\/WhatsApp-Image-2024-08-30-at-6.04.18-PM-300x200.jpeg 300w, https:\/\/idea.gob.ve\/wp-content\/uploads\/2024\/09\/WhatsApp-Image-2024-08-30-at-6.04.18-PM-768x512.jpeg 768w, https:\/\/idea.gob.ve\/wp-content\/uploads\/2024\/09\/WhatsApp-Image-2024-08-30-at-6.04.18-PM-1536x1024.jpeg 1536w, https:\/\/idea.gob.ve\/wp-content\/uploads\/2024\/09\/WhatsApp-Image-2024-08-30-at-6.04.18-PM-2048x1365.jpeg 2048w\" sizes=\"auto, (max-width: 1024px) 100vw, 1024px\" \/><\/figure>\n\n\n\n<figure class=\"wp-block-image size-large\"><img loading=\"lazy\" decoding=\"async\" width=\"1024\" height=\"682\" src=\"https:\/\/idea.gob.ve\/wp-content\/uploads\/2024\/09\/WhatsApp-Image-2024-08-30-at-6.03.48-PM-1-1024x682.jpeg\" alt=\"\" class=\"wp-image-4064\" srcset=\"https:\/\/idea.gob.ve\/wp-content\/uploads\/2024\/09\/WhatsApp-Image-2024-08-30-at-6.03.48-PM-1-1024x682.jpeg 1024w, https:\/\/idea.gob.ve\/wp-content\/uploads\/2024\/09\/WhatsApp-Image-2024-08-30-at-6.03.48-PM-1-300x200.jpeg 300w, https:\/\/idea.gob.ve\/wp-content\/uploads\/2024\/09\/WhatsApp-Image-2024-08-30-at-6.03.48-PM-1-768x512.jpeg 768w, https:\/\/idea.gob.ve\/wp-content\/uploads\/2024\/09\/WhatsApp-Image-2024-08-30-at-6.03.48-PM-1-1536x1024.jpeg 1536w, https:\/\/idea.gob.ve\/wp-content\/uploads\/2024\/09\/WhatsApp-Image-2024-08-30-at-6.03.48-PM-1-2048x1365.jpeg 2048w\" sizes=\"auto, (max-width: 1024px) 100vw, 1024px\" \/><\/figure>\n\n\n\n<figure class=\"wp-block-image size-large\"><img loading=\"lazy\" decoding=\"async\" width=\"1024\" height=\"682\" src=\"https:\/\/idea.gob.ve\/wp-content\/uploads\/2024\/09\/WhatsApp-Image-2024-08-30-at-6.03.48-PM-1024x682.jpeg\" alt=\"\" class=\"wp-image-4065\" srcset=\"https:\/\/idea.gob.ve\/wp-content\/uploads\/2024\/09\/WhatsApp-Image-2024-08-30-at-6.03.48-PM-1024x682.jpeg 1024w, https:\/\/idea.gob.ve\/wp-content\/uploads\/2024\/09\/WhatsApp-Image-2024-08-30-at-6.03.48-PM-300x200.jpeg 300w, https:\/\/idea.gob.ve\/wp-content\/uploads\/2024\/09\/WhatsApp-Image-2024-08-30-at-6.03.48-PM-768x512.jpeg 768w, https:\/\/idea.gob.ve\/wp-content\/uploads\/2024\/09\/WhatsApp-Image-2024-08-30-at-6.03.48-PM-1536x1024.jpeg 1536w, https:\/\/idea.gob.ve\/wp-content\/uploads\/2024\/09\/WhatsApp-Image-2024-08-30-at-6.03.48-PM-2048x1365.jpeg 2048w\" sizes=\"auto, (max-width: 1024px) 100vw, 1024px\" \/><\/figure>\n\n\n\n\n","protected":false},"excerpt":{"rendered":"<p>Prensa IDEA 02-09-2024.- Gracias a las pol\u00edticas p\u00fablicas en materia de protecci\u00f3n animal que promueve el Gobierno Bolivariano, este viernes se realiz\u00f3 una jornada de esterilizaci\u00f3n de caninos y felinos, [&hellip;]<\/p>\n","protected":false},"author":500,"featured_media":4061,"comment_status":"open","ping_status":"open","sticky":false,"template":"","format":"standard","meta":{"footnotes":""},"categories":[23],"tags":[],"class_list":["post-4060","post","type-post","status-publish","format-standard","has-post-thumbnail","hentry","category-idea"],"_links":{"self":[{"href":"https:\/\/idea.gob.ve\/index.php\/wp-json\/wp\/v2\/posts\/4060","targetHints":{"allow":["GET"]}}],"collection":[{"href":"https:\/\/idea.gob.ve\/index.php\/wp-json\/wp\/v2\/posts"}],"about":[{"href":"https:\/\/idea.gob.ve\/index.php\/wp-json\/wp\/v2\/types\/post"}],"author":[{"embeddable":true,"href":"https:\/\/idea.gob.ve\/index.php\/wp-json\/wp\/v2\/users\/500"}],"replies":[{"embeddable":true,"href":"https:\/\/idea.gob.ve\/index.php\/wp-json\/wp\/v2\/comments?post=4060"}],"version-history":[{"count":1,"href":"https:\/\/idea.gob.ve\/index.php\/wp-json\/wp\/v2\/posts\/4060\/revisions"}],"predecessor-version":[{"id":4066,"href":"https:\/\/idea.gob.ve\/index.php\/wp-json\/wp\/v2\/posts\/4060\/revisions\/4066"}],"wp:featuredmedia":[{"embeddable":true,"href":"https:\/\/idea.gob.ve\/index.php\/wp-json\/wp\/v2\/media\/4061"}],"wp:attachment":[{"href":"https:\/\/idea.gob.ve\/index.php\/wp-json\/wp\/v2\/media?parent=4060"}],"wp:term":[{"taxonomy":"category","embeddable":true,"href":"https:\/\/idea.gob.ve\/index.php\/wp-json\/wp\/v2\/categories?post=4060"},{"taxonomy":"post_tag","embeddable":true,"href":"https:\/\/idea.gob.ve\/index.php\/wp-json\/wp\/v2\/tags?post=4060"}],"curies":[{"name":"wp","href":"https:\/\/api.w.org\/{rel}","templated":true}]}}