{"id":3867,"date":"2024-07-16T10:22:14","date_gmt":"2024-07-16T14:22:14","guid":{"rendered":"https:\/\/idea.gob.ve\/?p=3867"},"modified":"2024-07-16T10:26:08","modified_gmt":"2024-07-16T14:26:08","slug":"concientizan-a-la-poblacion-sobre-importancia-de-preservar-la-vida-de-los-reptiles-para-la-produccion-de-antivenenos","status":"publish","type":"post","link":"https:\/\/idea.gob.ve\/index.php\/2024\/07\/16\/concientizan-a-la-poblacion-sobre-importancia-de-preservar-la-vida-de-los-reptiles-para-la-produccion-de-antivenenos\/","title":{"rendered":"Concientizan a la poblaci\u00f3n sobre importancia de preservar la vida de los reptiles para la producci\u00f3n de antivenenos"},"content":{"rendered":"\t\t<div data-elementor-type=\"wp-post\" data-elementor-id=\"3867\" class=\"elementor elementor-3867\" data-elementor-post-type=\"post\">\n\t\t\t\t\t\t\t\t\t<section class=\"elementor-section elementor-top-section elementor-element elementor-element-13489361 elementor-section-boxed elementor-section-height-default elementor-section-height-default\" data-id=\"13489361\" data-element_type=\"section\">\n\t\t\t\t\t\t<div class=\"elementor-container elementor-column-gap-default\">\n\t\t\t\t\t<div class=\"elementor-column elementor-col-100 elementor-top-column elementor-element elementor-element-7be2db86\" data-id=\"7be2db86\" data-element_type=\"column\">\n\t\t\t<div class=\"elementor-widget-wrap elementor-element-populated\">\n\t\t\t\t\t\t\t\t<div class=\"elementor-element elementor-element-6842bfbb elementor-widget elementor-widget-text-editor\" data-id=\"6842bfbb\" data-element_type=\"widget\" data-widget_type=\"text-editor.default\">\n\t\t\t\t<div class=\"elementor-widget-container\">\n\t\t\t\t\t\t\t<p><!-- wp:tadv\/classic-paragraph --><\/p>\n<p>** Cada 16 de julio se celebra el \u00a1D\u00eda Mundial de la Serpiente! para cambiar la percepci\u00f3n sobre estas especies y conservar su h\u00e1bitat natural<\/p>\n<p><strong>Prensa Fundaci\u00f3n IDEA (16.07.24)<\/strong>.- Con el fin de concienciar a la poblaci\u00f3n sobre la importancia de preservar la vida de las serpientes, para asegurar la elaboraci\u00f3n de sueros antiof\u00eddico, a fin de disminuir la tasa de mortalidad a causa de las mordeduras de estas especies, cada el 16 de julio se celebra el \u00a1D\u00eda Mundial de la Serpiente!, para enfrentar la alta incidencia de accidente of\u00eddicos, lo cual se ha convertido en un problema de salud p\u00fablica en algunos pa\u00edses tropicales, entre ellos Venezuela.<\/p>\n<p>Este creciente riesgo es objeto de estudio por parte de los profesionales de ciencia de los diversos centros cient\u00edficos nacionales e internacionales, como por ejemplo, los investigadores del Laboratorio de Neuroinmunolog\u00eda de la Fundaci\u00f3n Instituto de Estudios Avanzados (IDEA), ente adscrito al Ministerio del Poder Popular para Ciencia y Tecnolog\u00eda (Mincyt), quienes actualmente avanzan en la producci\u00f3n de antivenenos, mediante el uso de la tecnolog\u00eda \u201cIgY\u201d, utilizando anticuerpos de gallinas, sin causar sufrimiento animal.<\/p>\n<p>El proyecto en curso se denomina \u201cProducci\u00f3n de Anticuerpos \u201cIgY\u201d para la generaci\u00f3n de antivenenos efectivos contra serpientes del g\u00e9nero Bothrops\u201d, y tiene como finalidad ofrecer terapias alternas para neutralizar los efectos de las mordeduras de serpientes en seres humanos.<\/p>\n<p>Por otra parte, la Fundaci\u00f3n IDEA cuenta con un Bioterio y un Serpentario en los cuales se reproducen, cr\u00edan, alojan, mantienen, controlan y exhiben diversas especies de v\u00edboras y serpientes utilizados con fines investigativos en el \u00e1rea de salud y docencia para dar respuesta a las problem\u00e1ticas que afectan a la poblaci\u00f3n venezolana y para brindar informaci\u00f3n a los estudiantes.<\/p>\n<p>Vale destacar que en Venezuela se encuentran especies altamente venenosas, entre ellas, la tigra mariposa (Bothrops venezuelensis), la mapanare (Bothrops colombiensis) y la cascabel (Crotalus durissus cumanensis); adem\u00e1s de la Cuaimas (Lachesis), las cuales pueden encontrarse en las regiones costera, llanera, amaz\u00f3nica, insular, andina, as\u00ed como especialmente, en los estados Lara, Falc\u00f3n, Zulia y en Guayana.<\/p>\n<p><strong>Texto: Reina Ruiz<\/strong><\/p>\n<p><strong>Fotos: C\u00e9sar Querales \/ Rolando Gonz\u00e1lez<\/strong><\/p>\n<p><!-- \/wp:tadv\/classic-paragraph --><\/p>\n<p><!-- wp:tadv\/classic-paragraph \/--><\/p>\n<p><!-- wp:gallery {\"linkTo\":\"none\"} --><\/p>\n<figure class=\"wp-block-gallery has-nested-images columns-default is-cropped\"><!-- wp:image {\"id\":3627,\"sizeSlug\":\"large\",\"linkDestination\":\"none\"} --><\/figure>\n<figure class=\"wp-block-image size-large\"><img loading=\"lazy\" decoding=\"async\" class=\"alignnone wp-image-3870 size-medium\" src=\"https:\/\/idea.gob.ve\/wp-content\/uploads\/2024\/07\/002-2-300x200.jpg\" alt=\"\" width=\"300\" height=\"200\" srcset=\"https:\/\/idea.gob.ve\/wp-content\/uploads\/2024\/07\/002-2-300x200.jpg 300w, https:\/\/idea.gob.ve\/wp-content\/uploads\/2024\/07\/002-2-1024x682.jpg 1024w, https:\/\/idea.gob.ve\/wp-content\/uploads\/2024\/07\/002-2-768x512.jpg 768w, https:\/\/idea.gob.ve\/wp-content\/uploads\/2024\/07\/002-2-1536x1023.jpg 1536w, https:\/\/idea.gob.ve\/wp-content\/uploads\/2024\/07\/002-2.jpg 1600w\" sizes=\"auto, (max-width: 300px) 100vw, 300px\" \/><\/figure>\n<p><!-- \/wp:image --><\/p>\n<p><!-- \/wp:gallery --><\/p>\n<p><!-- wp:gallery {\"linkTo\":\"none\"} --><\/p>\n<figure class=\"wp-block-gallery has-nested-images columns-default is-cropped\"><!-- wp:image {\"id\":3628,\"sizeSlug\":\"large\",\"linkDestination\":\"none\"} --><\/figure>\n<figure><img loading=\"lazy\" decoding=\"async\" class=\"alignnone wp-image-3871 size-medium\" src=\"https:\/\/idea.gob.ve\/wp-content\/uploads\/2024\/07\/003-1-300x200.jpg\" alt=\"\" width=\"300\" height=\"200\" srcset=\"https:\/\/idea.gob.ve\/wp-content\/uploads\/2024\/07\/003-1-300x200.jpg 300w, https:\/\/idea.gob.ve\/wp-content\/uploads\/2024\/07\/003-1-1024x682.jpg 1024w, https:\/\/idea.gob.ve\/wp-content\/uploads\/2024\/07\/003-1-768x512.jpg 768w, https:\/\/idea.gob.ve\/wp-content\/uploads\/2024\/07\/003-1-1536x1023.jpg 1536w, https:\/\/idea.gob.ve\/wp-content\/uploads\/2024\/07\/003-1.jpg 1600w\" sizes=\"auto, (max-width: 300px) 100vw, 300px\" \/><\/figure>\n<figure><img loading=\"lazy\" decoding=\"async\" class=\"alignnone wp-image-3872 size-medium\" src=\"https:\/\/idea.gob.ve\/wp-content\/uploads\/2024\/07\/004-1-300x200.jpg\" alt=\"\" width=\"300\" height=\"200\" srcset=\"https:\/\/idea.gob.ve\/wp-content\/uploads\/2024\/07\/004-1-300x200.jpg 300w, https:\/\/idea.gob.ve\/wp-content\/uploads\/2024\/07\/004-1-1024x682.jpg 1024w, https:\/\/idea.gob.ve\/wp-content\/uploads\/2024\/07\/004-1-768x512.jpg 768w, https:\/\/idea.gob.ve\/wp-content\/uploads\/2024\/07\/004-1-1536x1023.jpg 1536w, https:\/\/idea.gob.ve\/wp-content\/uploads\/2024\/07\/004-1.jpg 1600w\" sizes=\"auto, (max-width: 300px) 100vw, 300px\" \/><\/figure>\n<p>\u00a0<\/p>\n<figure>\u00a0<\/figure>\n<p>\u00a0<\/p>\n<p>\u00a0<\/p>\n<figure class=\"wp-block-image size-large\"><\/figure>\n<p><!-- \/wp:image --><\/p>\n<p><!-- \/wp:gallery --><\/p>\t\t\t\t\t\t<\/div>\n\t\t\t\t<\/div>\n\t\t\t\t\t<\/div>\n\t\t<\/div>\n\t\t\t\t\t\t\t<\/div>\n\t\t<\/section>\n\t\t\t\t\t\t\t<\/div>\n\t\t","protected":false},"excerpt":{"rendered":"<p>** Cada 16 de julio se celebra el \u00a1D\u00eda Mundial de la Serpiente! para cambiar la percepci\u00f3n sobre estas especies y conservar su h\u00e1bitat natural Prensa Fundaci\u00f3n IDEA (16.07.24).- Con [&hellip;]<\/p>\n","protected":false},"author":500,"featured_media":3868,"comment_status":"open","ping_status":"open","sticky":false,"template":"","format":"standard","meta":{"footnotes":""},"categories":[23],"tags":[],"class_list":["post-3867","post","type-post","status-publish","format-standard","has-post-thumbnail","hentry","category-idea"],"_links":{"self":[{"href":"https:\/\/idea.gob.ve\/index.php\/wp-json\/wp\/v2\/posts\/3867","targetHints":{"allow":["GET"]}}],"collection":[{"href":"https:\/\/idea.gob.ve\/index.php\/wp-json\/wp\/v2\/posts"}],"about":[{"href":"https:\/\/idea.gob.ve\/index.php\/wp-json\/wp\/v2\/types\/post"}],"author":[{"embeddable":true,"href":"https:\/\/idea.gob.ve\/index.php\/wp-json\/wp\/v2\/users\/500"}],"replies":[{"embeddable":true,"href":"https:\/\/idea.gob.ve\/index.php\/wp-json\/wp\/v2\/comments?post=3867"}],"version-history":[{"count":4,"href":"https:\/\/idea.gob.ve\/index.php\/wp-json\/wp\/v2\/posts\/3867\/revisions"}],"predecessor-version":[{"id":3875,"href":"https:\/\/idea.gob.ve\/index.php\/wp-json\/wp\/v2\/posts\/3867\/revisions\/3875"}],"wp:featuredmedia":[{"embeddable":true,"href":"https:\/\/idea.gob.ve\/index.php\/wp-json\/wp\/v2\/media\/3868"}],"wp:attachment":[{"href":"https:\/\/idea.gob.ve\/index.php\/wp-json\/wp\/v2\/media?parent=3867"}],"wp:term":[{"taxonomy":"category","embeddable":true,"href":"https:\/\/idea.gob.ve\/index.php\/wp-json\/wp\/v2\/categories?post=3867"},{"taxonomy":"post_tag","embeddable":true,"href":"https:\/\/idea.gob.ve\/index.php\/wp-json\/wp\/v2\/tags?post=3867"}],"curies":[{"name":"wp","href":"https:\/\/api.w.org\/{rel}","templated":true}]}}