{"id":3853,"date":"2024-07-12T11:19:03","date_gmt":"2024-07-12T15:19:03","guid":{"rendered":"https:\/\/idea.gob.ve\/?p=3853"},"modified":"2024-07-12T11:21:43","modified_gmt":"2024-07-12T15:21:43","slug":"impulsan-alianza-estrategica-cientifica-entre-fundacion-idea-y-minpesca-2","status":"publish","type":"post","link":"https:\/\/idea.gob.ve\/index.php\/2024\/07\/12\/impulsan-alianza-estrategica-cientifica-entre-fundacion-idea-y-minpesca-2\/","title":{"rendered":"Impulsan alianza estrat\u00e9gica cient\u00edfica entre Fundaci\u00f3n IDEA y MinPesca"},"content":{"rendered":"\t\t<div data-elementor-type=\"wp-post\" data-elementor-id=\"3853\" class=\"elementor elementor-3853\" data-elementor-post-type=\"post\">\n\t\t\t\t\t\t\t\t\t<section class=\"elementor-section elementor-top-section elementor-element elementor-element-13489361 elementor-section-boxed elementor-section-height-default elementor-section-height-default\" data-id=\"13489361\" data-element_type=\"section\">\n\t\t\t\t\t\t<div class=\"elementor-container elementor-column-gap-default\">\n\t\t\t\t\t<div class=\"elementor-column elementor-col-100 elementor-top-column elementor-element elementor-element-7be2db86\" data-id=\"7be2db86\" data-element_type=\"column\">\n\t\t\t<div class=\"elementor-widget-wrap elementor-element-populated\">\n\t\t\t\t\t\t\t\t<div class=\"elementor-element elementor-element-6842bfbb elementor-widget elementor-widget-text-editor\" data-id=\"6842bfbb\" data-element_type=\"widget\" data-widget_type=\"text-editor.default\">\n\t\t\t\t<div class=\"elementor-widget-container\">\n\t\t\t\t\t\t\t<p><!-- wp:tadv\/classic-paragraph --><\/p>\n<p>\u00a0<\/p>\n<p><strong>Prensa IDEA (12-07-2024).-<\/strong> En aras de seguir fortaleciendo las relaciones interinstitucionales, promover alianzas estrat\u00e9gicas mediante\u00a0 las investigaciones cient\u00edficas comunes en pro del desarrollo tecnol\u00f3gico,\u00a0 agr\u00edcola y alimentario de Venezuela, una delegaci\u00f3n del Ministerio del Poder Popular de Pesca y Acuicultura (Minpesca), y una empresa privada, recorrieron las instalaciones del Polo Cient\u00edfico y Tecnol\u00f3gico Venezolano, ubicado en el municipio Baruta del estado Miranda.<\/p>\n<p>El grupo de investigadores y trabajadores que particip\u00f3 este martes en la actividad estuvo conformado por 17 representantes de MinPesca, de los entes adscritos: Instituto Socialista de la Pesca y Acuicultura (Insopesca), Asociaci\u00f3n Venezolana de Acuicultura, as\u00ed como de la Fundaci\u00f3n La Salle y de la empresa Biorma, encargada de cultivo de algas.<\/p>\n<p>En el primer recorrido los visitantes conocieron el \u00e1rea de Geom\u00e1tica y Procesamiento de Im\u00e1genes Satelitales de la Fundaci\u00f3n Instituto de Ingenier\u00eda para Investigaci\u00f3n y Desarrollo Tecnol\u00f3gico (FIIIDT), donde manifestaron su inter\u00e9s en conocer m\u00e1s sobre el ordenamiento territorial para iniciar con un proyecto de caracterizaci\u00f3n de las zonas de uso de acuicultura del pa\u00eds.<\/p>\n<p>Seguidamente, acudieron a la Direcci\u00f3n de Agricultura y Soberan\u00eda Alimentaria (ASA), donde conocieron los bancos de germoplasma de yuca y papa, as\u00ed como el laboratorio de Biolog\u00eda Molecular y el programa de propagaci\u00f3n masiva de plantas a trav\u00e9s del mejoramiento gen\u00e9tico.<\/p>\n<p>\u201cEste encuentro es muy fruct\u00edfero para nosotros, porque nos permite intercambiar ideas sobre nuestras l\u00edneas de investigaci\u00f3n y generar alianzas estrat\u00e9gicas entre el Ministerio de Pesca y la Fundaci\u00f3n IDEA, porque nuestros centros de investigaci\u00f3n se relacionan y van orientados a fortalecer la producci\u00f3n y soberan\u00eda alimentaria\u201d, expres\u00f3 Lumir Castrillo, titular de la Direcci\u00f3n de Acuicultura Marina del Minpesca.<\/p>\n<p><strong>\u00a0<\/strong><strong>Presentan Proyectos<\/strong><\/p>\n<p>Durante la visita los representantes del Ministerio de Pesca y Acuicultura, presentaron sus proyectos en marcha, entre ellos la ordenaci\u00f3n del territorio y\u00a0 uso acu\u00edcola para el desarrollo de la acuicultura marina.<\/p>\n<p>Tambi\u00e9n dieron a conocer los proyectos vinculados al Levantamiento remoto de elementos asociados a Pesca y Acuicultura, basados en un Sistema de Informaci\u00f3n Geogr\u00e1fica mediante software libre, Registro de infraestructura de apoyo, Registro del Consejo de pescadores, Movilizaci\u00f3n de especie marinas, Proyecto de Afectaci\u00f3n por Combustible f\u00f3sil, Registro de Acuicultura.<\/p>\n<p>Por la Fundaci\u00f3n La Salle informaron sobre sus l\u00edneas de investigaci\u00f3n referidas a la oceanograf\u00eda, conservaci\u00f3n de los recursos marinos, valoraci\u00f3n y seguimiento de la pesquer\u00eda artesanal, evaluaci\u00f3n de los aspectos biol\u00f3gicos de los bancos de moluscos.<\/p>\n<p>Asimismo, por la\u00a0 Fundaci\u00f3n IDEA, los investigadores de la Direcci\u00f3n de Energ\u00eda y Ambiente socializaron sus investigaciones vinculadas el\u00a0 cultivo de Caballitos de Mar en la Estaci\u00f3n de Investigaciones Marinas\u00a0 Mochima, as\u00ed como sobre el potencial de carbono almacenado en pastos marinos para mitigar efectos del cambio clim\u00e1tico y el reci\u00e9n aprobado proyecto sobre patrimonio cultural y natural de la isla de Cubagua.<\/p>\n<p><strong>\u00a0<\/strong><strong>Texto: Hern\u00e1n Romero ( Prensa IDEA)<\/strong><\/p>\n<p><strong>Fotos: Rolando Gonz\u00e1lez ( Prensa IDEA)<\/strong><\/p>\n<p><!-- \/wp:tadv\/classic-paragraph --><\/p>\n<p><!-- wp:tadv\/classic-paragraph \/--><\/p>\n<p><!-- wp:gallery {\"linkTo\":\"none\"} --><\/p>\n<figure class=\"wp-block-gallery has-nested-images columns-default is-cropped\"><!-- wp:image {\"id\":3627,\"sizeSlug\":\"large\",\"linkDestination\":\"none\"} --><\/figure>\n<figure class=\"wp-block-image size-large\"><img loading=\"lazy\" decoding=\"async\" class=\"alignnone wp-image-3831 size-medium\" src=\"https:\/\/idea.gob.ve\/wp-content\/uploads\/2024\/07\/004-300x200.jpg\" alt=\"\" width=\"300\" height=\"200\" srcset=\"https:\/\/idea.gob.ve\/wp-content\/uploads\/2024\/07\/004-300x200.jpg 300w, https:\/\/idea.gob.ve\/wp-content\/uploads\/2024\/07\/004-1024x682.jpg 1024w, https:\/\/idea.gob.ve\/wp-content\/uploads\/2024\/07\/004-768x512.jpg 768w, https:\/\/idea.gob.ve\/wp-content\/uploads\/2024\/07\/004-1536x1023.jpg 1536w, https:\/\/idea.gob.ve\/wp-content\/uploads\/2024\/07\/004.jpg 1600w\" sizes=\"auto, (max-width: 300px) 100vw, 300px\" \/><\/figure>\n<p><!-- \/wp:image --><\/p>\n<p><!-- \/wp:gallery --><\/p>\n<p><!-- wp:gallery {\"linkTo\":\"none\"} --><\/p>\n<figure class=\"wp-block-gallery has-nested-images columns-default is-cropped\"><!-- wp:image {\"id\":3628,\"sizeSlug\":\"large\",\"linkDestination\":\"none\"} --><\/figure>\n<figure><img loading=\"lazy\" decoding=\"async\" class=\"alignnone wp-image-3855 size-medium\" src=\"https:\/\/idea.gob.ve\/wp-content\/uploads\/2024\/07\/002-1-300x200.jpg\" alt=\"\" width=\"300\" height=\"200\" srcset=\"https:\/\/idea.gob.ve\/wp-content\/uploads\/2024\/07\/002-1-300x200.jpg 300w, https:\/\/idea.gob.ve\/wp-content\/uploads\/2024\/07\/002-1-1024x682.jpg 1024w, https:\/\/idea.gob.ve\/wp-content\/uploads\/2024\/07\/002-1-768x512.jpg 768w, https:\/\/idea.gob.ve\/wp-content\/uploads\/2024\/07\/002-1-1536x1023.jpg 1536w, https:\/\/idea.gob.ve\/wp-content\/uploads\/2024\/07\/002-1.jpg 1600w\" sizes=\"auto, (max-width: 300px) 100vw, 300px\" \/><\/figure>\n<figure><img loading=\"lazy\" decoding=\"async\" class=\"alignnone wp-image-3856 size-medium\" src=\"https:\/\/idea.gob.ve\/wp-content\/uploads\/2024\/07\/005-1-300x200.jpg\" alt=\"\" width=\"300\" height=\"200\" srcset=\"https:\/\/idea.gob.ve\/wp-content\/uploads\/2024\/07\/005-1-300x200.jpg 300w, https:\/\/idea.gob.ve\/wp-content\/uploads\/2024\/07\/005-1-1024x682.jpg 1024w, https:\/\/idea.gob.ve\/wp-content\/uploads\/2024\/07\/005-1-768x512.jpg 768w, https:\/\/idea.gob.ve\/wp-content\/uploads\/2024\/07\/005-1-1536x1023.jpg 1536w, https:\/\/idea.gob.ve\/wp-content\/uploads\/2024\/07\/005-1.jpg 1600w\" sizes=\"auto, (max-width: 300px) 100vw, 300px\" \/><\/figure>\n<p><img loading=\"lazy\" decoding=\"async\" class=\"alignnone wp-image-3832 size-medium\" src=\"https:\/\/idea.gob.ve\/wp-content\/uploads\/2024\/07\/003-300x200.jpg\" alt=\"\" width=\"300\" height=\"200\" srcset=\"https:\/\/idea.gob.ve\/wp-content\/uploads\/2024\/07\/003-300x200.jpg 300w, https:\/\/idea.gob.ve\/wp-content\/uploads\/2024\/07\/003-1024x682.jpg 1024w, https:\/\/idea.gob.ve\/wp-content\/uploads\/2024\/07\/003-768x512.jpg 768w, https:\/\/idea.gob.ve\/wp-content\/uploads\/2024\/07\/003-1536x1023.jpg 1536w, https:\/\/idea.gob.ve\/wp-content\/uploads\/2024\/07\/003.jpg 1600w\" sizes=\"auto, (max-width: 300px) 100vw, 300px\" \/><\/p>\n<figure>\u00a0<\/figure>\n<p>\u00a0<\/p>\n<p>\u00a0<\/p>\n<figure class=\"wp-block-image size-large\"><\/figure>\n<p><!-- \/wp:image --><\/p>\n<p><!-- \/wp:gallery --><\/p>\t\t\t\t\t\t<\/div>\n\t\t\t\t<\/div>\n\t\t\t\t\t<\/div>\n\t\t<\/div>\n\t\t\t\t\t\t\t<\/div>\n\t\t<\/section>\n\t\t\t\t\t\t\t<\/div>\n\t\t","protected":false},"excerpt":{"rendered":"<p>\u00a0 Prensa IDEA (12-07-2024).- En aras de seguir fortaleciendo las relaciones interinstitucionales, promover alianzas estrat\u00e9gicas mediante\u00a0 las investigaciones cient\u00edficas comunes en pro del desarrollo tecnol\u00f3gico,\u00a0 agr\u00edcola y alimentario de Venezuela, [&hellip;]<\/p>\n","protected":false},"author":500,"featured_media":3828,"comment_status":"open","ping_status":"open","sticky":false,"template":"","format":"standard","meta":{"footnotes":""},"categories":[23],"tags":[],"class_list":["post-3853","post","type-post","status-publish","format-standard","has-post-thumbnail","hentry","category-idea"],"_links":{"self":[{"href":"https:\/\/idea.gob.ve\/index.php\/wp-json\/wp\/v2\/posts\/3853","targetHints":{"allow":["GET"]}}],"collection":[{"href":"https:\/\/idea.gob.ve\/index.php\/wp-json\/wp\/v2\/posts"}],"about":[{"href":"https:\/\/idea.gob.ve\/index.php\/wp-json\/wp\/v2\/types\/post"}],"author":[{"embeddable":true,"href":"https:\/\/idea.gob.ve\/index.php\/wp-json\/wp\/v2\/users\/500"}],"replies":[{"embeddable":true,"href":"https:\/\/idea.gob.ve\/index.php\/wp-json\/wp\/v2\/comments?post=3853"}],"version-history":[{"count":4,"href":"https:\/\/idea.gob.ve\/index.php\/wp-json\/wp\/v2\/posts\/3853\/revisions"}],"predecessor-version":[{"id":3859,"href":"https:\/\/idea.gob.ve\/index.php\/wp-json\/wp\/v2\/posts\/3853\/revisions\/3859"}],"wp:featuredmedia":[{"embeddable":true,"href":"https:\/\/idea.gob.ve\/index.php\/wp-json\/wp\/v2\/media\/3828"}],"wp:attachment":[{"href":"https:\/\/idea.gob.ve\/index.php\/wp-json\/wp\/v2\/media?parent=3853"}],"wp:term":[{"taxonomy":"category","embeddable":true,"href":"https:\/\/idea.gob.ve\/index.php\/wp-json\/wp\/v2\/categories?post=3853"},{"taxonomy":"post_tag","embeddable":true,"href":"https:\/\/idea.gob.ve\/index.php\/wp-json\/wp\/v2\/tags?post=3853"}],"curies":[{"name":"wp","href":"https:\/\/api.w.org\/{rel}","templated":true}]}}