{"id":3556,"date":"2024-04-26T11:12:59","date_gmt":"2024-04-26T15:12:59","guid":{"rendered":"https:\/\/idea.gob.ve\/?p=3556"},"modified":"2024-04-29T10:01:16","modified_gmt":"2024-04-29T14:01:16","slug":"fomentan-revalorizacion-de-la-cultura-ancestral-de-las-parteras-afrovenezolanas-de-chuao","status":"publish","type":"post","link":"https:\/\/idea.gob.ve\/index.php\/2024\/04\/26\/fomentan-revalorizacion-de-la-cultura-ancestral-de-las-parteras-afrovenezolanas-de-chuao\/","title":{"rendered":"Fomentan revalorizaci\u00f3n de la cultura ancestral de las parteras afrovenezolanas de Chuao"},"content":{"rendered":"\n<\/p>\n<p><strong>Prensa Fundaci\u00f3n IDEA (26.04.24).<\/strong> &#8211; A fin de revalorizar las tradiciones, saberes, vivencias y los v\u00ednculos espirituales que han existido desde tiempos ancestrales entre las mujeres parturientas y las parteras en las comunidades afrovenezolanas, actualmente se desarrolla una importante investigaci\u00f3n en la parroquia Chuao, municipio Santiago Mari\u00f1o, estado Aragua, ubicado en el centro-norte del pa\u00eds.<\/p>\n<p>Al respecto, la investigadora de la Direcci\u00f3n de Sociopol\u00edtica y Cultura de la Fundaci\u00f3n Instituto de Estudios Avanzados (IDEA), doctora Di\u00f3nys Rivas Armas, explic\u00f3 que el objetivo del trabajo titulado: \u00abEspiritualidad y saber ancestral: La parter\u00eda tradicional afro\u00bb, es visibilizar los valiosos aportes de las mujeres afrodescendientes de esta localidad arag\u00fce\u00f1a, como baluartes de fuerza del legado africano.<\/p>\n<p>\u201cEn Venezuela la parter\u00eda tradicional est\u00e1 presente en algunas en localidades rurales, comunidades ind\u00edgenas y afro, en especial en el enclave afrodescendiente de Chuao, donde se conjugan los conocimientos heredados de nuestros pueblos originarios y africanos\u201d, argument\u00f3 la soci\u00f3loga.<\/p>\n<p>En cuanto a la tradicional parter\u00eda afro ancestral indic\u00f3 que en Chuao se mantiene viva esta manifestaci\u00f3n cultural, expresada a trav\u00e9s de las experiencias de las propias mujeres y las madres espirituales del pueblo.<\/p>\n<p>La investigadora se\u00f1al\u00f3 que durante el trabajo se profundiz\u00f3 en la historia de las parteras oriundas de Chuao, Mar\u00eda Tecla, Juana Ch\u00e1vez y Modesta Ladera, quienes ejercieron por mucho tiempo el liderazgo de la transmisi\u00f3n de los saberes que resguarda esta labor.<\/p>\n<p>Las parteras no s\u00f3lo son aquellas mujeres que acompa\u00f1an a las embarazadas desde el proceso de gestaci\u00f3n hasta despu\u00e9s del parto, para apoyarlas y fomentar una conexi\u00f3n emocional de confianza, para lograr un parto seguro, sino que se convierte generalmente en madres espirituales y madrinas de los ni\u00f1os o ni\u00f1as de la misma comunidad, asegurando as\u00ed continuidad a esta tradici\u00f3n ancestral.<\/p>\n<p>Como parte del trabajo investigativo se develan tambi\u00e9n los testimonios y experiencias de seis mujeres afrovenezolanas que mostraron la pluralidad de saberes que se manifiestan en estas comunidades, donde ellas retoman el control de sus cuerpos, el disfrute de su sexualidad y la toma de decisiones aut\u00f3nomas sobre su gestaci\u00f3n y reproducci\u00f3n de manera compartida con otras mujeres ante la racionalidad m\u00e9dica, la institucionalidad del parto y del nacimiento.<\/p>\n<p>De igual manera, acot\u00f3 que en dicha investigaci\u00f3n tambi\u00e9n participa la doctora Ismenia de Lourdes Mercer\u00f3n, coordinadora de la C\u00e1tedra Libre \u00c1frica \u201cJosefina Bringtown\u201d de la Universidad Nacional Experimental Sim\u00f3n Rodr\u00edguez del n\u00facleo de Maracay.<\/p>\n<p><strong>Foto: Cortes\u00eda Direcci\u00f3n de Sociopol\u00edtica y Cultura Fundaci\u00f3n IDEA<\/strong><\/p>\n<p style=\"text-align: justify\">\u00a0 \u00a0\u00a0 \u00a0<\/p>\n<p>\n\n\n\n<figure class=\"wp-block-image size-large\"><img loading=\"lazy\" decoding=\"async\" width=\"1024\" height=\"676\" src=\"https:\/\/idea.gob.ve\/wp-content\/uploads\/2024\/04\/WhatsApp-Image-2024-04-25-at-4.07.56-PM-1-1024x676.jpeg\" alt=\"\" class=\"wp-image-3569\" srcset=\"https:\/\/idea.gob.ve\/wp-content\/uploads\/2024\/04\/WhatsApp-Image-2024-04-25-at-4.07.56-PM-1-1024x676.jpeg 1024w, https:\/\/idea.gob.ve\/wp-content\/uploads\/2024\/04\/WhatsApp-Image-2024-04-25-at-4.07.56-PM-1-300x198.jpeg 300w, https:\/\/idea.gob.ve\/wp-content\/uploads\/2024\/04\/WhatsApp-Image-2024-04-25-at-4.07.56-PM-1-768x507.jpeg 768w, https:\/\/idea.gob.ve\/wp-content\/uploads\/2024\/04\/WhatsApp-Image-2024-04-25-at-4.07.56-PM-1-1536x1014.jpeg 1536w, https:\/\/idea.gob.ve\/wp-content\/uploads\/2024\/04\/WhatsApp-Image-2024-04-25-at-4.07.56-PM-1.jpeg 1600w\" sizes=\"auto, (max-width: 1024px) 100vw, 1024px\" \/><\/figure>\n\n\n\n\n\n\n\n\n\n<figure class=\"wp-block-image size-full\"><img loading=\"lazy\" decoding=\"async\" width=\"798\" height=\"372\" src=\"https:\/\/idea.gob.ve\/wp-content\/uploads\/2024\/04\/WhatsApp-Image-2024-04-25-at-4.07.55-PM.jpeg\" alt=\"\" class=\"wp-image-3571\" srcset=\"https:\/\/idea.gob.ve\/wp-content\/uploads\/2024\/04\/WhatsApp-Image-2024-04-25-at-4.07.55-PM.jpeg 798w, https:\/\/idea.gob.ve\/wp-content\/uploads\/2024\/04\/WhatsApp-Image-2024-04-25-at-4.07.55-PM-300x140.jpeg 300w, https:\/\/idea.gob.ve\/wp-content\/uploads\/2024\/04\/WhatsApp-Image-2024-04-25-at-4.07.55-PM-768x358.jpeg 768w\" sizes=\"auto, (max-width: 798px) 100vw, 798px\" \/><\/figure>\n","protected":false},"excerpt":{"rendered":"<p>Prensa Fundaci\u00f3n IDEA (26.04.24). &#8211; A fin de revalorizar las tradiciones, saberes, vivencias y los v\u00ednculos espirituales que han existido desde tiempos ancestrales entre las mujeres parturientas y las parteras [&hellip;]<\/p>\n","protected":false},"author":500,"featured_media":3557,"comment_status":"open","ping_status":"open","sticky":false,"template":"","format":"standard","meta":{"footnotes":""},"categories":[23],"tags":[],"class_list":["post-3556","post","type-post","status-publish","format-standard","has-post-thumbnail","hentry","category-idea"],"_links":{"self":[{"href":"https:\/\/idea.gob.ve\/index.php\/wp-json\/wp\/v2\/posts\/3556","targetHints":{"allow":["GET"]}}],"collection":[{"href":"https:\/\/idea.gob.ve\/index.php\/wp-json\/wp\/v2\/posts"}],"about":[{"href":"https:\/\/idea.gob.ve\/index.php\/wp-json\/wp\/v2\/types\/post"}],"author":[{"embeddable":true,"href":"https:\/\/idea.gob.ve\/index.php\/wp-json\/wp\/v2\/users\/500"}],"replies":[{"embeddable":true,"href":"https:\/\/idea.gob.ve\/index.php\/wp-json\/wp\/v2\/comments?post=3556"}],"version-history":[{"count":7,"href":"https:\/\/idea.gob.ve\/index.php\/wp-json\/wp\/v2\/posts\/3556\/revisions"}],"predecessor-version":[{"id":3572,"href":"https:\/\/idea.gob.ve\/index.php\/wp-json\/wp\/v2\/posts\/3556\/revisions\/3572"}],"wp:featuredmedia":[{"embeddable":true,"href":"https:\/\/idea.gob.ve\/index.php\/wp-json\/wp\/v2\/media\/3557"}],"wp:attachment":[{"href":"https:\/\/idea.gob.ve\/index.php\/wp-json\/wp\/v2\/media?parent=3556"}],"wp:term":[{"taxonomy":"category","embeddable":true,"href":"https:\/\/idea.gob.ve\/index.php\/wp-json\/wp\/v2\/categories?post=3556"},{"taxonomy":"post_tag","embeddable":true,"href":"https:\/\/idea.gob.ve\/index.php\/wp-json\/wp\/v2\/tags?post=3556"}],"curies":[{"name":"wp","href":"https:\/\/api.w.org\/{rel}","templated":true}]}}