{"id":3524,"date":"2024-04-24T15:30:58","date_gmt":"2024-04-24T19:30:58","guid":{"rendered":"https:\/\/idea.gob.ve\/?p=3524"},"modified":"2024-04-29T13:55:01","modified_gmt":"2024-04-29T17:55:01","slug":"investigadores-de-la-fundacion-idea-aportan-ideas-para-fortalecer-el-anteproyecto-de-ley-del-cacao-venezolano","status":"publish","type":"post","link":"https:\/\/idea.gob.ve\/index.php\/2024\/04\/24\/investigadores-de-la-fundacion-idea-aportan-ideas-para-fortalecer-el-anteproyecto-de-ley-del-cacao-venezolano\/","title":{"rendered":"Investigadores de la Fundaci\u00f3n IDEA aportan ideas para fortalecer el anteproyecto de ley del cacao venezolano"},"content":{"rendered":"\n<p style=\"text-align: justify\"><strong>Prensa Fundaci\u00f3n IDEA\/24.04.24.-<\/strong> Investigadores de \u00e1reas estrat\u00e9gicas de la Fundaci\u00f3n Instituto de Estudios Avanzados (IDEA), adscrito al Ministerio del Poder Popular para Ciencia y Tecnolog\u00eda (Mincyt), realizaron sus propuestas para fortalecer el contenido del Anteproyecto de Ley del Cacao, aprobado en primera discusi\u00f3n el pasado 01 de febrero de 2024.<\/p>\n<p>\u00a0<\/p>\n<p style=\"text-align: justify\">La actividad fue organizada por la Vicepresidenta Sectorial de Ciencia, Tecnolog\u00eda, Educaci\u00f3n y Salud, Gabriela Jim\u00e9nez, y cont\u00f3 con la participaci\u00f3n de autoridades del Mincyt, del Ministerio de Industria, Agricultura y Tierras, as\u00ed como de los miembros del Comit\u00e9 Nacional T\u00e9cnico Cient\u00edfico de Protecci\u00f3n\u00a0 de la Gen\u00e9tica del Cacao, representantes de la Comisi\u00f3n Permanente de Econom\u00eda, Finanzas y Desarrollo Nacional de la Asamblea Nacional (AN) y de la Sub Comisi\u00f3n de Econom\u00eda Agr\u00edcola de la AN,\u00a0 docentes e investigadores universitarios\u00a0 productores y personas vinculadas al \u00e1rea.<\/p>\n<p>\u00a0<\/p>\n<p style=\"text-align: justify\">Durante el encuentro realizado en el auditorio \u00abAndr\u00e9s Bello\u00bb de la instituci\u00f3n ubicada en la sede del Polo Cient\u00edfico-Tecnol\u00f3gico venezolano, en Altos de Sartenejas, estado Miranda, la investigadora de la Direcci\u00f3n de Agricultura y Soberan\u00eda Alimentaria, Dra. Sandy Molina, realiz\u00f3 14 observaciones al instrumento legal para potenciar la econom\u00eda productiva venezolana.<\/p>\n<p>\u00a0<\/p>\n<p style=\"text-align: justify\">En tal sentido, para seguir avanzando en la consulta y discusi\u00f3n de la estructura del nuevo documento legal, entre las sugerencias plante\u00f3: el cambio de t\u00e9rminos de soberan\u00eda alimentaria por seguridad agroalimentaria, as\u00ed como hablar de zonas cacaoteras, y aumentar los programas de formaci\u00f3n en la materia, para mejorar la capacidad de evaluaci\u00f3n de la calidad f\u00edsica y sensorial del rubro.<\/p>\n<p>\u00a0<\/p>\n<p style=\"text-align: justify\">Adicionalmente propuso el fortalecimiento de programas de formaci\u00f3n y capacitaci\u00f3n para los investigadores y agroproductores.\u00a0<\/p>\n<p>\u00a0<\/p>\n<p style=\"text-align: justify\">En cuanto a los bancos de germoplasma explic\u00f3 que el objetivo de los mismos es contribuir a la investigaci\u00f3n, y desarrollo de programas de mejoramiento en la multiplicaci\u00f3n de clones \u00e9lites, considerando la propagaci\u00f3n asexual del rubro.<\/p>\n<p>\u00a0<\/p>\n<p style=\"text-align: justify\">De igual modo destac\u00f3 que se deben mantener materiales diversos incluyendo los for\u00e1neos implementando medidas de aislamiento y fortalecimiento de los bancos existentes.\u00a0<\/p>\n<p>\u00a0<\/p>\n<p style=\"text-align: justify\">\u00abEl cacao es producido bajo un enfoque agroecol\u00f3gico, por lo cual es importante considerar la contrataci\u00f3n de certificadoras nacionales e internacionales para promover la producci\u00f3n de cacao org\u00e1nico\u00bb, acot\u00f3.<\/p>\n<p>\u00a0<\/p>\n<p style=\"text-align: justify\">Finalmente consider\u00f3 que debe existir un art\u00edculo relacionado con la comercializaci\u00f3n del rubro que establezca la forma de comercializar el cacao y el precio diferencial con respecto a la calidad. \u00abEsto motivar\u00e1 a los productores a realizar un mejor manejo post cosecha\u00bb.<\/p>\n<p>\u00a0<\/p>\n<p style=\"text-align: justify\">Asimismo, sobre el tema del Patrimonio Cultural, la directora de Sociopol\u00edtica y Cultura, Dra. Fabiola Velasco, celebr\u00f3 que en la propuesta de ley se haya tomado en cuenta el tema patrimonial, y agreg\u00f3 que se debe tomar en cuenta que existe la Ley de Defensa y Protecci\u00f3n del Patrimonio Cultural y el Instituto de Patrimonio Cultural de Venezuela, ente rector en la materia, y que para hacer una Declaratoria del Cacao como Patrimonio Cultural se deben cumplir con los procedimientos establecidos en la Ley de Patrimonio Cultural.<\/p>\n<p>\u00a0<\/p>\n<p style=\"text-align: justify\">As\u00ed mismo plante\u00f3 la necesidad de revisar los conceptos y categor\u00edas de la significaci\u00f3n del cacao como Patrimonio Cultural dentro de los art\u00edculos. Adem\u00e1s de ampliar los art\u00edculos relativos a la valoraci\u00f3n cultural ancestral material y espiritual del cacao.<\/p>\n<p>\u00a0<\/p>\n<p style=\"text-align: justify\">Vale resaltar que el anteproyecto de la Ley de Cacao tiene como objeto la protecci\u00f3n y promoci\u00f3n de la producci\u00f3n del cacao, y actividades conexas, adem\u00e1s de la distribuci\u00f3n e intercambio econ\u00f3mico con criterios de sustentabilidad y visi\u00f3n sist\u00e9mica, a fin de incentivar la producci\u00f3n primaria del rubro estrat\u00e9gico nacional para el desarrollo agroalimentario, entre otras.<\/p>\n<p>\u00a0<\/p>\n<p>Fotos: C\u00e9sar Querales<\/p>\n\n\n\n\n\n<figure class=\"wp-block-gallery has-nested-images columns-default is-cropped wp-block-gallery-1 is-layout-flex wp-block-gallery-is-layout-flex\">\n<figure class=\"wp-block-image size-large\"><img loading=\"lazy\" decoding=\"async\" width=\"1024\" height=\"682\" data-id=\"3526\" src=\"https:\/\/idea.gob.ve\/wp-content\/uploads\/2024\/04\/WhatsApp-Image-2024-04-24-at-3.23.56-PM-1-1024x682.jpeg\" alt=\"\" class=\"wp-image-3526\" srcset=\"https:\/\/idea.gob.ve\/wp-content\/uploads\/2024\/04\/WhatsApp-Image-2024-04-24-at-3.23.56-PM-1-1024x682.jpeg 1024w, https:\/\/idea.gob.ve\/wp-content\/uploads\/2024\/04\/WhatsApp-Image-2024-04-24-at-3.23.56-PM-1-300x200.jpeg 300w, https:\/\/idea.gob.ve\/wp-content\/uploads\/2024\/04\/WhatsApp-Image-2024-04-24-at-3.23.56-PM-1-768x512.jpeg 768w, https:\/\/idea.gob.ve\/wp-content\/uploads\/2024\/04\/WhatsApp-Image-2024-04-24-at-3.23.56-PM-1-1536x1023.jpeg 1536w, https:\/\/idea.gob.ve\/wp-content\/uploads\/2024\/04\/WhatsApp-Image-2024-04-24-at-3.23.56-PM-1.jpeg 1600w\" sizes=\"auto, (max-width: 1024px) 100vw, 1024px\" \/><\/figure>\n<\/figure>\n\n\n\n<figure class=\"wp-block-gallery has-nested-images columns-default is-cropped wp-block-gallery-2 is-layout-flex wp-block-gallery-is-layout-flex\">\n<figure class=\"wp-block-image size-large\"><img loading=\"lazy\" decoding=\"async\" width=\"1024\" height=\"682\" data-id=\"3528\" src=\"https:\/\/idea.gob.ve\/wp-content\/uploads\/2024\/04\/WhatsApp-Image-2024-04-24-at-3.23.56-PM-1024x682.jpeg\" alt=\"\" class=\"wp-image-3528\" srcset=\"https:\/\/idea.gob.ve\/wp-content\/uploads\/2024\/04\/WhatsApp-Image-2024-04-24-at-3.23.56-PM-1024x682.jpeg 1024w, https:\/\/idea.gob.ve\/wp-content\/uploads\/2024\/04\/WhatsApp-Image-2024-04-24-at-3.23.56-PM-300x200.jpeg 300w, https:\/\/idea.gob.ve\/wp-content\/uploads\/2024\/04\/WhatsApp-Image-2024-04-24-at-3.23.56-PM-768x512.jpeg 768w, https:\/\/idea.gob.ve\/wp-content\/uploads\/2024\/04\/WhatsApp-Image-2024-04-24-at-3.23.56-PM-1536x1023.jpeg 1536w, https:\/\/idea.gob.ve\/wp-content\/uploads\/2024\/04\/WhatsApp-Image-2024-04-24-at-3.23.56-PM.jpeg 1600w\" sizes=\"auto, (max-width: 1024px) 100vw, 1024px\" \/><\/figure>\n<\/figure>\n\n\n\n<figure class=\"wp-block-image size-large\"><img loading=\"lazy\" decoding=\"async\" width=\"1024\" height=\"682\" src=\"https:\/\/idea.gob.ve\/wp-content\/uploads\/2024\/04\/WhatsApp-Image-2024-04-24-at-3.26.57-PM-1024x682.jpeg\" alt=\"\" class=\"wp-image-3529\" srcset=\"https:\/\/idea.gob.ve\/wp-content\/uploads\/2024\/04\/WhatsApp-Image-2024-04-24-at-3.26.57-PM-1024x682.jpeg 1024w, https:\/\/idea.gob.ve\/wp-content\/uploads\/2024\/04\/WhatsApp-Image-2024-04-24-at-3.26.57-PM-300x200.jpeg 300w, https:\/\/idea.gob.ve\/wp-content\/uploads\/2024\/04\/WhatsApp-Image-2024-04-24-at-3.26.57-PM-768x512.jpeg 768w, https:\/\/idea.gob.ve\/wp-content\/uploads\/2024\/04\/WhatsApp-Image-2024-04-24-at-3.26.57-PM-1536x1023.jpeg 1536w, https:\/\/idea.gob.ve\/wp-content\/uploads\/2024\/04\/WhatsApp-Image-2024-04-24-at-3.26.57-PM.jpeg 1600w\" sizes=\"auto, (max-width: 1024px) 100vw, 1024px\" \/><\/figure>\n","protected":false},"excerpt":{"rendered":"<p>Prensa Fundaci\u00f3n IDEA\/24.04.24.- Investigadores de \u00e1reas estrat\u00e9gicas de la Fundaci\u00f3n Instituto de Estudios Avanzados (IDEA), adscrito al Ministerio del Poder Popular para Ciencia y Tecnolog\u00eda (Mincyt), realizaron sus propuestas para [&hellip;]<\/p>\n","protected":false},"author":500,"featured_media":3525,"comment_status":"open","ping_status":"open","sticky":false,"template":"","format":"standard","meta":{"footnotes":""},"categories":[23],"tags":[],"class_list":["post-3524","post","type-post","status-publish","format-standard","has-post-thumbnail","hentry","category-idea"],"_links":{"self":[{"href":"https:\/\/idea.gob.ve\/index.php\/wp-json\/wp\/v2\/posts\/3524","targetHints":{"allow":["GET"]}}],"collection":[{"href":"https:\/\/idea.gob.ve\/index.php\/wp-json\/wp\/v2\/posts"}],"about":[{"href":"https:\/\/idea.gob.ve\/index.php\/wp-json\/wp\/v2\/types\/post"}],"author":[{"embeddable":true,"href":"https:\/\/idea.gob.ve\/index.php\/wp-json\/wp\/v2\/users\/500"}],"replies":[{"embeddable":true,"href":"https:\/\/idea.gob.ve\/index.php\/wp-json\/wp\/v2\/comments?post=3524"}],"version-history":[{"count":1,"href":"https:\/\/idea.gob.ve\/index.php\/wp-json\/wp\/v2\/posts\/3524\/revisions"}],"predecessor-version":[{"id":3530,"href":"https:\/\/idea.gob.ve\/index.php\/wp-json\/wp\/v2\/posts\/3524\/revisions\/3530"}],"wp:featuredmedia":[{"embeddable":true,"href":"https:\/\/idea.gob.ve\/index.php\/wp-json\/wp\/v2\/media\/3525"}],"wp:attachment":[{"href":"https:\/\/idea.gob.ve\/index.php\/wp-json\/wp\/v2\/media?parent=3524"}],"wp:term":[{"taxonomy":"category","embeddable":true,"href":"https:\/\/idea.gob.ve\/index.php\/wp-json\/wp\/v2\/categories?post=3524"},{"taxonomy":"post_tag","embeddable":true,"href":"https:\/\/idea.gob.ve\/index.php\/wp-json\/wp\/v2\/tags?post=3524"}],"curies":[{"name":"wp","href":"https:\/\/api.w.org\/{rel}","templated":true}]}}