{"id":3269,"date":"2023-10-25T09:43:20","date_gmt":"2023-10-25T13:43:20","guid":{"rendered":"https:\/\/idea.gob.ve\/?p=3269"},"modified":"2023-10-25T09:43:44","modified_gmt":"2023-10-25T13:43:44","slug":"programa-nucleando-venezuela-apalancara-la-ensenanza-sobre-usos-de-la-energia-nuclear-pacifica","status":"publish","type":"post","link":"https:\/\/idea.gob.ve\/index.php\/2023\/10\/25\/programa-nucleando-venezuela-apalancara-la-ensenanza-sobre-usos-de-la-energia-nuclear-pacifica\/","title":{"rendered":"Programa Nucleando Venezuela apalancar\u00e1 la ense\u00f1anza sobre usos de la\u00a0 energ\u00eda nuclear pac\u00edfica"},"content":{"rendered":"\n\n\n<div dir=\"auto\" style=\"text-align: justify\">(Prensa Fundaci\u00f3n IDEA\/ 19.10.23).- Nucleando Venezuela apalancar\u00e1 el programa nacional Semillero Cient\u00edfico que adelanta el Ministerio del Poder Popular para Ciencia y Tecnolog\u00eda, como elemento fundamental para fortalecer la educacion p\u00fablica de calidad que promueve el Gobierno Bolivariano, con herramientas pedag\u00f3gicas que acerquen a los ni\u00f1os y j\u00f3venes a las Ciencias Nucleares y sus usos pac\u00edficos y seguros.\u00a0<\/div>\n<div dir=\"auto\">\u00a0<\/div>\n<div dir=\"auto\" style=\"text-align: justify\">La informaci\u00f3n la comparti\u00f3 el viceministro de Investigaci\u00f3n y Generaci\u00f3n del Conocimiento Cient\u00edfico,\u00a0<\/div>\n<div dir=\"auto\" style=\"text-align: justify\">Francisco Dur\u00e1n, durante el cuarto d\u00eda del taller de formaci\u00f3n Nucleando Venezuela que se desarrolla del 16 al 20 de octubre en la sede del Mincyt, con la participaci\u00f3n de docentes de La Guaira, Miranda y Distrito Capital, a fin de promover y difundir el conocimiento nuclear y sus aplicaciones y fomentar la transferencia de conocimientos en Latinoam\u00e9rica y El Caribe.\u00a0<\/div>\n<div dir=\"auto\">\u00a0<\/div>\n<div dir=\"auto\" style=\"text-align: justify\">Este evento organizado por el Organismo Internacional de Energ\u00eda At\u00f3mica, Red Latinoamericana para la Educaci\u00f3n en Tecnolog\u00eda Nuclear (LANENT), Foro de la Industria Nuclear espa\u00f1ola (Foro Nuclear) y el Ministerio del Poder Popular para la Educaci\u00f3n.\u00a0<\/div>\n<div dir=\"auto\">\u00a0<\/div>\n<div dir=\"auto\" style=\"text-align: justify\">En ese contexto, Duran asegur\u00f3 que se crear\u00e1 una red de formaci\u00f3n permanente y comunicaci\u00f3n para la educaci\u00f3n en materia cient\u00edfica-tecnol\u00f3gica orientada a despertar la vocaci\u00f3n temprana y capacitaci\u00f3n de los ni\u00f1os y j\u00f3venes de todos el pa\u00eds kque deseen encaminarse en el \u00e1rea.\u00a0<\/div>\n<div dir=\"auto\">\u00a0<\/div>\n<div dir=\"auto\" style=\"text-align: justify\">En esta actividad participan la viceministra para el\u00a0 Desarrollo de la Tecnolog\u00eda de la Informaci\u00f3n y la Comunicaci\u00f3n, Dra. Gloria Carvalho, el director general de Acceso y Uso a la Tecnolog\u00eda de la Informaci\u00f3n y la Comunicaci\u00f3n del Viceministerio para el Desarrollo de la Tecnolog\u00eda de la Informaci\u00f3n y la Comunicaci\u00f3n; y asistente de la oficina nacional de enlace con el departamento de cooperaci\u00f3n t\u00e9cnica del OIEA, H\u00e9ctor N\u00fa\u00f1ez.\u00a0<\/div>\n<div dir=\"auto\">\u00a0<\/div>\n<div dir=\"auto\" style=\"text-align: justify\">Sobre el proceso de capacitaci\u00f3n, Duran, record\u00f3 que durante el\u00a0 mes de junio de 2022, se organiz\u00f3 una jornada formativa de la OIEA, v\u00eda\u00a0 online , con la participaci\u00f3n de 54 profesionales de educaci\u00f3n e investigadores, al tiempo que proyect\u00f3 que se espera expandir el taller formativo Nucleando Venezuela a todo el territorio nacional.\u00a0<\/div>\n<div dir=\"auto\" style=\"text-align: justify\">\u00a0<\/div>\n<div dir=\"auto\" style=\"text-align: justify\">Dur\u00e1n, record\u00f3 que est\u00e1 capacitaci\u00f3n forma parte de los programas que desarrolla el OIEA para Am\u00e9rica Latina y El Caribe, para difundir el uso de la energ\u00eda nuclear pac\u00edfica y segura.\u00a0<\/div>\n<div dir=\"auto\">\u00a0<\/div>\n<div dir=\"auto\" style=\"text-align: justify\">\u00abQueremos entusiasmar a los docentes para que contribuyan a la formaci\u00f3n de ni\u00f1os y j\u00f3venes, c\u00f3mo herramienta de la promoci\u00f3n de la ciencia, la tecnolog\u00eda y la innovaci\u00f3n en escuelas y liceos\u00bb, acot\u00f3.\u00a0<\/div>\n<div dir=\"auto\" style=\"text-align: justify\">\u00abLa formaci\u00f3n es una herramienta m\u00e1s de las que hemos aplicado para promocionar el estudio de la ciencia, a trav\u00e9s del programa Semillero Cient\u00edfico\u00bb, asegur\u00f3.\u00a0<\/div>\n<div dir=\"auto\">\u00a0<\/div>\n<div dir=\"auto\" style=\"text-align: justify\">Duran agreg\u00f3 \u00abla participaci\u00f3n de m\u00e1s de 120 educadores durante esta semana\u00a0 y la participaci\u00f3n continua de m\u00e1s profesionales de la educaci\u00f3n representa un gran reto\u00bb.\u00a0<\/div>\n<div dir=\"auto\">\u00a0<\/div>\n<div dir=\"auto\" style=\"text-align: justify\">El viceministro Duran acot\u00f3 que se espera generar mucha motivaci\u00f3n aunado al amor que ya ofrecen los educadores a los ni\u00f1os y j\u00f3venes en las aulas.<\/div>\n<div dir=\"auto\" style=\"text-align: justify\">\u00a0<\/div>\n<div dir=\"auto\" style=\"text-align: justify\">Fotos: Prensa Fundaci\u00f3n IDEA<\/div>\n\n\n\n<figure class=\"wp-block-gallery has-nested-images columns-default is-cropped wp-block-gallery-1 is-layout-flex wp-block-gallery-is-layout-flex\">\n<figure class=\"wp-block-image size-large\"><img loading=\"lazy\" decoding=\"async\" width=\"1024\" height=\"768\" data-id=\"3271\" src=\"https:\/\/idea.gob.ve\/wp-content\/uploads\/2023\/10\/1698170080319-1024x768.jpg\" alt=\"\" class=\"wp-image-3271\" srcset=\"https:\/\/idea.gob.ve\/wp-content\/uploads\/2023\/10\/1698170080319-1024x768.jpg 1024w, https:\/\/idea.gob.ve\/wp-content\/uploads\/2023\/10\/1698170080319-300x225.jpg 300w, https:\/\/idea.gob.ve\/wp-content\/uploads\/2023\/10\/1698170080319-768x576.jpg 768w, https:\/\/idea.gob.ve\/wp-content\/uploads\/2023\/10\/1698170080319.jpg 1280w\" sizes=\"auto, (max-width: 1024px) 100vw, 1024px\" \/><\/figure>\n\n\n\n<figure class=\"wp-block-image size-large\"><img loading=\"lazy\" decoding=\"async\" width=\"1024\" height=\"683\" data-id=\"3272\" src=\"https:\/\/idea.gob.ve\/wp-content\/uploads\/2023\/10\/1698170080379-1024x683.jpg\" alt=\"\" class=\"wp-image-3272\" srcset=\"https:\/\/idea.gob.ve\/wp-content\/uploads\/2023\/10\/1698170080379-1024x683.jpg 1024w, https:\/\/idea.gob.ve\/wp-content\/uploads\/2023\/10\/1698170080379-300x200.jpg 300w, https:\/\/idea.gob.ve\/wp-content\/uploads\/2023\/10\/1698170080379-768x512.jpg 768w, https:\/\/idea.gob.ve\/wp-content\/uploads\/2023\/10\/1698170080379.jpg 1080w\" sizes=\"auto, (max-width: 1024px) 100vw, 1024px\" \/><\/figure>\n<\/figure>\n\n\n\n<figure class=\"wp-block-gallery has-nested-images columns-default is-cropped wp-block-gallery-2 is-layout-flex wp-block-gallery-is-layout-flex\">\n<figure class=\"wp-block-image size-large\"><img loading=\"lazy\" decoding=\"async\" width=\"1024\" height=\"683\" data-id=\"3273\" src=\"https:\/\/idea.gob.ve\/wp-content\/uploads\/2023\/10\/1698170080391-1024x683.jpg\" alt=\"\" class=\"wp-image-3273\" srcset=\"https:\/\/idea.gob.ve\/wp-content\/uploads\/2023\/10\/1698170080391-1024x683.jpg 1024w, https:\/\/idea.gob.ve\/wp-content\/uploads\/2023\/10\/1698170080391-300x200.jpg 300w, https:\/\/idea.gob.ve\/wp-content\/uploads\/2023\/10\/1698170080391-768x512.jpg 768w, https:\/\/idea.gob.ve\/wp-content\/uploads\/2023\/10\/1698170080391.jpg 1080w\" sizes=\"auto, (max-width: 1024px) 100vw, 1024px\" \/><\/figure>\n<\/figure>\n\n\n\n<figure class=\"wp-block-gallery has-nested-images columns-default is-cropped wp-block-gallery-3 is-layout-flex wp-block-gallery-is-layout-flex\">\n<figure class=\"wp-block-image size-large\"><img loading=\"lazy\" decoding=\"async\" width=\"1024\" height=\"683\" data-id=\"3274\" src=\"https:\/\/idea.gob.ve\/wp-content\/uploads\/2023\/10\/1698170080343-1024x683.jpg\" alt=\"\" class=\"wp-image-3274\" srcset=\"https:\/\/idea.gob.ve\/wp-content\/uploads\/2023\/10\/1698170080343-1024x683.jpg 1024w, https:\/\/idea.gob.ve\/wp-content\/uploads\/2023\/10\/1698170080343-300x200.jpg 300w, https:\/\/idea.gob.ve\/wp-content\/uploads\/2023\/10\/1698170080343-768x512.jpg 768w, https:\/\/idea.gob.ve\/wp-content\/uploads\/2023\/10\/1698170080343.jpg 1280w\" sizes=\"auto, (max-width: 1024px) 100vw, 1024px\" \/><\/figure>\n<\/figure>\n\n\n\n<figure class=\"wp-block-gallery has-nested-images columns-default is-cropped wp-block-gallery-4 is-layout-flex wp-block-gallery-is-layout-flex\">\n<figure class=\"wp-block-image size-large\"><img loading=\"lazy\" decoding=\"async\" width=\"1024\" height=\"683\" data-id=\"3275\" src=\"https:\/\/idea.gob.ve\/wp-content\/uploads\/2023\/10\/1698170080331-1024x683.jpg\" alt=\"\" class=\"wp-image-3275\" srcset=\"https:\/\/idea.gob.ve\/wp-content\/uploads\/2023\/10\/1698170080331-1024x683.jpg 1024w, https:\/\/idea.gob.ve\/wp-content\/uploads\/2023\/10\/1698170080331-300x200.jpg 300w, https:\/\/idea.gob.ve\/wp-content\/uploads\/2023\/10\/1698170080331-768x512.jpg 768w, https:\/\/idea.gob.ve\/wp-content\/uploads\/2023\/10\/1698170080331.jpg 1280w\" sizes=\"auto, (max-width: 1024px) 100vw, 1024px\" \/><\/figure>\n<\/figure>\n","protected":false},"excerpt":{"rendered":"<p>(Prensa Fundaci\u00f3n IDEA\/ 19.10.23).- Nucleando Venezuela apalancar\u00e1 el programa nacional Semillero Cient\u00edfico que adelanta el Ministerio del Poder Popular para Ciencia y Tecnolog\u00eda, como elemento fundamental para fortalecer la educacion [&hellip;]<\/p>\n","protected":false},"author":500,"featured_media":3270,"comment_status":"open","ping_status":"open","sticky":false,"template":"","format":"standard","meta":{"footnotes":""},"categories":[23],"tags":[],"class_list":["post-3269","post","type-post","status-publish","format-standard","has-post-thumbnail","hentry","category-idea"],"_links":{"self":[{"href":"https:\/\/idea.gob.ve\/index.php\/wp-json\/wp\/v2\/posts\/3269","targetHints":{"allow":["GET"]}}],"collection":[{"href":"https:\/\/idea.gob.ve\/index.php\/wp-json\/wp\/v2\/posts"}],"about":[{"href":"https:\/\/idea.gob.ve\/index.php\/wp-json\/wp\/v2\/types\/post"}],"author":[{"embeddable":true,"href":"https:\/\/idea.gob.ve\/index.php\/wp-json\/wp\/v2\/users\/500"}],"replies":[{"embeddable":true,"href":"https:\/\/idea.gob.ve\/index.php\/wp-json\/wp\/v2\/comments?post=3269"}],"version-history":[{"count":1,"href":"https:\/\/idea.gob.ve\/index.php\/wp-json\/wp\/v2\/posts\/3269\/revisions"}],"predecessor-version":[{"id":3276,"href":"https:\/\/idea.gob.ve\/index.php\/wp-json\/wp\/v2\/posts\/3269\/revisions\/3276"}],"wp:featuredmedia":[{"embeddable":true,"href":"https:\/\/idea.gob.ve\/index.php\/wp-json\/wp\/v2\/media\/3270"}],"wp:attachment":[{"href":"https:\/\/idea.gob.ve\/index.php\/wp-json\/wp\/v2\/media?parent=3269"}],"wp:term":[{"taxonomy":"category","embeddable":true,"href":"https:\/\/idea.gob.ve\/index.php\/wp-json\/wp\/v2\/categories?post=3269"},{"taxonomy":"post_tag","embeddable":true,"href":"https:\/\/idea.gob.ve\/index.php\/wp-json\/wp\/v2\/tags?post=3269"}],"curies":[{"name":"wp","href":"https:\/\/api.w.org\/{rel}","templated":true}]}}