{"id":2622,"date":"2023-08-18T09:51:57","date_gmt":"2023-08-18T13:51:57","guid":{"rendered":"https:\/\/idea.gob.ve\/?p=2622"},"modified":"2023-08-18T09:53:07","modified_gmt":"2023-08-18T13:53:07","slug":"biblioteca-raimundo-villegas-punto-de-referencia-nacional-en-investigacion-formacion-profesional-y-docencia","status":"publish","type":"post","link":"https:\/\/idea.gob.ve\/index.php\/2023\/08\/18\/biblioteca-raimundo-villegas-punto-de-referencia-nacional-en-investigacion-formacion-profesional-y-docencia\/","title":{"rendered":"Biblioteca Raimundo Villegas punto de referencia nacional en investigaci\u00f3n, formaci\u00f3n profesional y docencia"},"content":{"rendered":"\n<div dir=\"auto\" style=\"text-align: justify\">La sala de consulta cuenta con m\u00e1s de 13 mil libros especializados, adem\u00e1s de servicios de internet y pr\u00e9stamos para lectura en la sala, interbibliotecario y circulante<\/div>\n<div dir=\"auto\">&nbsp;<\/div>\n<div dir=\"auto\" style=\"text-align: justify\">Con miras a convertirse en punto de referencia nacional en cuanto al acceso a la informaci\u00f3n especializada y herramientas de apoyo a la labor investigativa, docencia y formaci\u00f3n profesional, la Biblioteca Raimundo Villegas de la Fundaci\u00f3n Instituto de Estudios Avanzados cuenta con una amplia gama de textos y servicios de calidad.<\/div>\n<div dir=\"auto\">&nbsp;<\/div>\n<div dir=\"auto\" style=\"text-align: justify\">Al respecto, la directora encargada del centro de consulta bibliogr\u00e1fica, Natalia Avellaneda, inform\u00f3 que esta \u00e1rea tambi\u00e9n es centro de acopio de Latindex en Venezuela (<a href=\"https:\/\/latindex.org\/latindex\/redLatindex\/institucionesAsociadas\" target=\"_blank\" rel=\"noopener\" data-saferedirecturl=\"https:\/\/www.google.com\/url?q=https:\/\/latindex.org\/latindex\/redLatindex\/institucionesAsociadas&amp;source=gmail&amp;ust=1692449598293000&amp;usg=AOvVaw2z6UKl7BAVIZZACTAadD7_\">https:\/\/latindex.org\/latindex\/redLatindex\/institucionesAsociadas<\/a>), para el registro, modificaci\u00f3n e indizaci\u00f3n de revistas venezolanas en este sistema de informaci\u00f3n para las publicaciones cient\u00edficas seriadas.&nbsp;<\/div>\n<div dir=\"auto\">&nbsp;<\/div>\n<div dir=\"auto\" style=\"text-align: justify\">Por otra parte, indic\u00f3 que los usuarios podr\u00e1n disfrutar en la sala, dotada con conexi\u00f3n wi-fi y equipos con acceso a internet, con m\u00e1s de 13.200 libros sobre ciencias naturales y sociales, agricultura, soberan\u00eda alimentaria, ciencia, tecnolog\u00eda, salud, energ\u00eda, ambiente, sociopol\u00edtica y cultura.<\/div>\n<div dir=\"auto\">&nbsp;<\/div>\n<div dir=\"auto\" style=\"text-align: justify\">Avellaneda&nbsp; asegur\u00f3 que actualmente, en la biblioteca, ubicada en la mezzanina del Edificio Bol\u00edvar, sede principal de la Fundaci\u00f3n IDEA, en Sartenejas, se cuenta con un espacio para dictar cursos, talleres y actividades a distancia, adem\u00e1s de ofrecer diversas opciones \u00fatiles para las personas interesadas en documentarse, tales como: pr\u00e9stamos de libros para lectura en la sala y circulante, servicio de referencia.&nbsp;<\/div>\n<div dir=\"auto\">&nbsp;<\/div>\n<div dir=\"auto\" style=\"text-align: justify\">De igual modo se ofrece el servicio de pr\u00e9stamo interbibliotecario, estanter\u00eda abierta, digitalizaci\u00f3n de documentos, y obtenci\u00f3n de art\u00edculos de revistas y documentos (No presentes en la colecci\u00f3n).&nbsp;<\/div>\n<div dir=\"auto\">&nbsp;<\/div>\n<div dir=\"auto\" style=\"text-align: justify\">Avellaneda se\u00f1al\u00f3 que para cualquier consulta, el p\u00fablico en general puede comunicarse por medio de los correos: <a href=\"mailto:idea.biblioteca@gmail.com\" target=\"_blank\" rel=\"noopener\">idea.biblioteca@gmail.com<\/a> \/ <a href=\"mailto:bibliotecaraimundo@idea.gob.ve\" target=\"_blank\" rel=\"noopener\">bibliotecaraimundo@idea.gob.ve<\/a> \/ <a href=\"mailto:natalia.avellaneda@gmail.com\" target=\"_blank\" rel=\"noopener\">natalia.avellaneda@gmail.com<\/a>; as\u00ed como el blog: <a href=\"https:\/\/bibliotecaraimundovillegasidea.wordpress.com\" target=\"_blank\" rel=\"noopener\" data-saferedirecturl=\"https:\/\/www.google.com\/url?q=https:\/\/bibliotecaraimundovillegasidea.wordpress.com&amp;source=gmail&amp;ust=1692449598293000&amp;usg=AOvVaw3oNX7CcDcXHTjLKJMnxhj_\">https:\/\/bibliotecaraimundovillegasidea.wordpress.com<\/a> y la red social X (twitter): @Biblioteca _IDEA, adem\u00e1s del grupo de WhatsApp del n\u00famero (0426)8116774.&nbsp;<\/div>\n<div dir=\"auto\">&nbsp;<\/div>\n<div dir=\"auto\">Prensa IDEA\/07-08-2023<\/div>\n\n\n\n\n\n<figure class=\"wp-block-image size-large is-resized\"><img loading=\"lazy\" decoding=\"async\" src=\"https:\/\/idea.gob.ve\/wp-content\/uploads\/2023\/08\/1692294899376-1024x683.jpg\" alt=\"\" class=\"wp-image-2625\" style=\"width:840px;height:560px\" width=\"840\" height=\"560\" srcset=\"https:\/\/idea.gob.ve\/wp-content\/uploads\/2023\/08\/1692294899376-1024x683.jpg 1024w, https:\/\/idea.gob.ve\/wp-content\/uploads\/2023\/08\/1692294899376-300x200.jpg 300w, https:\/\/idea.gob.ve\/wp-content\/uploads\/2023\/08\/1692294899376-768x512.jpg 768w, https:\/\/idea.gob.ve\/wp-content\/uploads\/2023\/08\/1692294899376.jpg 1080w\" sizes=\"auto, (max-width: 840px) 100vw, 840px\" \/><\/figure>\n","protected":false},"excerpt":{"rendered":"<p>La sala de consulta cuenta con m\u00e1s de 13 mil libros especializados, adem\u00e1s de servicios de internet y pr\u00e9stamos para lectura en la sala, interbibliotecario y circulante &nbsp; Con miras [&hellip;]<\/p>\n","protected":false},"author":500,"featured_media":2623,"comment_status":"open","ping_status":"open","sticky":false,"template":"","format":"standard","meta":{"footnotes":""},"categories":[23],"tags":[],"class_list":["post-2622","post","type-post","status-publish","format-standard","has-post-thumbnail","hentry","category-idea"],"_links":{"self":[{"href":"https:\/\/idea.gob.ve\/index.php\/wp-json\/wp\/v2\/posts\/2622","targetHints":{"allow":["GET"]}}],"collection":[{"href":"https:\/\/idea.gob.ve\/index.php\/wp-json\/wp\/v2\/posts"}],"about":[{"href":"https:\/\/idea.gob.ve\/index.php\/wp-json\/wp\/v2\/types\/post"}],"author":[{"embeddable":true,"href":"https:\/\/idea.gob.ve\/index.php\/wp-json\/wp\/v2\/users\/500"}],"replies":[{"embeddable":true,"href":"https:\/\/idea.gob.ve\/index.php\/wp-json\/wp\/v2\/comments?post=2622"}],"version-history":[{"count":2,"href":"https:\/\/idea.gob.ve\/index.php\/wp-json\/wp\/v2\/posts\/2622\/revisions"}],"predecessor-version":[{"id":2630,"href":"https:\/\/idea.gob.ve\/index.php\/wp-json\/wp\/v2\/posts\/2622\/revisions\/2630"}],"wp:featuredmedia":[{"embeddable":true,"href":"https:\/\/idea.gob.ve\/index.php\/wp-json\/wp\/v2\/media\/2623"}],"wp:attachment":[{"href":"https:\/\/idea.gob.ve\/index.php\/wp-json\/wp\/v2\/media?parent=2622"}],"wp:term":[{"taxonomy":"category","embeddable":true,"href":"https:\/\/idea.gob.ve\/index.php\/wp-json\/wp\/v2\/categories?post=2622"},{"taxonomy":"post_tag","embeddable":true,"href":"https:\/\/idea.gob.ve\/index.php\/wp-json\/wp\/v2\/tags?post=2622"}],"curies":[{"name":"wp","href":"https:\/\/api.w.org\/{rel}","templated":true}]}}