{"id":2434,"date":"2023-01-10T08:26:09","date_gmt":"2023-01-10T12:26:09","guid":{"rendered":"http:\/\/localhost\/idea\/wordpress\/?p=2434"},"modified":"2023-01-10T08:26:12","modified_gmt":"2023-01-10T12:26:12","slug":"jimenez-ramirez-en-venezuela-cada-escuela-es-un-territorio-de-paz","status":"publish","type":"post","link":"https:\/\/idea.gob.ve\/index.php\/2023\/01\/10\/jimenez-ramirez-en-venezuela-cada-escuela-es-un-territorio-de-paz\/","title":{"rendered":"Jim\u00e9nez-Ram\u00edrez: En Venezuela, cada escuela es un territorio de paz"},"content":{"rendered":"\n<p>Ni\u00f1os y ni\u00f1as de toda Venezuela retornaron a clases este lunes, 9 de enero, como parte del segundo momento pedag\u00f3gico del per\u00edodo escolar 2022-2023, luego de las fiestas decembrinas del pasado a\u00f1o.<\/p>\n\n\n\n<p>Desde la Escuela B\u00e1sica Nacional Bernardo O\u2019Higgins, ubicada en la parroquia San Jos\u00e9 de Caracas, la vicepresidenta sectorial para Ciencia, Tecnolog\u00eda, Educaci\u00f3n y Salud, Gabriela Jim\u00e9nez-Ram\u00edrez, celebr\u00f3 el reinicio de clases.<\/p>\n\n\n\n<p>\u201cHoy nos conectamos con la alegr\u00eda de la vuelta a clases, desde la Escuela Bernardo O\u2019Higgins, en Caracas. Este es uno de los planteles rehabilitados por las Brigadas Comunitarias-Militares para la Educaci\u00f3n. \u00a1En Venezuela, cada escuela es un territorio de paz!\u201d, expres\u00f3 Jim\u00e9nez-Ram\u00edrez.<\/p>\n\n\n\n<p>Explic\u00f3 que el proceso educativo, desde las aulas de clase, siembra saberes liberadores, amor, solidaridad esperanza y compromiso comunitario. \u201cEs el encuentro del conocimiento, para la creaci\u00f3n, el estudio y el vivir bien\u201d.<\/p>\n\n\n\n<p>Jim\u00e9nez-Ram\u00edrez se\u00f1al\u00f3 que la educaci\u00f3n debe ser epicentro para multiplicar los valores \u00e9ticos de la vida comunitaria. \u201cCada escuela significa un espacio para sembrar nuestra identidad, para sumar a la vida, para cultivar el pensamiento cr\u00edtico. Como ha dicho el compa\u00f1ero Pdte. Maduro, para generar una espiritualidad y una conciencia m\u00e1s profundas\u201d.<\/p>\n\n\n\n<p>Resalt\u00f3 la importancia de descolonizar la educaci\u00f3n: \u201ces poner en el centro los principios \u00e9ticos-comunitarios, la convivencia, la solidaridad, la empat\u00eda, el respeto a la soberan\u00eda y a la autodeterminaci\u00f3n de los pueblos\u201d.<\/p>\n\n\n\n<p>Consider\u00f3 que, en colectivo, se debe construir la educaci\u00f3n del futuro. \u201cUna educaci\u00f3n integral que nos permita pensar cr\u00edticamente y que nos permita producir las soluciones que necesitamos a escala planetaria hoy. Soluciones, en plural, porque tenemos que respetar las distintas cosmovisiones\u201d.<\/p>\n\n\n\n<p>La tambi\u00e9n ministra de Ciencia y Tecnolog\u00eda apunt\u00f3 que la educaci\u00f3n que se propague en Venezuela \u201cdebe estar enfocada en construir conocimientos para la vida, contra una civilizaci\u00f3n de muerte, con una ciencia y una tecnolog\u00eda destructiva que tiene en riesgo la vida en la Tierra. Esto es: educar para la liberaci\u00f3n, el autorreconocimiento, la vida\u201d.<\/p>\n\n\n\n<p><strong>Uni\u00f3n c\u00edvico-militar<\/strong><\/p>\n\n\n\n<p>Durante un recorrido por las instalaciones de la Escuela Bernardo O\u2019Higgins, la vicepresidenta sectorial valor\u00f3 los trabajos de las Brigadas Comunitarias-Militares para la Educaci\u00f3n en la recuperaci\u00f3n y rehabilitaci\u00f3n de las infraestructuras escolares del pa\u00eds.<\/p>\n\n\n\n<p>\u201cLas Brigadas Comunitarias-Militares para la Educaci\u00f3n comenzaron por esta escuela (Bernardo O\u2019Higgins) a recuperar la infraestructura que forma parte de la arquitectura del patrimonio hist\u00f3rico de la ciudad capital\u201d, dijo.<\/p>\n\n\n\n<p>Detall\u00f3 que la escuela Bernardo O\u2019Higgins cuenta con una matr\u00edcula escolar de 360 estudiantes, quienes se benefician de la labor del voluntariado y de la Fuerza Armada Nacional Bolivariana al rehabilitar estos espacios que tiene una tiempo hist\u00f3rico de 96 a\u00f1os.<\/p>\n\n\n\n<p>\u201cHoy, 360 ni\u00f1os y ni\u00f1as, que es la matr\u00edcula de esta unidad educativa, se benefician de los procesos de las brigadas comunitarias que el presidente Nicol\u00e1s Maduro instruy\u00f3, con el trabajo del voluntariado de las comunidades, de la Fuerza Armada y del Magisterio, para qu\u00e9, para que nuestra escuela sea un espacio apropiado para la educaci\u00f3n, la solidaridad y el amor que profesan los maestros hacia cada estudiante, que tambi\u00e9n suman por supuesto nuestra esperanza y a la vida\u201d, enfatiz\u00f3 Jim\u00e9nez-Ram\u00edrez.<\/p>\n\n\n\n<p>La directora de la Escuela Bernardo O\u2019Higgins agradeci\u00f3 al Gobierno Bolivariano por esta misi\u00f3n de recuperaci\u00f3n de los planteles educativos del pa\u00eds. \u201cGracias al Gobierno revolucionario del presidente Nicol\u00e1s Maduro, nos sentimos amparados, bendecidos grandemente. Todo el personal de esta escuela y yo estamos sin palabras ante tantas bendiciones que hemos recibido, much\u00edsimas gracias en nombre de la familia Bernardo O\u2019Higgins\u00bb.<\/p>\n\n\n\n<p><strong>Prensa Mincyt<\/strong>.<\/p>\n\n\n\n<p><\/p>\n\n\n\n<p><a href=\"https:\/\/www.mincyt.gob.ve\/pan-con-ciencia\/\"><\/a><\/p>\n","protected":false},"excerpt":{"rendered":"<p>Ni\u00f1os y ni\u00f1as de toda Venezuela retornaron a clases este lunes, 9 de enero, como parte del segundo momento pedag\u00f3gico del per\u00edodo escolar 2022-2023, luego de las fiestas decembrinas del [&hellip;]<\/p>\n","protected":false},"author":3,"featured_media":2435,"comment_status":"open","ping_status":"open","sticky":false,"template":"","format":"standard","meta":{"footnotes":""},"categories":[11],"tags":[],"class_list":["post-2434","post","type-post","status-publish","format-standard","has-post-thumbnail","hentry","category-mincyt"],"_links":{"self":[{"href":"https:\/\/idea.gob.ve\/index.php\/wp-json\/wp\/v2\/posts\/2434","targetHints":{"allow":["GET"]}}],"collection":[{"href":"https:\/\/idea.gob.ve\/index.php\/wp-json\/wp\/v2\/posts"}],"about":[{"href":"https:\/\/idea.gob.ve\/index.php\/wp-json\/wp\/v2\/types\/post"}],"author":[{"embeddable":true,"href":"https:\/\/idea.gob.ve\/index.php\/wp-json\/wp\/v2\/users\/3"}],"replies":[{"embeddable":true,"href":"https:\/\/idea.gob.ve\/index.php\/wp-json\/wp\/v2\/comments?post=2434"}],"version-history":[{"count":1,"href":"https:\/\/idea.gob.ve\/index.php\/wp-json\/wp\/v2\/posts\/2434\/revisions"}],"predecessor-version":[{"id":2436,"href":"https:\/\/idea.gob.ve\/index.php\/wp-json\/wp\/v2\/posts\/2434\/revisions\/2436"}],"wp:featuredmedia":[{"embeddable":true,"href":"https:\/\/idea.gob.ve\/index.php\/wp-json\/wp\/v2\/media\/2435"}],"wp:attachment":[{"href":"https:\/\/idea.gob.ve\/index.php\/wp-json\/wp\/v2\/media?parent=2434"}],"wp:term":[{"taxonomy":"category","embeddable":true,"href":"https:\/\/idea.gob.ve\/index.php\/wp-json\/wp\/v2\/categories?post=2434"},{"taxonomy":"post_tag","embeddable":true,"href":"https:\/\/idea.gob.ve\/index.php\/wp-json\/wp\/v2\/tags?post=2434"}],"curies":[{"name":"wp","href":"https:\/\/api.w.org\/{rel}","templated":true}]}}