{"id":2409,"date":"2022-12-26T13:00:18","date_gmt":"2022-12-26T17:00:18","guid":{"rendered":"http:\/\/localhost\/idea\/wordpress\/?p=2409"},"modified":"2022-12-26T13:00:19","modified_gmt":"2022-12-26T17:00:19","slug":"conoce-la-produccion-editorial-del-ministerio-para-ciencia-y-tecnologia-en-2022","status":"publish","type":"post","link":"https:\/\/idea.gob.ve\/index.php\/2022\/12\/26\/conoce-la-produccion-editorial-del-ministerio-para-ciencia-y-tecnologia-en-2022\/","title":{"rendered":"Conoce la producci\u00f3n editorial del Ministerio para Ciencia y Tecnolog\u00eda en 2022"},"content":{"rendered":"\n<p>En 2022, el Ministerio del Popular para Ciencia y Tecnolog\u00eda (Mincyt) fue reconocido como promotor del pensamiento cr\u00edtico con la publicaci\u00f3n de nueve libros.<\/p>\n\n\n\n<p>Este gran trabajo editorial fue recomendado por el presidente de la Rep\u00fablica Bolivariana de Venezuela, Nicol\u00e1s Maduro, quien calific\u00f3 de imperdibles las obras Mincyt.<\/p>\n\n\n\n<p>En este sentido, el jefe de Estado difundi\u00f3 sus t\u00edtulos favoritos para la construcci\u00f3n del pensamiento cr\u00edtico.<\/p>\n\n\n\n<p>Aqu\u00ed, te enumeramos los libros del Mincyt que fueron citados, este a\u00f1o, por el mandatario nacional, para el estudio y la lectura.<\/p>\n\n\n\n<p>En la lista de obras imperdibles recomendadas por el presidente Maduro destaca&nbsp;<em>Pensar la ciencia de otro modo<\/em>&nbsp;(<a href=\"https:\/\/bit.ly\/3NmSD16\">https:\/\/bit.ly\/3NmSD16<\/a>).<\/p>\n\n\n\n<p>\u201cUn an\u00e1lisis sobre los desaf\u00edos de la investigaci\u00f3n cient\u00edfica y la innovaci\u00f3n tecnol\u00f3gica para el bienestar del pueblo\u201d, se\u00f1al\u00f3.<\/p>\n\n\n\n<p>A mediados de a\u00f1o, el mandatario venezolano comparti\u00f3 con el pueblo el libro&nbsp;<em>Hacia un debate nacional del \u2018desarrollo\u2019: necesidades comunitarias, econom\u00eda y crisis ambiental global<\/em>.<\/p>\n\n\n\n<p>Un texto que contribuye a la construcci\u00f3n de un nuevo esquema econ\u00f3mico para el buen vivir:&nbsp;<a href=\"https:\/\/bit.ly\/3AtctF9\">https:\/\/bit.ly\/3AtctF9<\/a>.<\/p>\n\n\n\n<p><em>Ciudades, territorialidad y naturaleza en disputa<\/em>&nbsp;(<a href=\"https:\/\/bit.ly\/3a9M7NM\">https:\/\/bit.ly\/3a9M7NM<\/a>) es otro de los libros cuya lectura recomend\u00f3 el presidente Nicol\u00e1s Maduro.<\/p>\n\n\n\n<p>\u201cUn libro que recoge grandes aportes para la formulaci\u00f3n de pol\u00edticas p\u00fablicas, ante la crisis que enfrenta la humanidad\u201d, destac\u00f3.<\/p>\n\n\n\n<p>Para el jefe de Estado venezolano, la lectura independiza. Como muestra, invit\u00f3 a estudiar el libro&nbsp;<em>Contribuciones en pedagog\u00edas de(s)coloniales para la transformaci\u00f3n cultural en Venezuela.<\/em>&nbsp;Un aporte para la reflexi\u00f3n y el an\u00e1lisis profundo:&nbsp;<a href=\"https:\/\/bit.ly\/3PclR49\">https:\/\/bit.ly\/3PclR49<\/a>.<\/p>\n\n\n\n<p>Un libro \u201cexcelente\u201d para iniciar la semana \u2014seg\u00fan el jefe de Estado\u2014 es&nbsp;<em>Desaf\u00edos de la salud, la agroalimentaci\u00f3n y el buen vivir en Venezuela.<\/em><\/p>\n\n\n\n<p>A juicio del mandatario nacional, el cambio de \u00e9poca nos exige elevar el esfuerzo colectivo:&nbsp;<a href=\"https:\/\/bit.ly\/3ym8NUo\">https:\/\/bit.ly\/3ym8NUo<\/a>.<\/p>\n\n\n\n<p>Como interesante y oportuno, calific\u00f3 el presidente Maduro el libro&nbsp;<em>Investigaci\u00f3n e innovaci\u00f3n para la soberan\u00eda alimentaria en Venezuela.<\/em><\/p>\n\n\n\n<p>Una obra para la nueva etapa de transformaci\u00f3n de la matriz productiva del pa\u00eds, rumbo a la independencia definitiva:\u00a0<a href=\"http:\/\/bit.ly\/3v4vQQI\">http:\/\/bit.ly\/3v4vQQI<\/a>.<\/p>\n\n\n\n<p><strong>Prensa Mincyt.-<\/strong><\/p>\n","protected":false},"excerpt":{"rendered":"<p>En 2022, el Ministerio del Popular para Ciencia y Tecnolog\u00eda (Mincyt) fue reconocido como promotor del pensamiento cr\u00edtico con la publicaci\u00f3n de nueve libros. Este gran trabajo editorial fue recomendado [&hellip;]<\/p>\n","protected":false},"author":3,"featured_media":2410,"comment_status":"open","ping_status":"open","sticky":false,"template":"","format":"standard","meta":{"footnotes":""},"categories":[11],"tags":[],"class_list":["post-2409","post","type-post","status-publish","format-standard","has-post-thumbnail","hentry","category-mincyt"],"_links":{"self":[{"href":"https:\/\/idea.gob.ve\/index.php\/wp-json\/wp\/v2\/posts\/2409","targetHints":{"allow":["GET"]}}],"collection":[{"href":"https:\/\/idea.gob.ve\/index.php\/wp-json\/wp\/v2\/posts"}],"about":[{"href":"https:\/\/idea.gob.ve\/index.php\/wp-json\/wp\/v2\/types\/post"}],"author":[{"embeddable":true,"href":"https:\/\/idea.gob.ve\/index.php\/wp-json\/wp\/v2\/users\/3"}],"replies":[{"embeddable":true,"href":"https:\/\/idea.gob.ve\/index.php\/wp-json\/wp\/v2\/comments?post=2409"}],"version-history":[{"count":1,"href":"https:\/\/idea.gob.ve\/index.php\/wp-json\/wp\/v2\/posts\/2409\/revisions"}],"predecessor-version":[{"id":2411,"href":"https:\/\/idea.gob.ve\/index.php\/wp-json\/wp\/v2\/posts\/2409\/revisions\/2411"}],"wp:featuredmedia":[{"embeddable":true,"href":"https:\/\/idea.gob.ve\/index.php\/wp-json\/wp\/v2\/media\/2410"}],"wp:attachment":[{"href":"https:\/\/idea.gob.ve\/index.php\/wp-json\/wp\/v2\/media?parent=2409"}],"wp:term":[{"taxonomy":"category","embeddable":true,"href":"https:\/\/idea.gob.ve\/index.php\/wp-json\/wp\/v2\/categories?post=2409"},{"taxonomy":"post_tag","embeddable":true,"href":"https:\/\/idea.gob.ve\/index.php\/wp-json\/wp\/v2\/tags?post=2409"}],"curies":[{"name":"wp","href":"https:\/\/api.w.org\/{rel}","templated":true}]}}