{"id":2378,"date":"2022-12-23T18:59:31","date_gmt":"2022-12-23T22:59:31","guid":{"rendered":"http:\/\/localhost\/idea\/wordpress\/?p=2378"},"modified":"2022-12-23T18:59:32","modified_gmt":"2022-12-23T22:59:32","slug":"asi-fue-la-ciencia-en-venezuela-en-2022","status":"publish","type":"post","link":"https:\/\/idea.gob.ve\/index.php\/2022\/12\/23\/asi-fue-la-ciencia-en-venezuela-en-2022\/","title":{"rendered":"As\u00ed fue la ciencia en Venezuela en 2022"},"content":{"rendered":"\n<p>En Venezuela, el a\u00f1o 2022 cierra con grandes logros en las \u00e1reas de ciencia y tecnolog\u00eda al servicio de las comunidades, con el fin de crear soluciones aplicadas a los problemas reales de los territorios.<\/p>\n\n\n\n<p>Luego de una amplia participaci\u00f3n y debate popular, la Asamblea Nacional de Venezuela aprob\u00f3 la reforma parcial de la Ley Org\u00e1nica de Ciencia, Tecnolog\u00eda e Innovaci\u00f3n (Locti), instrumento legal que favorece la generaci\u00f3n de conocimientos tradicionales, ancestrales, populares y colectivos para construir bienestar com\u00fan y solventar necesidades concretas de la naci\u00f3n.<\/p>\n\n\n\n<p>La Locti facilita la promoci\u00f3n de la territorializaci\u00f3n de la actividad cient\u00edfica y la ecolog\u00eda de saberes. Adem\u00e1s, invita a construir otros horizontes en investigaci\u00f3n e innovaci\u00f3n.<\/p>\n\n\n\n<p>Igualmente, el Gobierno Bolivariano dio un paso m\u00e1s en la articulaci\u00f3n y promoci\u00f3n del conocimiento, con el objetivo de aumentar las capacidades productivas nacionales al crear la Vicepresidencia de Ciencia, Tecnolog\u00eda, Educaci\u00f3n y Salud, a cargo de la ministra Gabriela Jim\u00e9nez-Ram\u00edrez.<\/p>\n\n\n\n<p>Esta nueva instancia busca cumplir con la tarea que tiene Venezuela: hacer de la ciencia, la tecnolog\u00eda, la educaci\u00f3n y la innovaci\u00f3n una pr\u00e1ctica diaria que produzca soluciones efectivas y respuestas contundentes.<\/p>\n\n\n\n<p><strong>Apoyo a las ideas<\/strong><\/p>\n\n\n\n<p>En 2022, el Ministerio del Poder Popular para Ciencia y Tecnolog\u00eda (Mincyt) financi\u00f3 207 proyectos, a trav\u00e9s de sus entes adscritos: el Fondo Nacional de Ciencia, Tecnolog\u00eda e Innovaci\u00f3n (Fonacit) con 197, y el Fondo de Investigaci\u00f3n y Desarrollo de las Telecomunicaciones (Fidetel) con 10.<\/p>\n\n\n\n<p>Estas investigaciones, que representan el doble del n\u00famero de proyectos respaldados en el a\u00f1o 2021, est\u00e1n orientadas a dinamizar y fortalecer los 18 motores de la Agenda Econ\u00f3mica Bolivariana sobre todo en las \u00e1reas agroalimentaci\u00f3n, salud p\u00fablica, farmacia, industria, educaci\u00f3n, agua, ecolog\u00eda, petr\u00f3leo y petroqu\u00edmica, semilleros cient\u00edficos, comunicaci\u00f3n, nanotecnolog\u00eda y transformaci\u00f3n digital.<\/p>\n\n\n\n<figure class=\"wp-block-image size-full\"><img loading=\"lazy\" decoding=\"async\" width=\"768\" height=\"512\" src=\"http:\/\/localhost\/idea\/wordpress\/wp-content\/uploads\/2022\/12\/guu-768x512-1-1.jpg\" alt=\"\" class=\"wp-image-2380\" srcset=\"https:\/\/idea.gob.ve\/wp-content\/uploads\/2022\/12\/guu-768x512-1-1.jpg 768w, https:\/\/idea.gob.ve\/wp-content\/uploads\/2022\/12\/guu-768x512-1-1-300x200.jpg 300w\" sizes=\"auto, (max-width: 768px) 100vw, 768px\" \/><\/figure>\n\n\n\n<p><strong>Ej\u00e9rcito innovador<\/strong><\/p>\n\n\n\n<p>Durante este a\u00f1o, los hombres y las mujeres del programa Cayapa Heroica repararon 836 equipos en 15 entidades del pa\u00eds. Los equipos reparados responden a las necesidades de las instituciones de los sectores agr\u00edcola, salud p\u00fablica, infraestructura (ciencia y tecnolog\u00eda), alimentaci\u00f3n, petr\u00f3leo, industria, miner\u00eda, cultura, educaci\u00f3n y deporte.<\/p>\n\n\n\n<p>Asimismo, los tecn\u00f3logos de la cayapa replicaron los conocimientos y formaron a 71 personas (24 mujeres y 47 hombres) para la reparaci\u00f3n de equipos en diferentes territorios, instituciones y comunidades. Los trabajos de estos j\u00f3venes profesionales representaron un ahorro al pa\u00eds de m\u00e1s de dos millones 700 mil euros.<\/p>\n\n\n\n<figure class=\"wp-block-image size-full\"><img loading=\"lazy\" decoding=\"async\" width=\"768\" height=\"512\" src=\"http:\/\/localhost\/idea\/wordpress\/wp-content\/uploads\/2022\/12\/cayapa-768x512-2.jpg\" alt=\"\" class=\"wp-image-2381\" srcset=\"https:\/\/idea.gob.ve\/wp-content\/uploads\/2022\/12\/cayapa-768x512-2.jpg 768w, https:\/\/idea.gob.ve\/wp-content\/uploads\/2022\/12\/cayapa-768x512-2-300x200.jpg 300w\" sizes=\"auto, (max-width: 768px) 100vw, 768px\" \/><\/figure>\n\n\n\n<p><strong>Alianza Cient\u00edfico-Campesina<\/strong><\/p>\n\n\n\n<p>La Alianza Cient\u00edfico-Campesina, programa innovador del Mincyt que constituye un espacio de sistematizaci\u00f3n de experiencias, de intercambio de ideas, de rescate y multiplicaci\u00f3n de semillas aut\u00f3ctonas, sigui\u00f3 dando exitosos resultados en todo el territorio nacional.<\/p>\n\n\n\n<p>En 2022, las familias campesinas junto a los t\u00e9cnicos y trabajadores de la Corporaci\u00f3n para el Desarrollo Cient\u00edfico y Tecnol\u00f3gico (Codecyt) conformaron 36 n\u00facleos semilleristas, de los cuales 28 corresponden a papa, distribuidos en los estados Aragua, M\u00e9rida, Miranda, Monagas, Sucre, Trujillo y Yaracuy; dos n\u00facleos de ma\u00edz en Portuguesa y Yaracuy; uno de fresa en La Guaira y cinco de hortalizas y leguminosas en los estados Portuguesa y Trujillo.<\/p>\n\n\n\n<p>A la fecha, la Alianza Cient\u00edfico-Campesina ha llegado a 18 entidades del pa\u00eds (Distrito Capital, Anzo\u00e1tegui, Aragua, Barinas, Carabobo, Cojedes, Falc\u00f3n, Gu\u00e1rico, La Guaira, Lara, M\u00e9rida, Miranda, Monagas, Portuguesa, Sucre, T\u00e1chira, Trujillo y Yaracuy) con 166 n\u00facleos semilleristas conformados para la protecci\u00f3n y el resguardo de simientes de diversos rubros nacionales<\/p>\n\n\n\n<p>De la misma forma, esta alianza estrat\u00e9gica nacional del Mincyt activ\u00f3 dos bancos comunitarios de semillas soberanas. El primero, el Banco Comunitario de Semillas Mubay, instalado en Mucuch\u00edes, municipio Rangel del estado M\u00e9rida, con 150 muestras de semillas de perejil rizado, arveja negra, acelga, apio espa\u00f1a, calabac\u00edn, perejil liso, ceboll\u00edn grande, arveja blanca, qu\u00ednoa, r\u00e1bano, ma\u00edz blanco de altura, pira o amaranto, habas blancas, cilantro, lechuga, remolacha, ajo porro, avena forrajera, linaza, cebada, habas peque\u00f1as y manzanilla. El segundo, el Banco Comunitario de Semillas P\u00e1ramo Los Torres, ubicado en el estado Trujillo que, en una primera fase, alberga simientes de papa soberana.<\/p>\n\n\n\n<figure class=\"wp-block-image size-full\"><img loading=\"lazy\" decoding=\"async\" width=\"768\" height=\"512\" src=\"http:\/\/localhost\/idea\/wordpress\/wp-content\/uploads\/2022\/12\/1-768x512-2.jpg\" alt=\"\" class=\"wp-image-2382\" srcset=\"https:\/\/idea.gob.ve\/wp-content\/uploads\/2022\/12\/1-768x512-2.jpg 768w, https:\/\/idea.gob.ve\/wp-content\/uploads\/2022\/12\/1-768x512-2-300x200.jpg 300w\" sizes=\"auto, (max-width: 768px) 100vw, 768px\" \/><\/figure>\n\n\n\n<p><strong>Centro Nacional de Medicina Regenerativa<\/strong><\/p>\n\n\n\n<p>En el a\u00f1o 2022, el presidente de la Rep\u00fablica, Nicol\u00e1s Maduro, aprob\u00f3 la creaci\u00f3n del Centro Nacional de Medicina Regenerativa, a partir de la Unidad de Terapia Celular (UTC) del Instituto Venezolano de Investigaciones Cient\u00edficas (IVIC).<\/p>\n\n\n\n<p>D\u00edas antes, Venezuela report\u00f3 el primer caso de trasplante de c\u00f3rnea con aplicaci\u00f3n de c\u00e9lulas madre en Am\u00e9rica Latina. Este tratamiento se aplica a personas con quemaduras qu\u00edmicas de c\u00f3rnea, como las producidas por sustancias alcalinas que se usan en productos de limpieza. As\u00ed mismo, se aplic\u00f3 esta medicina regenerativa en tejidos y \u00f3rganos como hueso, cart\u00edlago de rodilla, piel, enfermedad periodontal, regeneraci\u00f3n \u00f3sea, pulpa dental, regeneraci\u00f3n de c\u00f3rnea, regeneraci\u00f3n maxilofacial).<\/p>\n\n\n\n<p>Los cient\u00edficos y las cient\u00edficas del IVIC brindaron terapias (tratamientos) con c\u00e9lulas madre y seguimiento cl\u00ednico mensual, de manera gratuita, a 53 pacientes venezolanos, a quienes se les aplicaron 73 terapias respectivamente: 14 para regeneraci\u00f3n \u00f3sea traumatolog\u00eda, seis para regeneraci\u00f3n de piel (pacientes quemados), 34 para regeneraci\u00f3n de pulpa dental, 16 para regeneraci\u00f3n \u00f3sea de enfermedad periodontal, una para la regeneraci\u00f3n maxilofacial (regeneraci\u00f3n de articulaci\u00f3n de mand\u00edbula) y dos terapias para la regeneraci\u00f3n de c\u00f3rnea.<\/p>\n\n\n\n<p>Vale destacar que estas terapias de medicina regenerativa se llevaron a cabo en Distrito Capital, Miranda y Yaracuy.<\/p>\n\n\n\n<p><\/p>\n\n\n\n<figure class=\"wp-block-image size-full\"><img loading=\"lazy\" decoding=\"async\" width=\"720\" height=\"720\" src=\"http:\/\/localhost\/idea\/wordpress\/wp-content\/uploads\/2022\/12\/4-2.jpg\" alt=\"\" class=\"wp-image-2383\" srcset=\"https:\/\/idea.gob.ve\/wp-content\/uploads\/2022\/12\/4-2.jpg 720w, https:\/\/idea.gob.ve\/wp-content\/uploads\/2022\/12\/4-2-300x300.jpg 300w, https:\/\/idea.gob.ve\/wp-content\/uploads\/2022\/12\/4-2-150x150.jpg 150w\" sizes=\"auto, (max-width: 720px) 100vw, 720px\" \/><\/figure>\n\n\n\n<p><strong>Poder popular<\/strong><\/p>\n\n\n\n<p>En 2022, m\u00e1s de 700 consejos comunales se juntaron para la recuperaci\u00f3n de la infraestructura f\u00edsica y tecnol\u00f3gica de 200 Infocentros en varios estados del pa\u00eds, con el objetivo de impulsar y fortalecer este proyecto de apropiaci\u00f3n social de las tecnolog\u00edas de informaci\u00f3n (TI) para estudiar, comunicar, producir, resistir y crear.<\/p>\n\n\n\n<p>Esta obra de amor comunitaria-p\u00fablica, en la que participan activamente m\u00e1s de 160 brigadas, forma parte del repensar de Infocentros, como una pol\u00edtica de un pueblo en resistencia para la organizaci\u00f3n, formaci\u00f3n y emancipaci\u00f3n.<\/p>\n\n\n\n<p>Infocentro atiende a la gran mayor\u00eda de los sectores populares del pa\u00eds. Hay Infocentros en comunidades ind\u00edgenas, penitenciarias, universidades, colegios, plazas Bol\u00edvar, poblaciones fronterizas y campesinas.<\/p>\n\n\n\n<figure class=\"wp-block-image size-full\"><img loading=\"lazy\" decoding=\"async\" width=\"768\" height=\"512\" src=\"http:\/\/localhost\/idea\/wordpress\/wp-content\/uploads\/2022\/12\/6-768x512-2.jpg\" alt=\"\" class=\"wp-image-2384\" srcset=\"https:\/\/idea.gob.ve\/wp-content\/uploads\/2022\/12\/6-768x512-2.jpg 768w, https:\/\/idea.gob.ve\/wp-content\/uploads\/2022\/12\/6-768x512-2-300x200.jpg 300w\" sizes=\"auto, (max-width: 768px) 100vw, 768px\" \/><\/figure>\n\n\n\n<p><strong>Semilleros Cient\u00edficos<\/strong><\/p>\n\n\n\n<p>Este a\u00f1o, cerca de 23 mil ni\u00f1as, ni\u00f1os, adolescentes y j\u00f3venes participaron en 437 rutas pedag\u00f3gicas del programa nacional Semilleros Cient\u00edficos en 22 estados del territorio venezolano.<\/p>\n\n\n\n<p>Los j\u00f3venes y los m\u00e1s peque\u00f1os del hogar realizaron visitas y encuentros de saberes en el \u00e1rea agroalimentaria, salud, ecolog\u00eda y ambiente, telecomunicaciones, tecnolog\u00eda espacial y astronom\u00eda.<\/p>\n\n\n\n<p>Este programa educativo, promovido por el Mincyt, constituye una pieza fundamental en el acompa\u00f1amiento de la formaci\u00f3n de j\u00f3venes en el \u00e1mbito cient\u00edfico, pero con visos de una ciencia para el siglo XXI, para la soberan\u00eda y para la vida.<\/p>\n\n\n\n<p>Semilleros Cient\u00edficos busca identificar talentos, y promover su participaci\u00f3n en la ciencia, la tecnolog\u00eda y la innovaci\u00f3n; avivar la curiosidad por encantamiento y el sentido cr\u00edtico; y construir grandes comunidades de conocimiento.<\/p>\n\n\n\n<figure class=\"wp-block-image size-full\"><img loading=\"lazy\" decoding=\"async\" width=\"768\" height=\"559\" src=\"http:\/\/localhost\/idea\/wordpress\/wp-content\/uploads\/2022\/12\/FkhMFfuXEAAm4zn-768x559-1.jpg\" alt=\"\" class=\"wp-image-2385\" srcset=\"https:\/\/idea.gob.ve\/wp-content\/uploads\/2022\/12\/FkhMFfuXEAAm4zn-768x559-1.jpg 768w, https:\/\/idea.gob.ve\/wp-content\/uploads\/2022\/12\/FkhMFfuXEAAm4zn-768x559-1-300x218.jpg 300w\" sizes=\"auto, (max-width: 768px) 100vw, 768px\" \/><\/figure>\n\n\n\n<p><strong>Primera feria Ir\u00e1n-Venezuela<\/strong><\/p>\n\n\n\n<p>Para cerrar el 2022, se llev\u00f3 a cabo la Expoferia Cient\u00edfico-Tecnol\u00f3gica Industrial Ir\u00e1n-Venezuela con una participaci\u00f3n de m\u00e1s de 16 mil personas. Se registraron m\u00e1s de 204 intenciones de negocios y se concretaron 60 acuerdos en cuatro d\u00edas de actividad.<\/p>\n\n\n\n<p>Se llevaron a cabo 268 mesas de negocios efectivas para impulsar los motores de la Agenda Econ\u00f3mica Bolivariana en \u00e1reas estrat\u00e9gicas como industria, tecnolog\u00eda y telecomunicaciones, salud, agroindustria, hidrocarburos y la banca.<\/p>\n\n\n\n<p>Este encuentro estrat\u00e9gico entre Ir\u00e1n y Venezuela sirvi\u00f3 como un ejercicio intenso para construir complementariedad, alianzas estrat\u00e9gicas, intercambio de conocimientos, transferencia de tecnolog\u00eda, negocios y cooperaci\u00f3n entre pueblos hermanos.<\/p>\n\n\n\n<p><\/p>\n\n\n\n<p><\/p>\n\n\n\n<figure class=\"wp-block-image size-full\"><img loading=\"lazy\" decoding=\"async\" width=\"768\" height=\"576\" src=\"http:\/\/localhost\/idea\/wordpress\/wp-content\/uploads\/2022\/12\/8-768x576-1.jpg\" alt=\"\" class=\"wp-image-2386\" srcset=\"https:\/\/idea.gob.ve\/wp-content\/uploads\/2022\/12\/8-768x576-1.jpg 768w, https:\/\/idea.gob.ve\/wp-content\/uploads\/2022\/12\/8-768x576-1-300x225.jpg 300w\" sizes=\"auto, (max-width: 768px) 100vw, 768px\" \/><\/figure>\n\n\n\n<p><strong>Gallinas amorosas<\/strong><\/p>\n\n\n\n<p>Caracas fue protagonista, en 2022, del I Encuentro Venezolano de Mujeres en la Ciencia.<\/p>\n\n\n\n<p>Este movimiento registr\u00f3 m\u00e1s de 600 investigadoras, innovadoras y tecn\u00f3logas provenientes de 21 entidades del territorio nacional interesadas en aportar a la construcci\u00f3n de conocimientos desde una \u00e9tica para la vida.<\/p>\n\n\n\n<p>En los espacios del Polo Cient\u00edfico-Tecnol\u00f3gico Venezolano, en Baruta, estado Miranda, las f\u00e9minas instalaron m\u00faltiples mesas de trabajo para debatir temas sobre la salud, educaci\u00f3n, agroalimentaci\u00f3n, perspectiva de g\u00e9nero, industria e ingenier\u00eda y para generar propuestas dirigidas al bienestar com\u00fan y la resoluci\u00f3n de problemas reales.<\/p>\n\n\n\n<figure class=\"wp-block-image size-full\"><img loading=\"lazy\" decoding=\"async\" width=\"680\" height=\"510\" src=\"http:\/\/localhost\/idea\/wordpress\/wp-content\/uploads\/2022\/12\/7-1.jpg\" alt=\"\" class=\"wp-image-2387\" srcset=\"https:\/\/idea.gob.ve\/wp-content\/uploads\/2022\/12\/7-1.jpg 680w, https:\/\/idea.gob.ve\/wp-content\/uploads\/2022\/12\/7-1-300x225.jpg 300w\" sizes=\"auto, (max-width: 680px) 100vw, 680px\" \/><\/figure>\n\n\n\n<p><strong>Ediciones Mincyt<\/strong><\/p>\n\n\n\n<p>El Ministerio del Popular para Ciencia y Tecnolog\u00eda fue reconocido como brazo editorial de la producci\u00f3n intelectual del Estado venezolano.&nbsp;<\/p>\n\n\n\n<p>En este sentido, en 2022, el Mincyt se posicion\u00f3 como promotor de lectura y como un tanque de pensamiento cr\u00edtico que permite impulsar el debate sobre la complejidad de la crisis sist\u00e9mica y la necesidad de crear comunidades de vida.<\/p>\n\n\n\n<p>En un a\u00f1o muy productivo, el Ministerio de Ciencia public\u00f3 nueve libros:\u00a0<em>Agroecolog\u00edas insurgentes en Venezuela<\/em>,\u00a0<em>Investigaci\u00f3n e innovaci\u00f3n para la soberan\u00eda alimentaria en Venezuela<\/em>, la colecci\u00f3n\u00a0<em>Pensar como pa\u00eds<\/em>\u00a0(constituida por cinco obras),\u00a0<em>Capitalismo y cibercontrol<\/em>, y\u00a0<em>Memoria inmortal.<\/em><\/p>\n\n\n\n<p><\/p>\n\n\n\n<figure class=\"wp-block-image size-full\"><img loading=\"lazy\" decoding=\"async\" width=\"768\" height=\"512\" src=\"http:\/\/localhost\/idea\/wordpress\/wp-content\/uploads\/2022\/12\/3-768x512-1.jpg\" alt=\"\" class=\"wp-image-2388\" srcset=\"https:\/\/idea.gob.ve\/wp-content\/uploads\/2022\/12\/3-768x512-1.jpg 768w, https:\/\/idea.gob.ve\/wp-content\/uploads\/2022\/12\/3-768x512-1-300x200.jpg 300w\" sizes=\"auto, (max-width: 768px) 100vw, 768px\" \/><\/figure>\n\n\n\n<p><strong>Prensa Mincyt.\u00a0<\/strong><\/p>\n\n\n\n<p><\/p>\n","protected":false},"excerpt":{"rendered":"<p>En Venezuela, el a\u00f1o 2022 cierra con grandes logros en las \u00e1reas de ciencia y tecnolog\u00eda al servicio de las comunidades, con el fin de crear soluciones aplicadas a los [&hellip;]<\/p>\n","protected":false},"author":3,"featured_media":2379,"comment_status":"open","ping_status":"open","sticky":false,"template":"","format":"standard","meta":{"footnotes":""},"categories":[11],"tags":[],"class_list":["post-2378","post","type-post","status-publish","format-standard","has-post-thumbnail","hentry","category-mincyt"],"_links":{"self":[{"href":"https:\/\/idea.gob.ve\/index.php\/wp-json\/wp\/v2\/posts\/2378","targetHints":{"allow":["GET"]}}],"collection":[{"href":"https:\/\/idea.gob.ve\/index.php\/wp-json\/wp\/v2\/posts"}],"about":[{"href":"https:\/\/idea.gob.ve\/index.php\/wp-json\/wp\/v2\/types\/post"}],"author":[{"embeddable":true,"href":"https:\/\/idea.gob.ve\/index.php\/wp-json\/wp\/v2\/users\/3"}],"replies":[{"embeddable":true,"href":"https:\/\/idea.gob.ve\/index.php\/wp-json\/wp\/v2\/comments?post=2378"}],"version-history":[{"count":1,"href":"https:\/\/idea.gob.ve\/index.php\/wp-json\/wp\/v2\/posts\/2378\/revisions"}],"predecessor-version":[{"id":2389,"href":"https:\/\/idea.gob.ve\/index.php\/wp-json\/wp\/v2\/posts\/2378\/revisions\/2389"}],"wp:featuredmedia":[{"embeddable":true,"href":"https:\/\/idea.gob.ve\/index.php\/wp-json\/wp\/v2\/media\/2379"}],"wp:attachment":[{"href":"https:\/\/idea.gob.ve\/index.php\/wp-json\/wp\/v2\/media?parent=2378"}],"wp:term":[{"taxonomy":"category","embeddable":true,"href":"https:\/\/idea.gob.ve\/index.php\/wp-json\/wp\/v2\/categories?post=2378"},{"taxonomy":"post_tag","embeddable":true,"href":"https:\/\/idea.gob.ve\/index.php\/wp-json\/wp\/v2\/tags?post=2378"}],"curies":[{"name":"wp","href":"https:\/\/api.w.org\/{rel}","templated":true}]}}