{"id":2141,"date":"2022-11-22T11:39:43","date_gmt":"2022-11-22T15:39:43","guid":{"rendered":"http:\/\/localhost\/idea\/wordpress\/?p=2141"},"modified":"2022-11-22T11:39:44","modified_gmt":"2022-11-22T15:39:44","slug":"venezuela-ratifica-en-la-corte-internacional-de-justicia-derechos-historicos-sobre-el-esequibo","status":"publish","type":"post","link":"https:\/\/idea.gob.ve\/index.php\/2022\/11\/22\/venezuela-ratifica-en-la-corte-internacional-de-justicia-derechos-historicos-sobre-el-esequibo\/","title":{"rendered":"Venezuela ratifica en la Corte Internacional de Justicia derechos hist\u00f3ricos sobre el Esequibo"},"content":{"rendered":"\n<p>Este jueves, 17 de noviembre, la vicepresidenta ejecutiva de la Rep\u00fablica, Delcy Rodr\u00edguez, defendi\u00f3, ante la Corte Internacional de Justicia (CIJ) de La Haya, Pa\u00edses Bajos, la titularidad hist\u00f3rica de Venezuela sobre el Esequibo, y solicit\u00f3 declarar inadmisible la demanda unilateral presentada por Guyana sobre ese territorio.<\/p>\n\n\n\n<p>En su intervenci\u00f3n, la vicepresidenta Delcy Rodr\u00edguez afirm\u00f3 que el Gobierno de Venezuela no reconoce la jurisprudencia de la corte internacional, pues ya existe el Acuerdo de Ginebra del a\u00f1o 1966.<\/p>\n\n\n\n<p>Rodr\u00edguez reiter\u00f3 que la CIJ no est\u00e1 en condiciones de admitir la demanda Guyana porque el Reino Unido, la parte indispensable para dirimir la cuesti\u00f3n de la disputa, no participa.<\/p>\n\n\n\n<p>\u201cReino Unido en persecuci\u00f3n de las ganancias actu\u00f3 contra un Estado soberano\u201d, a\u00f1adi\u00f3 la funcionaria venezolana.<\/p>\n\n\n\n<p>De la misma forma, Rodr\u00edguez hizo un repaso del litigio territorial sobre el Esequibo, en el cual demostr\u00f3 c\u00f3mo el Reino Unido se fue apropiando indebidamente de ese territorio.<\/p>\n\n\n\n<p>Asimismo, dijo que las investigaciones demuestran que el Reino Unido present\u00f3 mapas falsificados que conten\u00edan fronteras a su favor, y, a su vez, declararon que estas no eran objeto de negociaci\u00f3n ya que ser\u00edan defendidas con el uso de la fuerza, confirmando con ello la voracidad imperial brit\u00e1nica.<\/p>\n\n\n\n<p>\u201cPrimero el suelo nativo que nada. Nuestra vida no es otra cosa que la herencia de nuestro pa\u00eds. Para Venezuela esta cuesti\u00f3n es el centro mismo de la patria, no va a permitir un nuevo despojo territorial\u201d, subray\u00f3 la vicepresidenta.<\/p>\n\n\n\n<p>Seg\u00fan Delcy Rodr\u00edguez, la actual \u201cmalinterpretaci\u00f3n malintencionada\u201d del acuerdo por Guyana afecta los derechos del pueblo de Venezuela, espec\u00edficamente su integridad territorial.<\/p>\n\n\n\n<p>Tras la audiencia, la vicepresidenta ejecutiva de la Rep\u00fablica, Delcy Rodr\u00edguez, expres\u00f3 su satisfacci\u00f3n por el modo en que Venezuela defendi\u00f3 su verdad hist\u00f3rica, puesto que es la \u00fanica heredera con titularidad sobre la Guayana Esequiba.<\/p>\n\n\n\n<p>Insisti\u00f3 en que Venezuela fue despojada de su territorio a trav\u00e9s de un fraude. \u201cHemos demostrado que los mapas presentados entonces fueron falsos y que hubo connivencia entre Reino Unido y EE. UU. para despojar a Venezuela del referido territorio por prop\u00f3sitos meramente extractivistas\u201d, declar\u00f3.<\/p>\n\n\n\n<p>Exigi\u00f3 que se respete el Acuerdo de Ginebra y se opte por el di\u00e1logo, lo cual contribuir\u00e1 a las relaciones de buena vecindad y paz, as\u00ed como a retomar la legalidad internacional y mantener la estabilidad pol\u00edtica en la regi\u00f3n.<\/p>\n\n\n\n<p>Agreg\u00f3 que adem\u00e1s de los intereses econ\u00f3micos en este tema, tambi\u00e9n est\u00e1n presentes intereses geopol\u00edticos por la situaci\u00f3n geogr\u00e1fica y ascendencia de Venezuela.<\/p>\n\n\n\n<p><strong>Prensa Mincyt.-<\/strong><\/p>\n\n\n\n<p><a href=\"https:\/\/www.mincyt.gob.ve\/iran-y-venezuela-firman-6-memorandos-de-entendimiento-para-impulsar-proyectos-cientifico-tecnologicos\/\"><\/a><\/p>\n","protected":false},"excerpt":{"rendered":"<p>Este jueves, 17 de noviembre, la vicepresidenta ejecutiva de la Rep\u00fablica, Delcy Rodr\u00edguez, defendi\u00f3, ante la Corte Internacional de Justicia (CIJ) de La Haya, Pa\u00edses Bajos, la titularidad hist\u00f3rica de [&hellip;]<\/p>\n","protected":false},"author":3,"featured_media":2142,"comment_status":"open","ping_status":"open","sticky":false,"template":"","format":"standard","meta":{"footnotes":""},"categories":[1],"tags":[],"class_list":["post-2141","post","type-post","status-publish","format-standard","has-post-thumbnail","hentry","category-sin-categoria"],"_links":{"self":[{"href":"https:\/\/idea.gob.ve\/index.php\/wp-json\/wp\/v2\/posts\/2141","targetHints":{"allow":["GET"]}}],"collection":[{"href":"https:\/\/idea.gob.ve\/index.php\/wp-json\/wp\/v2\/posts"}],"about":[{"href":"https:\/\/idea.gob.ve\/index.php\/wp-json\/wp\/v2\/types\/post"}],"author":[{"embeddable":true,"href":"https:\/\/idea.gob.ve\/index.php\/wp-json\/wp\/v2\/users\/3"}],"replies":[{"embeddable":true,"href":"https:\/\/idea.gob.ve\/index.php\/wp-json\/wp\/v2\/comments?post=2141"}],"version-history":[{"count":1,"href":"https:\/\/idea.gob.ve\/index.php\/wp-json\/wp\/v2\/posts\/2141\/revisions"}],"predecessor-version":[{"id":2143,"href":"https:\/\/idea.gob.ve\/index.php\/wp-json\/wp\/v2\/posts\/2141\/revisions\/2143"}],"wp:featuredmedia":[{"embeddable":true,"href":"https:\/\/idea.gob.ve\/index.php\/wp-json\/wp\/v2\/media\/2142"}],"wp:attachment":[{"href":"https:\/\/idea.gob.ve\/index.php\/wp-json\/wp\/v2\/media?parent=2141"}],"wp:term":[{"taxonomy":"category","embeddable":true,"href":"https:\/\/idea.gob.ve\/index.php\/wp-json\/wp\/v2\/categories?post=2141"},{"taxonomy":"post_tag","embeddable":true,"href":"https:\/\/idea.gob.ve\/index.php\/wp-json\/wp\/v2\/tags?post=2141"}],"curies":[{"name":"wp","href":"https:\/\/api.w.org\/{rel}","templated":true}]}}