{"id":2098,"date":"2022-11-14T08:49:05","date_gmt":"2022-11-14T12:49:05","guid":{"rendered":"http:\/\/localhost\/idea\/wordpress\/?p=2098"},"modified":"2022-11-14T08:49:07","modified_gmt":"2022-11-14T12:49:07","slug":"venezuela-es-el-primer-pais-del-mundo-en-reportar-regeneracion-de-pulpa-dental-con-celulas-madre","status":"publish","type":"post","link":"https:\/\/idea.gob.ve\/index.php\/2022\/11\/14\/venezuela-es-el-primer-pais-del-mundo-en-reportar-regeneracion-de-pulpa-dental-con-celulas-madre\/","title":{"rendered":"Venezuela es el primer pa\u00eds del mundo en reportar regeneraci\u00f3n de pulpa dental con c\u00e9lulas madre"},"content":{"rendered":"\n<p>En el marco del conversatorio \u201cCiencia para la paz y el buen vivir\u201d, actividad organizada por el Ministerio del Poder Popular para Ciencia Tecnolog\u00eda e Innovaci\u00f3n, se abord\u00f3 el tema \u201cC\u00e9lulas madre por la vida\u201d, por parte de Jos\u00e9 Cardier, jefe de la Unidad de Terapia Celular (UTC) del Centro de Medicina Regenerativa del Instituto Venezolano de Investigaciones Cient\u00edficas (IVIC).<\/p>\n\n\n\n<p>En el conversatorio, Cardier anunci\u00f3 que, este a\u00f1o, Venezuela se convirti\u00f3 en el primer pa\u00eds del mundo en reportar regeneraci\u00f3n de pulpa dental con c\u00e9lulas madre, lo que mantiene al pa\u00eds en la vanguardia de la medicina regenerativa en Latinoam\u00e9rica.<\/p>\n\n\n\n<p>Igualmente, la ocasi\u00f3n fue propicia para explicar todo los tratamientos que desde el 2010 se vienen aplicando con distintas c\u00e9lulas, siendo la m\u00e1s utilizadas en los protocolos la c\u00e9lulas estromales mesenquimales.<\/p>\n\n\n\n<p>El experto en medicina regenerativa expuso que en el IVIC \u201ctenemos la \u00fanica sala blanca con que cuenta el pa\u00eds. Un espacio que cumple con todas las medidas de esterilidad, tomando en cuenta que las c\u00e9lulas madre es un producto que se aplica en pacientes. El pr\u00f3ximo a\u00f1o tendremos la sala blanca m\u00e1s importante de Latinoam\u00e9rica gracias al financiamiento del Ministerio del Poder Popular para Ciencia y Tecnolog\u00eda\u201d.<\/p>\n\n\n\n<p>Desde la UTC se trabaja en todo lo que tiene que ver con investigaci\u00f3n y desarrollo en esta materia, lo que ha permitido dar pasos agigantados en generaci\u00f3n de nuevos protocolos de terapias avanzadas. \u201cEste es un trabajo donde participan muchas personas de hospitales p\u00fablicos del pa\u00eds, especialistas en distintas \u00e1reas que juegan un rol muy importante en todo lo relacionado con el diagn\u00f3stico, selecci\u00f3n y seguimiento\u201d, explic\u00f3 Cardier.<\/p>\n\n\n\n<p>Apunt\u00f3 que Yaracuy es el estado vanguardia de la terapia celular en Venezuela, porque desde all\u00ed quieren hacer muchas cosas y \u201cnosotros estamos dispuestos hacerlo, nuestra idea es llevar estos tratamientos a todos los hospitales del pa\u00eds\u201d, dijo el investigador venezolano.<\/p>\n\n\n\n<p><strong>Prensa Mincyt\/IVIC\/Edith Garc\u00eda.<\/strong><\/p>\n\n\n\n<p><\/p>\n\n\n\n<figure class=\"wp-block-image size-full\"><img loading=\"lazy\" decoding=\"async\" width=\"768\" height=\"512\" src=\"http:\/\/localhost\/idea\/wordpress\/wp-content\/uploads\/2022\/11\/WhatsApp-Image-2022-11-11-at-5.47.09-PM-2-768x512-1.jpeg\" alt=\"\" class=\"wp-image-2100\" srcset=\"https:\/\/idea.gob.ve\/wp-content\/uploads\/2022\/11\/WhatsApp-Image-2022-11-11-at-5.47.09-PM-2-768x512-1.jpeg 768w, https:\/\/idea.gob.ve\/wp-content\/uploads\/2022\/11\/WhatsApp-Image-2022-11-11-at-5.47.09-PM-2-768x512-1-300x200.jpeg 300w\" sizes=\"auto, (max-width: 768px) 100vw, 768px\" \/><\/figure>\n","protected":false},"excerpt":{"rendered":"<p>En el marco del conversatorio \u201cCiencia para la paz y el buen vivir\u201d, actividad organizada por el Ministerio del Poder Popular para Ciencia Tecnolog\u00eda e Innovaci\u00f3n, se abord\u00f3 el tema [&hellip;]<\/p>\n","protected":false},"author":3,"featured_media":2099,"comment_status":"open","ping_status":"open","sticky":false,"template":"","format":"standard","meta":{"footnotes":""},"categories":[11],"tags":[],"class_list":["post-2098","post","type-post","status-publish","format-standard","has-post-thumbnail","hentry","category-mincyt"],"_links":{"self":[{"href":"https:\/\/idea.gob.ve\/index.php\/wp-json\/wp\/v2\/posts\/2098","targetHints":{"allow":["GET"]}}],"collection":[{"href":"https:\/\/idea.gob.ve\/index.php\/wp-json\/wp\/v2\/posts"}],"about":[{"href":"https:\/\/idea.gob.ve\/index.php\/wp-json\/wp\/v2\/types\/post"}],"author":[{"embeddable":true,"href":"https:\/\/idea.gob.ve\/index.php\/wp-json\/wp\/v2\/users\/3"}],"replies":[{"embeddable":true,"href":"https:\/\/idea.gob.ve\/index.php\/wp-json\/wp\/v2\/comments?post=2098"}],"version-history":[{"count":1,"href":"https:\/\/idea.gob.ve\/index.php\/wp-json\/wp\/v2\/posts\/2098\/revisions"}],"predecessor-version":[{"id":2101,"href":"https:\/\/idea.gob.ve\/index.php\/wp-json\/wp\/v2\/posts\/2098\/revisions\/2101"}],"wp:featuredmedia":[{"embeddable":true,"href":"https:\/\/idea.gob.ve\/index.php\/wp-json\/wp\/v2\/media\/2099"}],"wp:attachment":[{"href":"https:\/\/idea.gob.ve\/index.php\/wp-json\/wp\/v2\/media?parent=2098"}],"wp:term":[{"taxonomy":"category","embeddable":true,"href":"https:\/\/idea.gob.ve\/index.php\/wp-json\/wp\/v2\/categories?post=2098"},{"taxonomy":"post_tag","embeddable":true,"href":"https:\/\/idea.gob.ve\/index.php\/wp-json\/wp\/v2\/tags?post=2098"}],"curies":[{"name":"wp","href":"https:\/\/api.w.org\/{rel}","templated":true}]}}