{"id":2083,"date":"2022-11-14T08:36:16","date_gmt":"2022-11-14T12:36:16","guid":{"rendered":"http:\/\/localhost\/idea\/wordpress\/?p=2083"},"modified":"2022-11-14T08:37:01","modified_gmt":"2022-11-14T12:37:01","slug":"ramon-grosfoguel-tambien-debemos-descolonizar-la-manera-como-comunicamos-la-ciencia","status":"publish","type":"post","link":"https:\/\/idea.gob.ve\/index.php\/2022\/11\/14\/ramon-grosfoguel-tambien-debemos-descolonizar-la-manera-como-comunicamos-la-ciencia\/","title":{"rendered":"Ram\u00f3n Grosf\u00f3guel: Tambi\u00e9n debemos descolonizar la manera como comunicamos la ciencia"},"content":{"rendered":"\n<p>De acuerdo con el soci\u00f3logo puertorrique\u00f1o Ram\u00f3n Grosf\u00f3guel, para evitar la reproducci\u00f3n de esquemas imperiales de guerra, saqueo y empobrecimiento de los pueblos es necesario cambiar y repensar c\u00f3mo comunicamos la ciencia puesto que, hasta ahora, se repite el mismo sistema hegem\u00f3nico.<\/p>\n\n\n\n<p>Durante su participaci\u00f3n en el conversatorio denominado \u00abCiencia para la paz y el buen vivir\u00bb, organizado por el Ministerio del Poder Popular para Ciencia y Tecnolog\u00eda, Grosf\u00f3guel explic\u00f3 que la ciencia moderna se constituy\u00f3 como una ciencia sin \u00e9tica, sin l\u00edmite, donde todo vale, por lo que se convierte en ciencia destructiva de la vida.<\/p>\n\n\n\n<p>\u201cA nombre de la ciencia se puede hacer cualquier cosa sin l\u00edmites \u00e9ticos. Descolonizar la ciencia tambi\u00e9n implica poner l\u00edmites \u00e9ticos porque a nombre de la ciencia, una comunidad de cient\u00edficos puede decidir poner bombas nucleares para poner un ejemplo extremo, pero tambi\u00e9n para hacer quiz\u00e1s m\u00e1s tecnolog\u00eda destructiva de la vida que no tiene los cuidados de la reproducci\u00f3n de la vida o hacer m\u00e1s medicina t\u00f3xica que en lugar de curar, envenena nuestro cuerpo. Hay que construir una ciencia que tenga la racionalidad de la vida, y eso significa descolonizar la ciencia de esa visi\u00f3n hegem\u00f3nica donde todo vale. Es como una especie de sacralizaci\u00f3n de la ciencia, de transformarla en una nueva religi\u00f3n moderna; en lugar de subordinar la ciencia a los intereses de la humanidad, de los pueblos\u201d, expres\u00f3.<\/p>\n\n\n\n<p>En su discurso, el escritor e investigador Ram\u00f3n Grosf\u00f3guel asegur\u00f3 que detr\u00e1s de la ciencia hay muchos intereses, sobre todo en la industria internacional armamentista y en los Estados imperiales que solo les interesa desarrollar ciertas cosas, a nombre del trabajo cient\u00edfico, para iniciar una guerra.<\/p>\n\n\n\n<p>\u201cHay un gran conflicto en el campo de batalla de la ciencia y de la producci\u00f3n cient\u00edfica internacional donde, por ejemplo, el imperio americano invierte una cantidad de miles de millones de d\u00f3lares, o sea la mitad del presupuesto del imperio estadounidense se va en la industria de guerra. All\u00ed contratan a un mont\u00f3n de cient\u00edficos que les pagan muy bien para hacer armamentos, para mejorar los armamentos y hacer bombas inteligentes. \u00a1Imag\u00ednense! Estamos en un momento hist\u00f3rico muy importante de la humanidad, porque estamos en una crisis civilizatoria muy seria que viene de varios siglos, pero que cada d\u00eda se intensifica m\u00e1s donde estamos jug\u00e1ndonos la vida del planeta Tierra, la vida humana y no humana\u201d, manifest\u00f3.<\/p>\n\n\n\n<p>El pensador puertorrique\u00f1o reiter\u00f3 que, en Venezuela, el presidente Nicol\u00e1s Maduro hizo un llamado a descolonizarnos en todos los campos de la vida, en la econom\u00eda, pol\u00edtica, pedagog\u00eda, educaci\u00f3n, mente, esp\u00edritu, pero tambi\u00e9n en la ciencia y la tecnolog\u00eda.<\/p>\n\n\n\n<p>\u201cSi no descolonizamos la ciencia, el problema es que vamos a estar haciendo ciencia destructiva de la vida, ciencia que no va acorde a los intereses de nuestros pueblos. El llamado es y en eso la ministra Gabriela Jim\u00e9nez-Ram\u00edrez ha estado a la vanguardia, ella llama a hacer ciencia para la vida, a descolonizarnos de esa ciencia hegem\u00f3nica para la guerra, la destrucci\u00f3n. Este llamado es una virtud de la Revoluci\u00f3n Bolivariana por lo cual tenemos que estar siempre conscientes y agradecidos que ese es el proyecto de pa\u00eds que tiene Venezuela y le est\u00e1 dando ejemplo al mundo\u201d, puntualiz\u00f3.<\/p>\n\n\n\n<p><strong>Prensa Mincyt\/Karina Depablos.-<\/strong><\/p>\n","protected":false},"excerpt":{"rendered":"<p>De acuerdo con el soci\u00f3logo puertorrique\u00f1o Ram\u00f3n Grosf\u00f3guel, para evitar la reproducci\u00f3n de esquemas imperiales de guerra, saqueo y empobrecimiento de los pueblos es necesario cambiar y repensar c\u00f3mo comunicamos [&hellip;]<\/p>\n","protected":false},"author":3,"featured_media":2084,"comment_status":"open","ping_status":"open","sticky":false,"template":"","format":"standard","meta":{"footnotes":""},"categories":[1],"tags":[],"class_list":["post-2083","post","type-post","status-publish","format-standard","has-post-thumbnail","hentry","category-sin-categoria"],"_links":{"self":[{"href":"https:\/\/idea.gob.ve\/index.php\/wp-json\/wp\/v2\/posts\/2083","targetHints":{"allow":["GET"]}}],"collection":[{"href":"https:\/\/idea.gob.ve\/index.php\/wp-json\/wp\/v2\/posts"}],"about":[{"href":"https:\/\/idea.gob.ve\/index.php\/wp-json\/wp\/v2\/types\/post"}],"author":[{"embeddable":true,"href":"https:\/\/idea.gob.ve\/index.php\/wp-json\/wp\/v2\/users\/3"}],"replies":[{"embeddable":true,"href":"https:\/\/idea.gob.ve\/index.php\/wp-json\/wp\/v2\/comments?post=2083"}],"version-history":[{"count":1,"href":"https:\/\/idea.gob.ve\/index.php\/wp-json\/wp\/v2\/posts\/2083\/revisions"}],"predecessor-version":[{"id":2085,"href":"https:\/\/idea.gob.ve\/index.php\/wp-json\/wp\/v2\/posts\/2083\/revisions\/2085"}],"wp:featuredmedia":[{"embeddable":true,"href":"https:\/\/idea.gob.ve\/index.php\/wp-json\/wp\/v2\/media\/2084"}],"wp:attachment":[{"href":"https:\/\/idea.gob.ve\/index.php\/wp-json\/wp\/v2\/media?parent=2083"}],"wp:term":[{"taxonomy":"category","embeddable":true,"href":"https:\/\/idea.gob.ve\/index.php\/wp-json\/wp\/v2\/categories?post=2083"},{"taxonomy":"post_tag","embeddable":true,"href":"https:\/\/idea.gob.ve\/index.php\/wp-json\/wp\/v2\/tags?post=2083"}],"curies":[{"name":"wp","href":"https:\/\/api.w.org\/{rel}","templated":true}]}}