{"id":2054,"date":"2022-11-08T08:31:09","date_gmt":"2022-11-08T12:31:09","guid":{"rendered":"http:\/\/localhost\/idea\/wordpress\/?p=2054"},"modified":"2022-11-08T08:31:10","modified_gmt":"2022-11-08T12:31:10","slug":"iv-congreso-venezolano-de-agroecologia-2022","status":"publish","type":"post","link":"https:\/\/idea.gob.ve\/index.php\/2022\/11\/08\/iv-congreso-venezolano-de-agroecologia-2022\/","title":{"rendered":"IV Congreso Venezolano de Agroecolog\u00eda 2022"},"content":{"rendered":"\n<p><strong>Prensa\/IDEA\/Jorge Peraza.<\/strong> Mi\u00e9rcoles 02 de noviembre, desde las Instalaciones del Instituto de Estudios Avanzados IDEA, en el estado bolivariano de Miranda, se dio inicio al IV Congreso Venezolano de Agroecolog\u00eda, cuyo objetivo planteado fue visibilizar los nuevos protagonismos, quienes est\u00e1n proponiendo otras formas de pensar y practicar la agroecolog\u00eda y de este modo, proponer alternativas sustentables de sistemas alimentarios, as\u00ed como reconocer los desaf\u00edos y amenazas para los escenarios por venir.<\/p>\n\n\n\n<p>Luego de escuchar el Himno Nacional, comenz\u00f3 a ejecutarse el cronograma del d\u00eda con palabras de las autoridades presentes encabezada por el viceministro para Investigaci\u00f3n y Aplicaci\u00f3n de Conocimientos (<strong>MINCYT<\/strong>), Francisco Dur\u00e1n, y la vicepresidenta y decana del Instituto de Estudios Avanzados <strong>(IDEA) <\/strong>Dra. Yurani Godoy, la presidenta de la Sociedad Cient\u00edfica Latinoamericana de agroecolog\u00eda (<strong>SOCLA<\/strong>) Dra. Georgina Catacora, bajo la conducci\u00f3n como maestro de ceremonia el investigador del Instituto de Estudios Cient\u00edficos y Tecnol\u00f3gicos (<strong>IDECYT)<\/strong>, de la Universidad Nacional Experimental Sim\u00f3n Rodr\u00edguez, Aliffer Mora.<\/p>\n\n\n\n<p>El encuentro culmin\u00f3 el 4 de noviembre, con la difusi\u00f3n de 7 conferencias centrales nacionales e internacionales, la presentaci\u00f3n de 127 trabajos por \u00e1reas tem\u00e1ticas de manera virtual y presencial, 50 poster, mesas t\u00e9cnicas, ferias agr\u00edcolas, presentaci\u00f3n de dos libros venezolanos, as\u00ed como el Simposio \u201cAgroecolog\u00eda y Biotecnolog\u00eda: una relaci\u00f3n exitosa para la sustentabilidad\u201d.<\/p>\n\n\n\n<p>En esta ocasi\u00f3n, se trat\u00f3 de un evento territorializado, con la participaci\u00f3n de sedes de FUNDACITE a nivel nacional como Aragua, Anzo\u00e1tegui, Bol\u00edvar, Lara, M\u00e9rida, Miranda, Monagas, Nueva Esparta y Yaracuy, transitando entre la virtualidad y la presencialidad, en una diversidad de actividades programadas desde la coordinaci\u00f3n nacional. Esta estrategia de difusi\u00f3n permiti\u00f3 visibilizar actores desde sus fincas, comunidades, universidades y laboratorios de investigaci\u00f3n acad\u00e9mica a partir de una perspectiva inclusiva, reflexiva y cr\u00edtica.<\/p>\n\n\n\n<p><strong>\u201cEs evidencia de que otro mundo es posible\u201d<\/strong><\/p>\n\n\n\n<p>Palabras del ec\u00f3logo colombiano Omar Felipe Giraldo, en el IV Congreso Venezolano de Agroecolog\u00eda.<\/p>\n\n\n\n<figure class=\"wp-block-image size-large\"><img loading=\"lazy\" decoding=\"async\" width=\"1024\" height=\"683\" src=\"http:\/\/localhost\/idea\/wordpress\/wp-content\/uploads\/2022\/11\/IMG_0341-1024x683.jpg\" alt=\"\" class=\"wp-image-2061\" srcset=\"https:\/\/idea.gob.ve\/wp-content\/uploads\/2022\/11\/IMG_0341-1024x683.jpg 1024w, https:\/\/idea.gob.ve\/wp-content\/uploads\/2022\/11\/IMG_0341-300x200.jpg 300w, https:\/\/idea.gob.ve\/wp-content\/uploads\/2022\/11\/IMG_0341-768x512.jpg 768w, https:\/\/idea.gob.ve\/wp-content\/uploads\/2022\/11\/IMG_0341-1536x1024.jpg 1536w, https:\/\/idea.gob.ve\/wp-content\/uploads\/2022\/11\/IMG_0341-2048x1365.jpg 2048w\" sizes=\"auto, (max-width: 1024px) 100vw, 1024px\" \/><\/figure>\n\n\n\n<figure class=\"wp-block-gallery has-nested-images columns-default is-cropped wp-block-gallery-1 is-layout-flex wp-block-gallery-is-layout-flex\">\n<figure class=\"wp-block-image size-large\"><img loading=\"lazy\" decoding=\"async\" width=\"683\" height=\"1024\" data-id=\"2062\" src=\"http:\/\/localhost\/idea\/wordpress\/wp-content\/uploads\/2022\/11\/IMG_0328-683x1024.jpg\" alt=\"\" class=\"wp-image-2062\" srcset=\"https:\/\/idea.gob.ve\/wp-content\/uploads\/2022\/11\/IMG_0328-683x1024.jpg 683w, https:\/\/idea.gob.ve\/wp-content\/uploads\/2022\/11\/IMG_0328-200x300.jpg 200w, https:\/\/idea.gob.ve\/wp-content\/uploads\/2022\/11\/IMG_0328-768x1152.jpg 768w, https:\/\/idea.gob.ve\/wp-content\/uploads\/2022\/11\/IMG_0328-1024x1536.jpg 1024w, https:\/\/idea.gob.ve\/wp-content\/uploads\/2022\/11\/IMG_0328-1365x2048.jpg 1365w, https:\/\/idea.gob.ve\/wp-content\/uploads\/2022\/11\/IMG_0328-scaled.jpg 1707w\" sizes=\"auto, (max-width: 683px) 100vw, 683px\" \/><\/figure>\n<\/figure>\n\n\n\n<figure class=\"wp-block-image size-large\"><img loading=\"lazy\" decoding=\"async\" width=\"683\" height=\"1024\" src=\"http:\/\/localhost\/idea\/wordpress\/wp-content\/uploads\/2022\/11\/IMG_0357-1-683x1024.jpg\" alt=\"\" class=\"wp-image-2063\" srcset=\"https:\/\/idea.gob.ve\/wp-content\/uploads\/2022\/11\/IMG_0357-1-683x1024.jpg 683w, https:\/\/idea.gob.ve\/wp-content\/uploads\/2022\/11\/IMG_0357-1-200x300.jpg 200w, https:\/\/idea.gob.ve\/wp-content\/uploads\/2022\/11\/IMG_0357-1-768x1152.jpg 768w, https:\/\/idea.gob.ve\/wp-content\/uploads\/2022\/11\/IMG_0357-1-1024x1536.jpg 1024w, https:\/\/idea.gob.ve\/wp-content\/uploads\/2022\/11\/IMG_0357-1-1365x2048.jpg 1365w, https:\/\/idea.gob.ve\/wp-content\/uploads\/2022\/11\/IMG_0357-1-scaled.jpg 1707w\" sizes=\"auto, (max-width: 683px) 100vw, 683px\" \/><\/figure>\n\n\n\n<figure class=\"wp-block-gallery has-nested-images columns-default is-cropped wp-block-gallery-2 is-layout-flex wp-block-gallery-is-layout-flex\">\n<figure class=\"wp-block-image size-large\"><img loading=\"lazy\" decoding=\"async\" width=\"1024\" height=\"768\" data-id=\"2065\" src=\"http:\/\/localhost\/idea\/wordpress\/wp-content\/uploads\/2022\/11\/fc96d1a3-15f8-474f-8f78-5f4c8f39b081-1024x768.jpg\" alt=\"\" class=\"wp-image-2065\" srcset=\"https:\/\/idea.gob.ve\/wp-content\/uploads\/2022\/11\/fc96d1a3-15f8-474f-8f78-5f4c8f39b081-1024x768.jpg 1024w, https:\/\/idea.gob.ve\/wp-content\/uploads\/2022\/11\/fc96d1a3-15f8-474f-8f78-5f4c8f39b081-300x225.jpg 300w, https:\/\/idea.gob.ve\/wp-content\/uploads\/2022\/11\/fc96d1a3-15f8-474f-8f78-5f4c8f39b081-768x576.jpg 768w, https:\/\/idea.gob.ve\/wp-content\/uploads\/2022\/11\/fc96d1a3-15f8-474f-8f78-5f4c8f39b081.jpg 1040w\" sizes=\"auto, (max-width: 1024px) 100vw, 1024px\" \/><\/figure>\n\n\n\n<figure class=\"wp-block-image size-large\"><img loading=\"lazy\" decoding=\"async\" width=\"1024\" height=\"683\" data-id=\"2066\" src=\"http:\/\/localhost\/idea\/wordpress\/wp-content\/uploads\/2022\/11\/IMG_0360-1024x683.jpg\" alt=\"\" class=\"wp-image-2066\" srcset=\"https:\/\/idea.gob.ve\/wp-content\/uploads\/2022\/11\/IMG_0360-1024x683.jpg 1024w, https:\/\/idea.gob.ve\/wp-content\/uploads\/2022\/11\/IMG_0360-300x200.jpg 300w, https:\/\/idea.gob.ve\/wp-content\/uploads\/2022\/11\/IMG_0360-768x512.jpg 768w, https:\/\/idea.gob.ve\/wp-content\/uploads\/2022\/11\/IMG_0360-1536x1024.jpg 1536w, https:\/\/idea.gob.ve\/wp-content\/uploads\/2022\/11\/IMG_0360-2048x1365.jpg 2048w\" sizes=\"auto, (max-width: 1024px) 100vw, 1024px\" \/><\/figure>\n\n\n\n<figure class=\"wp-block-image size-large\"><img loading=\"lazy\" decoding=\"async\" width=\"1024\" height=\"768\" data-id=\"2064\" src=\"http:\/\/localhost\/idea\/wordpress\/wp-content\/uploads\/2022\/11\/9b73ef71-ed2b-4396-91b4-60b6e9b9b76c-1024x768.jpg\" alt=\"\" class=\"wp-image-2064\" srcset=\"https:\/\/idea.gob.ve\/wp-content\/uploads\/2022\/11\/9b73ef71-ed2b-4396-91b4-60b6e9b9b76c-1024x768.jpg 1024w, https:\/\/idea.gob.ve\/wp-content\/uploads\/2022\/11\/9b73ef71-ed2b-4396-91b4-60b6e9b9b76c-300x225.jpg 300w, https:\/\/idea.gob.ve\/wp-content\/uploads\/2022\/11\/9b73ef71-ed2b-4396-91b4-60b6e9b9b76c-768x576.jpg 768w, https:\/\/idea.gob.ve\/wp-content\/uploads\/2022\/11\/9b73ef71-ed2b-4396-91b4-60b6e9b9b76c.jpg 1040w\" sizes=\"auto, (max-width: 1024px) 100vw, 1024px\" \/><\/figure>\n<\/figure>\n","protected":false},"excerpt":{"rendered":"<p>Prensa\/IDEA\/Jorge Peraza. Mi\u00e9rcoles 02 de noviembre, desde las Instalaciones del Instituto de Estudios Avanzados IDEA, en el estado bolivariano de Miranda, se dio inicio al IV Congreso Venezolano de Agroecolog\u00eda, [&hellip;]<\/p>\n","protected":false},"author":3,"featured_media":2055,"comment_status":"open","ping_status":"open","sticky":true,"template":"","format":"standard","meta":{"footnotes":""},"categories":[23],"tags":[],"class_list":["post-2054","post","type-post","status-publish","format-standard","has-post-thumbnail","hentry","category-idea"],"_links":{"self":[{"href":"https:\/\/idea.gob.ve\/index.php\/wp-json\/wp\/v2\/posts\/2054","targetHints":{"allow":["GET"]}}],"collection":[{"href":"https:\/\/idea.gob.ve\/index.php\/wp-json\/wp\/v2\/posts"}],"about":[{"href":"https:\/\/idea.gob.ve\/index.php\/wp-json\/wp\/v2\/types\/post"}],"author":[{"embeddable":true,"href":"https:\/\/idea.gob.ve\/index.php\/wp-json\/wp\/v2\/users\/3"}],"replies":[{"embeddable":true,"href":"https:\/\/idea.gob.ve\/index.php\/wp-json\/wp\/v2\/comments?post=2054"}],"version-history":[{"count":1,"href":"https:\/\/idea.gob.ve\/index.php\/wp-json\/wp\/v2\/posts\/2054\/revisions"}],"predecessor-version":[{"id":2067,"href":"https:\/\/idea.gob.ve\/index.php\/wp-json\/wp\/v2\/posts\/2054\/revisions\/2067"}],"wp:featuredmedia":[{"embeddable":true,"href":"https:\/\/idea.gob.ve\/index.php\/wp-json\/wp\/v2\/media\/2055"}],"wp:attachment":[{"href":"https:\/\/idea.gob.ve\/index.php\/wp-json\/wp\/v2\/media?parent=2054"}],"wp:term":[{"taxonomy":"category","embeddable":true,"href":"https:\/\/idea.gob.ve\/index.php\/wp-json\/wp\/v2\/categories?post=2054"},{"taxonomy":"post_tag","embeddable":true,"href":"https:\/\/idea.gob.ve\/index.php\/wp-json\/wp\/v2\/tags?post=2054"}],"curies":[{"name":"wp","href":"https:\/\/api.w.org\/{rel}","templated":true}]}}