{"id":2048,"date":"2022-11-08T08:20:54","date_gmt":"2022-11-08T12:20:54","guid":{"rendered":"http:\/\/localhost\/idea\/wordpress\/?p=2048"},"modified":"2022-11-08T08:20:55","modified_gmt":"2022-11-08T12:20:55","slug":"tecnologia-venezolana-espacial","status":"publish","type":"post","link":"https:\/\/idea.gob.ve\/index.php\/2022\/11\/08\/tecnologia-venezolana-espacial\/","title":{"rendered":"TECNOLOG\u00cdA VENEZOLANA ESPACIAL"},"content":{"rendered":"\n<p>e aqu\u00ed algunas im\u00e1genes captadas por los c\u00e1maras de los sat\u00e9lites venezolanos de observaci\u00f3n terrena.<\/p>\n\n\n\n<p>Estas im\u00e1genes son procesadas en la Agencia Bolivariana para Actividades Espaciales, un centro de investigaci\u00f3n e innovaci\u00f3n que esta semana cumpli\u00f3 15 a\u00f1os al servicio de la soberan\u00eda de los pueblos.<\/p>\n\n\n\n<p><a href=\"https:\/\/www.mincyt.gob.ve\/tecnologia-venezolana-espacial\/\"><time datetime=\"2022-11-07T14:14:36-04:00\">7 noviembre 2022<\/time><\/a>\u00a0por\u00a0<a href=\"https:\/\/www.mincyt.gob.ve\/author\/dramos\/\">Daniela Ramos<\/a><\/p>\n\n\n\n<figure class=\"wp-block-gallery has-nested-images columns-default is-cropped wp-block-gallery-1 is-layout-flex wp-block-gallery-is-layout-flex\">\n<figure class=\"wp-block-image size-large\"><img loading=\"lazy\" decoding=\"async\" width=\"768\" height=\"789\" data-id=\"2051\" src=\"http:\/\/localhost\/idea\/wordpress\/wp-content\/uploads\/2022\/11\/314373073_421566666830999_5846459474688280180_n-768x789-1.jpg\" alt=\"\" class=\"wp-image-2051\" srcset=\"https:\/\/idea.gob.ve\/wp-content\/uploads\/2022\/11\/314373073_421566666830999_5846459474688280180_n-768x789-1.jpg 768w, https:\/\/idea.gob.ve\/wp-content\/uploads\/2022\/11\/314373073_421566666830999_5846459474688280180_n-768x789-1-292x300.jpg 292w\" sizes=\"auto, (max-width: 768px) 100vw, 768px\" \/><\/figure>\n\n\n\n<figure class=\"wp-block-image size-large\"><img loading=\"lazy\" decoding=\"async\" width=\"768\" height=\"762\" data-id=\"2050\" src=\"http:\/\/localhost\/idea\/wordpress\/wp-content\/uploads\/2022\/11\/314351774_421566690164330_1364396334272431198_n-768x762-1.jpg\" alt=\"\" class=\"wp-image-2050\" srcset=\"https:\/\/idea.gob.ve\/wp-content\/uploads\/2022\/11\/314351774_421566690164330_1364396334272431198_n-768x762-1.jpg 768w, https:\/\/idea.gob.ve\/wp-content\/uploads\/2022\/11\/314351774_421566690164330_1364396334272431198_n-768x762-1-300x298.jpg 300w, https:\/\/idea.gob.ve\/wp-content\/uploads\/2022\/11\/314351774_421566690164330_1364396334272431198_n-768x762-1-150x150.jpg 150w\" sizes=\"auto, (max-width: 768px) 100vw, 768px\" \/><\/figure>\n\n\n\n<figure class=\"wp-block-image size-large\"><img loading=\"lazy\" decoding=\"async\" width=\"768\" height=\"726\" data-id=\"2052\" src=\"http:\/\/localhost\/idea\/wordpress\/wp-content\/uploads\/2022\/11\/314357831_421566846830981_6717139792668550155_n-768x726-1.jpg\" alt=\"\" class=\"wp-image-2052\" srcset=\"https:\/\/idea.gob.ve\/wp-content\/uploads\/2022\/11\/314357831_421566846830981_6717139792668550155_n-768x726-1.jpg 768w, https:\/\/idea.gob.ve\/wp-content\/uploads\/2022\/11\/314357831_421566846830981_6717139792668550155_n-768x726-1-300x284.jpg 300w\" sizes=\"auto, (max-width: 768px) 100vw, 768px\" \/><\/figure>\n<\/figure>\n","protected":false},"excerpt":{"rendered":"<p>e aqu\u00ed algunas im\u00e1genes captadas por los c\u00e1maras de los sat\u00e9lites venezolanos de observaci\u00f3n terrena. Estas im\u00e1genes son procesadas en la Agencia Bolivariana para Actividades Espaciales, un centro de investigaci\u00f3n [&hellip;]<\/p>\n","protected":false},"author":3,"featured_media":2049,"comment_status":"open","ping_status":"open","sticky":false,"template":"","format":"standard","meta":{"footnotes":""},"categories":[1],"tags":[],"class_list":["post-2048","post","type-post","status-publish","format-standard","has-post-thumbnail","hentry","category-sin-categoria"],"_links":{"self":[{"href":"https:\/\/idea.gob.ve\/index.php\/wp-json\/wp\/v2\/posts\/2048","targetHints":{"allow":["GET"]}}],"collection":[{"href":"https:\/\/idea.gob.ve\/index.php\/wp-json\/wp\/v2\/posts"}],"about":[{"href":"https:\/\/idea.gob.ve\/index.php\/wp-json\/wp\/v2\/types\/post"}],"author":[{"embeddable":true,"href":"https:\/\/idea.gob.ve\/index.php\/wp-json\/wp\/v2\/users\/3"}],"replies":[{"embeddable":true,"href":"https:\/\/idea.gob.ve\/index.php\/wp-json\/wp\/v2\/comments?post=2048"}],"version-history":[{"count":1,"href":"https:\/\/idea.gob.ve\/index.php\/wp-json\/wp\/v2\/posts\/2048\/revisions"}],"predecessor-version":[{"id":2053,"href":"https:\/\/idea.gob.ve\/index.php\/wp-json\/wp\/v2\/posts\/2048\/revisions\/2053"}],"wp:featuredmedia":[{"embeddable":true,"href":"https:\/\/idea.gob.ve\/index.php\/wp-json\/wp\/v2\/media\/2049"}],"wp:attachment":[{"href":"https:\/\/idea.gob.ve\/index.php\/wp-json\/wp\/v2\/media?parent=2048"}],"wp:term":[{"taxonomy":"category","embeddable":true,"href":"https:\/\/idea.gob.ve\/index.php\/wp-json\/wp\/v2\/categories?post=2048"},{"taxonomy":"post_tag","embeddable":true,"href":"https:\/\/idea.gob.ve\/index.php\/wp-json\/wp\/v2\/tags?post=2048"}],"curies":[{"name":"wp","href":"https:\/\/api.w.org\/{rel}","templated":true}]}}