{"id":1915,"date":"2022-10-18T14:06:15","date_gmt":"2022-10-18T18:06:15","guid":{"rendered":"http:\/\/localhost\/idea\/wordpress\/?p=1915"},"modified":"2022-10-21T13:21:56","modified_gmt":"2022-10-21T17:21:56","slug":"instituto-de-estudios-avanzados-idea-caracas-del-02-al-04-de-noviembre","status":"publish","type":"post","link":"https:\/\/idea.gob.ve\/index.php\/2022\/10\/18\/instituto-de-estudios-avanzados-idea-caracas-del-02-al-04-de-noviembre\/","title":{"rendered":"IV Congreso venezolano de agroecologia\u00a0"},"content":{"rendered":"\t\t<div data-elementor-type=\"wp-post\" data-elementor-id=\"1915\" class=\"elementor elementor-1915\" data-elementor-post-type=\"post\">\n\t\t\t\t\t\t\t\t\t<section class=\"elementor-section elementor-top-section elementor-element elementor-element-f28bd5a elementor-section-boxed elementor-section-height-default elementor-section-height-default\" data-id=\"f28bd5a\" data-element_type=\"section\">\n\t\t\t\t\t\t<div class=\"elementor-container elementor-column-gap-default\">\n\t\t\t\t\t<div class=\"elementor-column elementor-col-100 elementor-top-column elementor-element elementor-element-71005f9c\" data-id=\"71005f9c\" data-element_type=\"column\">\n\t\t\t<div class=\"elementor-widget-wrap elementor-element-populated\">\n\t\t\t\t\t\t\t\t<div class=\"elementor-element elementor-element-31146982 elementor-widget elementor-widget-image\" data-id=\"31146982\" data-element_type=\"widget\" data-widget_type=\"image.default\">\n\t\t\t\t<div class=\"elementor-widget-container\">\n\t\t\t\t\t\t\t\t\t\t\t\t\t\t\t<img loading=\"lazy\" decoding=\"async\" width=\"600\" height=\"200\" src=\"https:\/\/idea.gob.ve\/wp-content\/uploads\/2022\/10\/IV-Congreso-venezolano-de-agroecologia-1.png\" class=\"attachment-large size-large wp-image-1888\" alt=\"\" srcset=\"https:\/\/idea.gob.ve\/wp-content\/uploads\/2022\/10\/IV-Congreso-venezolano-de-agroecologia-1.png 600w, https:\/\/idea.gob.ve\/wp-content\/uploads\/2022\/10\/IV-Congreso-venezolano-de-agroecologia-1-300x100.png 300w\" sizes=\"auto, (max-width: 600px) 100vw, 600px\" \/>\t\t\t\t\t\t\t\t\t\t\t\t\t\t\t<\/div>\n\t\t\t\t<\/div>\n\t\t\t\t<div class=\"elementor-element elementor-element-339b8c36 elementor-widget elementor-widget-text-editor\" data-id=\"339b8c36\" data-element_type=\"widget\" data-widget_type=\"text-editor.default\">\n\t\t\t\t<div class=\"elementor-widget-container\">\n\t\t\t\t\t\t\t<p align=\"center\">Sujetos de la agroecolog\u00eda en Venezuela: aportes hacia la visibilizaci\u00f3n de las agroecolog\u00edas comunitarias y acciones colectivas territoriales ante las m\u00faltiples crisis.<\/p>\t\t\t\t\t\t<\/div>\n\t\t\t\t<\/div>\n\t\t\t\t<div class=\"elementor-element elementor-element-1c4df8d0 elementor-widget elementor-widget-heading\" data-id=\"1c4df8d0\" data-element_type=\"widget\" data-widget_type=\"heading.default\">\n\t\t\t\t<div class=\"elementor-widget-container\">\n\t\t\t<h2 class=\"elementor-heading-title elementor-size-default\">Instituto de Estudios Avanzados (IDEA)\nCaracas, del 02 al 04 de noviembre<\/h2>\t\t<\/div>\n\t\t\t\t<\/div>\n\t\t\t\t<div class=\"elementor-element elementor-element-30f3cf54 elementor-widget elementor-widget-text-editor\" data-id=\"30f3cf54\" data-element_type=\"widget\" data-widget_type=\"text-editor.default\">\n\t\t\t\t<div class=\"elementor-widget-container\">\n\t\t\t\t\t\t\t<p>En esta cuarta edici\u00f3n, el congreso venezolano de agroecolog\u00eda nos convoca a visibilizar los nuevos protagonismos, mujeres, hombres, j\u00f3venes y ni\u00f1eces que est\u00e1n proponiendo otras formas de pensar y practicar la agroecolog\u00eda; y de este modo, hacen frente a los desaf\u00edos del actual panorama de crisis (sanitaria, pol\u00edtica, econ\u00f3mica, alimentaria, entre otros). Pero tambi\u00e9n, abre nuevas posibilidades de encontrar otras v\u00edas para afrontar y alcanzar el desarrollo de estrategias colectivas para el bien com\u00fan, orientadas a la soberan\u00eda alimentaria.<\/p><p>Estamos planteando para esta edici\u00f3n un formato mixto (virtual-presencial), que adem\u00e1s de las din\u00e1micas m\u00e1s com\u00fanmente conocidas para encuentros presenciales, tambi\u00e9n proponer otros, que desde el mundo virtual nos permitan compartir, dialogar y pensar estrategias juntas y juntos, en los espacios de las Unidades Territoriales del Mincyt, los Fundacites en estados del territorio nacional.<\/p><p>Seguimos indagando en encontrar modos y formas de articular saberes as\u00ed como experiencias que abundan desde la cotidianidad de las comunidades (desde los territorios, organizaciones e instituciones, entre otros). Con el objeto de promover un di\u00e1logo con\/entre sus protagonistas: hombres mujeres, j\u00f3venes, adulta(o)s y ni\u00f1o(a)s, quienes est\u00e1n recreando otras formas de alimentarnos, pero, tambi\u00e9n de sostener lo m\u00e1s estrat\u00e9gico: la soberan\u00eda alimentaria.<\/p>\t\t\t\t\t\t<\/div>\n\t\t\t\t<\/div>\n\t\t\t\t<div class=\"elementor-element elementor-element-6ccc457f elementor-widget elementor-widget-heading\" data-id=\"6ccc457f\" data-element_type=\"widget\" data-widget_type=\"heading.default\">\n\t\t\t\t<div class=\"elementor-widget-container\">\n\t\t\t<h2 class=\"elementor-heading-title elementor-size-default\">OBJETIVOS DEL IV CONGRESO<\/h2>\t\t<\/div>\n\t\t\t\t<\/div>\n\t\t\t\t<div class=\"elementor-element elementor-element-3ca24ffa elementor-widget elementor-widget-text-editor\" data-id=\"3ca24ffa\" data-element_type=\"widget\" data-widget_type=\"text-editor.default\">\n\t\t\t\t<div class=\"elementor-widget-container\">\n\t\t\t\t\t\t\t<p><strong>Objetivo General<\/strong><br \/>Visibilizar los nuevos protagonismos, quienes est\u00e1n proponiendo otras formas de pensar y practicar la agroecolog\u00eda y de este modo, proponen alternativas sustentables de sistemas alimentarios, as\u00ed como reconocer los desaf\u00edos y amenazas para los escenarios por venir.<\/p>\t\t\t\t\t\t<\/div>\n\t\t\t\t<\/div>\n\t\t\t\t<div class=\"elementor-element elementor-element-65b4199e elementor-widget elementor-widget-text-editor\" data-id=\"65b4199e\" data-element_type=\"widget\" data-widget_type=\"text-editor.default\">\n\t\t\t\t<div class=\"elementor-widget-container\">\n\t\t\t\t\t\t\t<p><strong>Objetivos espec\u00edficos:<\/strong><br \/>\u2022 Promover el encuentro e intercambio de experiencias, integradas por pr\u00e1cticas, experimentaci\u00f3n, saberes y conocimientos, que buscan dar respuestas a las actuales dificultades productivas como alimentarias en el pa\u00eds.<br \/>\u2022 Determinar factores y estrategias claves que permiten establecer y sostener sistemas alimentarios, que integran a su vez, diversas agriculturas tradicionales as\u00ed como desde una perspectiva m\u00e1s amplia los sistemas alimentarios, que desde una perspectiva territorial pueden considerarse bases pragm\u00e1ticas y conceptuales de la agroecolog\u00eda venezolana. Del mismo modo, que se visibilicen amenazas y riesgos al respecto.<br \/>\u2022 Analizar desde los aportes de los participantes, como promover e impulsar esas experiencias agroecol\u00f3gicas que est\u00e1n dando respuesta a las m\u00faltiples crisis (ambiental, econ\u00f3mica, sanitaria y social, entre otros) y que alumbran otras propuestas de sistemas alimentarios. Resaltando adem\u00e1s, la importancia de los sujetos desde su diversidad (mujeres, hombres, juventudes y ni\u00f1eces).<\/p>\t\t\t\t\t\t<\/div>\n\t\t\t\t<\/div>\n\t\t\t\t<div class=\"elementor-element elementor-element-73572657 elementor-widget elementor-widget-heading\" data-id=\"73572657\" data-element_type=\"widget\" data-widget_type=\"heading.default\">\n\t\t\t\t<div class=\"elementor-widget-container\">\n\t\t\t<h2 class=\"elementor-heading-title elementor-size-default\">PROGRAMACI\u00d3N<\/h2>\t\t<\/div>\n\t\t\t\t<\/div>\n\t\t\t\t<div class=\"elementor-element elementor-element-13613ce3 elementor-widget elementor-widget-text-editor\" data-id=\"13613ce3\" data-element_type=\"widget\" data-widget_type=\"text-editor.default\">\n\t\t\t\t<div class=\"elementor-widget-container\">\n\t\t\t\t\t\t\t<p>El programa general comprender\u00e1 de 3 d\u00edas, bajo la modalidad (virtual-presencial) de actividades como:<br \/><br \/>\u2022 Conferencias centrales.<br \/>\u2022 Mesas tem\u00e1ticas<br \/>\u2022 Presentaci\u00f3n virtual de conferencias y poster (Presentaci\u00f3n de trabajos de investigaci\u00f3n, Presentaci\u00f3n de experiencias), organizados por \u00e1reas tem\u00e1ticas.<br \/>\u2022 Modalidad de propuestas comunitarias e institucionales: Ferias de semillas campesinas, feria de innovaciones agr\u00edcolas con tecnolog\u00edas apropiadas, trueque, conversatorios, cocinas abiertas, entre otras propuestas.<\/p>\t\t\t\t\t\t<\/div>\n\t\t\t\t<\/div>\n\t\t\t\t<div class=\"elementor-element elementor-element-60a6644d elementor-widget elementor-widget-heading\" data-id=\"60a6644d\" data-element_type=\"widget\" data-widget_type=\"heading.default\">\n\t\t\t\t<div class=\"elementor-widget-container\">\n\t\t\t<h2 class=\"elementor-heading-title elementor-size-default\">\u00c1reas tem\u00e1ticas:<\/h2>\t\t<\/div>\n\t\t\t\t<\/div>\n\t\t\t\t<div class=\"elementor-element elementor-element-4f6bd5d1 elementor-widget elementor-widget-text-editor\" data-id=\"4f6bd5d1\" data-element_type=\"widget\" data-widget_type=\"text-editor.default\">\n\t\t\t\t<div class=\"elementor-widget-container\">\n\t\t\t\t\t\t\t<p>\u00a01. Agroecolog\u00eda, educaci\u00f3n, saberes y conocimiento local y propiedad colectiva: conocimientos locales, procesos educativos campesinos o de movimientos sociales, experiencias de escuelas populares y alternativas, medicina alternativa, sujetos que ense\u00f1an como Maestro Pueblo, dise\u00f1os curriculares innovadores, pedagog\u00edas populares, cursos y dem\u00e1s programas que est\u00e9n pensando para promover el di\u00e1logo de saberes.<br \/><br \/>2. Mujer y agroecolog\u00eda. Experiencias, trabajo, organizaciones, roles, saberes, perspectivas sobre g\u00e9nero y feminismos, invisibilizaci\u00f3n de la mujer campesina ind\u00edgena y urbanas, pol\u00edticas p\u00fablicas, proyectos rurales y urbanos que desarrollen esta tem\u00e1tica.<br \/><br \/>3. Agroecolog\u00eda, complejidad y agroecosistemas: recuperaci\u00f3n y producci\u00f3n de semillas, dise\u00f1o y manejo agroecol\u00f3gico, control de insectos y enfermedades, manejo de arvenses, laboratorios artesanales; manejo de suelos; tecnolog\u00edas apropiadas y apropiables; escalamiento en agroecolog\u00eda, entre otros temas vinculantes.<br \/><br \/>4. Agroecolog\u00eda, ambiente y territorios: lo rural, urbano y conflictos con la peri-ruralidad o peri-urbanidad, uso de los ecosistemas y su manejo sustentable desde los territorios, mercados, rescate de la memoria (cocina, pr\u00e1cticas, saberes, otros), redes, organizaciones para la defensa de la naturaleza, medios de vida y ecosistemas, despoblamiento rural, entre otros.<br \/><br \/>5. Desaf\u00edos, riesgos y respuesta ante la amenaza a los sistemas de agricultura sustentable: pueden proponer efectos de estas amenazas, pero tambi\u00e9n mostrar estrategias de respuestas. Cooptaci\u00f3n de la agroecolog\u00eda, biopirater\u00eda, manipulaci\u00f3n gen\u00e9tica, pol\u00edticas p\u00fablicas, estrategias corporativas, alimentos ecol\u00f3gicos, certificaciones privadas.<br \/><br \/>6. Agroecolog\u00eda y miradas sobre la crisis, desde las perspectivas clim\u00e1tica, pol\u00edtica y econ\u00f3mica: efecto del cambio clim\u00e1tico sobre los agroecosistemas, alza precio de los alimentos, p\u00e9rdida de semillas, suelos, saberes, erosi\u00f3n gen\u00e9tica, p\u00e9rdida de soberan\u00eda, contaminaci\u00f3n de aguas, suelos; transformaci\u00f3n de patrones de consumo, invisibilizaci\u00f3n de actores, sujetos y organizaciones, conflictos territoriales, otros.<br \/><br \/>7. Agroecolog\u00eda, Estado y organizaci\u00f3n social para la producci\u00f3n, distribuci\u00f3n e intercambio: formas de propiedad: Estatal, privada, social (consejos comunales, comunas, cooperativas, empresas de propiedad social, mixtas). Rol del Estado. Construcci\u00f3n de soberan\u00eda alimentaria, local y regional. Pol\u00edticas para la producci\u00f3n agroecol\u00f3gica de semillas, biofertilizantes y otros insumos.<\/p>\t\t\t\t\t\t<\/div>\n\t\t\t\t<\/div>\n\t\t\t\t<div class=\"elementor-element elementor-element-5bdcdfd9 elementor-icon-list--layout-traditional elementor-list-item-link-full_width elementor-widget elementor-widget-icon-list\" data-id=\"5bdcdfd9\" data-element_type=\"widget\" data-widget_type=\"icon-list.default\">\n\t\t\t\t<div class=\"elementor-widget-container\">\n\t\t\t\t\t<ul class=\"elementor-icon-list-items\">\n\t\t\t\t\t\t\t<li class=\"elementor-icon-list-item\">\n\t\t\t\t\t\t\t\t\t\t\t<span class=\"elementor-icon-list-icon\">\n\t\t\t\t\t\t\t<i aria-hidden=\"true\" class=\"far fa-envelope\"><\/i>\t\t\t\t\t\t<\/span>\n\t\t\t\t\t\t\t\t\t\t<span class=\"elementor-icon-list-text\">Correo de contacto:\u00a0ivcva2022@gmail.com<\/span>\n\t\t\t\t\t\t\t\t\t<\/li>\n\t\t\t\t\t\t\t\t<li class=\"elementor-icon-list-item\">\n\t\t\t\t\t\t\t\t\t\t\t<span class=\"elementor-icon-list-icon\">\n\t\t\t\t\t\t\t<i aria-hidden=\"true\" class=\"fab fa-facebook\"><\/i>\t\t\t\t\t\t<\/span>\n\t\t\t\t\t\t\t\t\t\t<span class=\"elementor-icon-list-text\">Facebook: Ava Agroecologia | Facebook<\/span>\n\t\t\t\t\t\t\t\t\t<\/li>\n\t\t\t\t\t\t\t\t<li class=\"elementor-icon-list-item\">\n\t\t\t\t\t\t\t\t\t\t\t<span class=\"elementor-icon-list-icon\">\n\t\t\t\t\t\t\t<i aria-hidden=\"true\" class=\"fas fa-pen\"><\/i>\t\t\t\t\t\t<\/span>\n\t\t\t\t\t\t\t\t\t\t<span class=\"elementor-icon-list-text\">Reg\u00edstrate: Inicio | Misitio  avaagroecologia.wixsite.com<\/span>\n\t\t\t\t\t\t\t\t\t<\/li>\n\t\t\t\t\t\t\t\t<li class=\"elementor-icon-list-item\">\n\t\t\t\t\t\t\t\t\t\t\t<span class=\"elementor-icon-list-icon\">\n\t\t\t\t\t\t\t<i aria-hidden=\"true\" class=\"fas fa-map-marker-alt\"><\/i>\t\t\t\t\t\t<\/span>\n\t\t\t\t\t\t\t\t\t\t<span class=\"elementor-icon-list-text\">Sede central: Instituto de Estudios Avanzados, IDEA. Carretera Nacional Hoyo de La Puerta, Altos de Sartenejas, Baruta, estado bolivariano de Miranda.<\/span>\n\t\t\t\t\t\t\t\t\t<\/li>\n\t\t\t\t\t\t<\/ul>\n\t\t\t\t<\/div>\n\t\t\t\t<\/div>\n\t\t\t\t\t<\/div>\n\t\t<\/div>\n\t\t\t\t\t\t\t<\/div>\n\t\t<\/section>\n\t\t\t\t\t\t\t<\/div>\n\t\t","protected":false},"excerpt":{"rendered":"<p>Sujetos de la agroecolog\u00eda en Venezuela: aportes hacia la visibilizaci\u00f3n de las agroecolog\u00edas comunitarias y acciones colectivas territoriales ante las m\u00faltiples crisis. Instituto de Estudios Avanzados (IDEA) Caracas, del 02 [&hellip;]<\/p>\n","protected":false},"author":3,"featured_media":1888,"comment_status":"closed","ping_status":"open","sticky":true,"template":"elementor_header_footer","format":"standard","meta":{"footnotes":""},"categories":[23],"tags":[],"class_list":["post-1915","post","type-post","status-publish","format-standard","has-post-thumbnail","hentry","category-idea"],"_links":{"self":[{"href":"https:\/\/idea.gob.ve\/index.php\/wp-json\/wp\/v2\/posts\/1915","targetHints":{"allow":["GET"]}}],"collection":[{"href":"https:\/\/idea.gob.ve\/index.php\/wp-json\/wp\/v2\/posts"}],"about":[{"href":"https:\/\/idea.gob.ve\/index.php\/wp-json\/wp\/v2\/types\/post"}],"author":[{"embeddable":true,"href":"https:\/\/idea.gob.ve\/index.php\/wp-json\/wp\/v2\/users\/3"}],"replies":[{"embeddable":true,"href":"https:\/\/idea.gob.ve\/index.php\/wp-json\/wp\/v2\/comments?post=1915"}],"version-history":[{"count":4,"href":"https:\/\/idea.gob.ve\/index.php\/wp-json\/wp\/v2\/posts\/1915\/revisions"}],"predecessor-version":[{"id":1934,"href":"https:\/\/idea.gob.ve\/index.php\/wp-json\/wp\/v2\/posts\/1915\/revisions\/1934"}],"wp:featuredmedia":[{"embeddable":true,"href":"https:\/\/idea.gob.ve\/index.php\/wp-json\/wp\/v2\/media\/1888"}],"wp:attachment":[{"href":"https:\/\/idea.gob.ve\/index.php\/wp-json\/wp\/v2\/media?parent=1915"}],"wp:term":[{"taxonomy":"category","embeddable":true,"href":"https:\/\/idea.gob.ve\/index.php\/wp-json\/wp\/v2\/categories?post=1915"},{"taxonomy":"post_tag","embeddable":true,"href":"https:\/\/idea.gob.ve\/index.php\/wp-json\/wp\/v2\/tags?post=1915"}],"curies":[{"name":"wp","href":"https:\/\/api.w.org\/{rel}","templated":true}]}}