{"id":1812,"date":"2022-10-05T09:37:13","date_gmt":"2022-10-05T13:37:13","guid":{"rendered":"http:\/\/localhost\/idea\/wordpress\/?p=1812"},"modified":"2022-10-05T09:37:14","modified_gmt":"2022-10-05T13:37:14","slug":"es-necesario-redimensionar-la-educacion-para-prevenir-la-violencia-digital","status":"publish","type":"post","link":"https:\/\/idea.gob.ve\/index.php\/2022\/10\/05\/es-necesario-redimensionar-la-educacion-para-prevenir-la-violencia-digital\/","title":{"rendered":"\u201cEs necesario redimensionar la educaci\u00f3n para prevenir la violencia digital\u201d"},"content":{"rendered":"\n<p>Este martes, la ministra del Poder Popular para Ciencia y Tecnolog\u00eda, Gabriela Jim\u00e9nez-Ram\u00edrez, asegur\u00f3 que, en la actualidad, lamentablemente se ha propagado la violencia digital debido al uso indiscriminado e irracional de las tecnolog\u00edas de la informaci\u00f3n (TI) y de las redes sociales, por lo que es necesario una respuesta pedag\u00f3gica que proteja los derechos de hombres y mujeres, de todas las edades.<\/p>\n\n\n\n<p>\u201cEl mundo requiere redimensionar la educaci\u00f3n para prevenir la violencia digital. Las nuevas tendencias de las tecnolog\u00edas de la informaci\u00f3n y la comunicaci\u00f3n lo exigen. Es muy importante el acompa\u00f1amiento desde los movimientos sociales, como el de Mujeres Activistas por el Software Libre, para asegurar la sana convivencia. La ciencia y la tecnolog\u00eda deben ser herramientas para el buen vivir y no para el capital\u201d, manifest\u00f3.<\/p>\n\n\n\n<p>Durante el encuentro denominado \u00abViolencias digitales. Apuntes para su atenci\u00f3n integral\u00bb, Jim\u00e9nez-Ram\u00edrez indic\u00f3 que se ha normalizado este fen\u00f3meno por el enorme bombardeo que existe en los medios de comunicaci\u00f3n, en el cual se descalifica y se desprestigia a las ni\u00f1as, adolescentes y mujeres no solo con sus im\u00e1genes sino con el ataque a su identidad, historia y su valor como seres humanos.<\/p>\n\n\n\n<p>\u201cEsta normalizaci\u00f3n de la violencia digital debe ser atendida por una pol\u00edtica estatal, macroeducativa, de sensibilizaci\u00f3n, divulgaci\u00f3n y socializaci\u00f3n. Con una campa\u00f1a activa que contrarreste esta guerra en los medios que atenta contra nuestros ni\u00f1os y ni\u00f1as desde edad temprana.&nbsp; Debemos garantizar el respeto al individuo, al ni\u00f1o, al docente, y estas herramientas digitales de alguna forma se est\u00e1n usando ahora violentamente para transmitir y compartir la violencia como si fuese algo cotidiano y normal.&nbsp; Tenemos una tarea permanente de formaci\u00f3n y acompa\u00f1amiento a nuestros j\u00f3venes y ni\u00f1os que dan como por hecho que esa es la realidad, y es una realidad desvirtuada\u201d, detall\u00f3.<\/p>\n\n\n\n<p>La ministra agradeci\u00f3 la labor Mujeres Activistas por el Software Libre puesto que son luchadoras que han creado las alertas estrat\u00e9gicas para promover un pensamiento cr\u00edtico sobre este hecho alarmante y mundial.<\/p>\n\n\n\n<p>\u201cCuando comienzas a leer cada una de las p\u00e1ginas del documento impulsa la capacidad de razonar y de hacer conciencia del uso apropiado de los medios digitales. Habla sobre el respeto, sobre priorizar refuerzos para una pol\u00edtica m\u00e1s profunda que permita aprender a usar las herramientas del mundo digital y no quedarnos rezagados\u201d, expres\u00f3.<\/p>\n\n\n\n<p>La ministra para Ciencia y Tecnolog\u00eda, reiter\u00f3 que, en el caso de Venezuela, el Gobierno Bolivariano trabaja en una pol\u00edtica de repensar los infocentros para abordar el tema de la violencia digital.<\/p>\n\n\n\n<p>\u201cLos infocentros venezolanos tienen que ser espacios para tratar esta materia que peligrosamente est\u00e1 siendo normalizada en la humanidad. La normalizaci\u00f3n en el uso irracional de las redes sociales digitales es un tema que debe ser atendido con programas de sensibilizaci\u00f3n, divulgaci\u00f3n y socializaci\u00f3n. Venezuela debe fortalecer y revisar su marco jur\u00eddico en materia de redes para prevenir que estas acciones se conviertan en delitos y atenten contra la vida y el bienestar de la juventud. Hago un llamado para hacer un trabajo colectivo de conciencia, de despertar, de complementariedad\u201d, puntualiz\u00f3.<\/p>\n\n\n\n<p><strong>Prensa Mincyt\/Karina Depablos.<\/strong><\/p>\n","protected":false},"excerpt":{"rendered":"<p>Este martes, la ministra del Poder Popular para Ciencia y Tecnolog\u00eda, Gabriela Jim\u00e9nez-Ram\u00edrez, asegur\u00f3 que, en la actualidad, lamentablemente se ha propagado la violencia digital debido al uso indiscriminado e [&hellip;]<\/p>\n","protected":false},"author":3,"featured_media":1811,"comment_status":"open","ping_status":"open","sticky":false,"template":"","format":"standard","meta":{"footnotes":""},"categories":[1],"tags":[],"class_list":["post-1812","post","type-post","status-publish","format-standard","has-post-thumbnail","hentry","category-sin-categoria"],"_links":{"self":[{"href":"https:\/\/idea.gob.ve\/index.php\/wp-json\/wp\/v2\/posts\/1812","targetHints":{"allow":["GET"]}}],"collection":[{"href":"https:\/\/idea.gob.ve\/index.php\/wp-json\/wp\/v2\/posts"}],"about":[{"href":"https:\/\/idea.gob.ve\/index.php\/wp-json\/wp\/v2\/types\/post"}],"author":[{"embeddable":true,"href":"https:\/\/idea.gob.ve\/index.php\/wp-json\/wp\/v2\/users\/3"}],"replies":[{"embeddable":true,"href":"https:\/\/idea.gob.ve\/index.php\/wp-json\/wp\/v2\/comments?post=1812"}],"version-history":[{"count":1,"href":"https:\/\/idea.gob.ve\/index.php\/wp-json\/wp\/v2\/posts\/1812\/revisions"}],"predecessor-version":[{"id":1813,"href":"https:\/\/idea.gob.ve\/index.php\/wp-json\/wp\/v2\/posts\/1812\/revisions\/1813"}],"wp:featuredmedia":[{"embeddable":true,"href":"https:\/\/idea.gob.ve\/index.php\/wp-json\/wp\/v2\/media\/1811"}],"wp:attachment":[{"href":"https:\/\/idea.gob.ve\/index.php\/wp-json\/wp\/v2\/media?parent=1812"}],"wp:term":[{"taxonomy":"category","embeddable":true,"href":"https:\/\/idea.gob.ve\/index.php\/wp-json\/wp\/v2\/categories?post=1812"},{"taxonomy":"post_tag","embeddable":true,"href":"https:\/\/idea.gob.ve\/index.php\/wp-json\/wp\/v2\/tags?post=1812"}],"curies":[{"name":"wp","href":"https:\/\/api.w.org\/{rel}","templated":true}]}}