{"id":1588,"date":"2022-09-26T22:48:27","date_gmt":"2022-09-27T02:48:27","guid":{"rendered":"http:\/\/localhost\/idea\/wordpress\/?p=1588"},"modified":"2022-09-26T22:48:55","modified_gmt":"2022-09-27T02:48:55","slug":"venezuela-participo-en-29-seminario-sobre-tecnologia-espacial-para-los-beneficios-socioeconomicos","status":"publish","type":"post","link":"https:\/\/idea.gob.ve\/index.php\/2022\/09\/26\/venezuela-participo-en-29-seminario-sobre-tecnologia-espacial-para-los-beneficios-socioeconomicos\/","title":{"rendered":"Venezuela particip\u00f3 en 29.\u00b0 Seminario sobre Tecnolog\u00eda Espacial para los Beneficios Socioecon\u00f3micos"},"content":{"rendered":"\n<p>Una delegaci\u00f3n de la Agencia Bolivariana para Actividades Espaciales (ABAE) particip\u00f3 en el 29.\u00b0 Seminario sobre Tecnolog\u00eda Espacial para los Beneficios Socioecon\u00f3micos denominado \u201cAcceso al espacio para todos: cerrando la brecha espacial\u201d, que se desarroll\u00f3 del 16 al 17 de septiembre en Par\u00eds, Francia.<\/p>\n\n\n\n<p>Como representante de Venezuela, la directora ejecutiva de la ABAE, Marglad Bencomo, coment\u00f3 que la naci\u00f3n bolivariana trabaja para construir bienestar colectivo a trav\u00e9s de la ciencia, la tecnolog\u00eda, la innovaci\u00f3n y las aplicaciones espaciales.<\/p>\n\n\n\n<p>\u201cEn Venezuela, la tecnolog\u00eda espacial en Venezuela siempre ha estado orientada al bienestar del pueblo debido a que tiene un car\u00e1cter multidisciplinario y su aplicabilidad abarca diferentes \u00e1mbitos estrat\u00e9gicos como planificaci\u00f3n urbana y agr\u00edcola, salud, energ\u00eda, seguridad alimentaria, gesti\u00f3n de riesgos socionaturales, vigilancia de fronteras, control de cultivos il\u00edcitos, as\u00ed como el uso racional de los recursos naturales\u201d, expres\u00f3.<\/p>\n\n\n\n<p>Destac\u00f3 que uno de los objetivos del congreso es proporcionar una visi\u00f3n general de las diferentes formas en que una agencia espacial participa en el proceso de toma de decisiones nacionales y en la creaci\u00f3n de pol\u00edticas p\u00fablicas para mejorar los sistemas productivos.<\/p>\n\n\n\n<p>Durante su intervenci\u00f3n, Bencomo a\u00f1adi\u00f3 que, desde 2021, la Agencia Bolivariana para Actividades Espaciales (ABAE) inici\u00f3 el programa educativo denominado \u201cIgnici\u00f3n espacial\u201d que tiene como objetivo fomentar el inter\u00e9s de los ni\u00f1os y las ni\u00f1as por la ciencia, la tecnolog\u00eda y la innovaci\u00f3n a trav\u00e9s de actividades l\u00fadicas y experimentos.<\/p>\n\n\n\n<p>\u201cHasta la fecha, hemos recibido m\u00e1s de 16 unidades educativas del estado Miranda y del Distrito Capital en nuestro programa Ignici\u00f3n espacial. Es decir, m\u00e1s de 200 ni\u00f1os y ni\u00f1as en los a\u00f1os 2021 y 2022\u201d, manifest\u00f3.<\/p>\n\n\n\n<p>Bencomo ratific\u00f3 en el seminario que Venezuela promueve la independencia tecnol\u00f3gica, la inclusi\u00f3n social, el fortalecimiento de las capacidades productivas y la formaci\u00f3n de personal venezolano a trav\u00e9s de sus distintos programas y proyectos espaciales.<\/p>\n\n\n\n<p>Vale resaltar que la vocera venezolana Marglad Bencomo tambi\u00e9n estuvo presente en el 73.\u00b0 Congreso Astron\u00e1utico Internacional de Par\u00eds, Francia, desde el 18 de septiembre.<\/p>\n\n\n\n<p>\u201cDurante este congreso se tuvo la oportunidad de conversar con representantes de diferentes agencias espaciales con el fin de promover la cooperaci\u00f3n internacional en materia espacial y evaluar posibles alianzas en los temas relacionados con percepci\u00f3n remota satelital y acceso a las nuevas tecnolog\u00edas en materia espacial para el bienestar del pa\u00eds\u201d, explic\u00f3 Bencomo.<\/p>\n\n\n\n<p><strong>Prensa Mincyt\/ABAE\/Karina Depablos.<\/strong><\/p>\n","protected":false},"excerpt":{"rendered":"<p>Una delegaci\u00f3n de la Agencia Bolivariana para Actividades Espaciales (ABAE) particip\u00f3 en el 29.\u00b0 Seminario sobre Tecnolog\u00eda Espacial para los Beneficios Socioecon\u00f3micos denominado \u201cAcceso al espacio para todos: cerrando la [&hellip;]<\/p>\n","protected":false},"author":3,"featured_media":1589,"comment_status":"open","ping_status":"open","sticky":false,"template":"","format":"standard","meta":{"footnotes":""},"categories":[1],"tags":[],"class_list":["post-1588","post","type-post","status-publish","format-standard","has-post-thumbnail","hentry","category-sin-categoria"],"_links":{"self":[{"href":"https:\/\/idea.gob.ve\/index.php\/wp-json\/wp\/v2\/posts\/1588","targetHints":{"allow":["GET"]}}],"collection":[{"href":"https:\/\/idea.gob.ve\/index.php\/wp-json\/wp\/v2\/posts"}],"about":[{"href":"https:\/\/idea.gob.ve\/index.php\/wp-json\/wp\/v2\/types\/post"}],"author":[{"embeddable":true,"href":"https:\/\/idea.gob.ve\/index.php\/wp-json\/wp\/v2\/users\/3"}],"replies":[{"embeddable":true,"href":"https:\/\/idea.gob.ve\/index.php\/wp-json\/wp\/v2\/comments?post=1588"}],"version-history":[{"count":1,"href":"https:\/\/idea.gob.ve\/index.php\/wp-json\/wp\/v2\/posts\/1588\/revisions"}],"predecessor-version":[{"id":1590,"href":"https:\/\/idea.gob.ve\/index.php\/wp-json\/wp\/v2\/posts\/1588\/revisions\/1590"}],"wp:featuredmedia":[{"embeddable":true,"href":"https:\/\/idea.gob.ve\/index.php\/wp-json\/wp\/v2\/media\/1589"}],"wp:attachment":[{"href":"https:\/\/idea.gob.ve\/index.php\/wp-json\/wp\/v2\/media?parent=1588"}],"wp:term":[{"taxonomy":"category","embeddable":true,"href":"https:\/\/idea.gob.ve\/index.php\/wp-json\/wp\/v2\/categories?post=1588"},{"taxonomy":"post_tag","embeddable":true,"href":"https:\/\/idea.gob.ve\/index.php\/wp-json\/wp\/v2\/tags?post=1588"}],"curies":[{"name":"wp","href":"https:\/\/api.w.org\/{rel}","templated":true}]}}