{"id":1533,"date":"2022-09-16T09:12:16","date_gmt":"2022-09-16T13:12:16","guid":{"rendered":"http:\/\/localhost\/idea\/wordpress\/?p=1533"},"modified":"2022-09-16T09:12:17","modified_gmt":"2022-09-16T13:12:17","slug":"representacion-de-iran-visito-centros-de-investigacion-venezolanos","status":"publish","type":"post","link":"https:\/\/idea.gob.ve\/index.php\/2022\/09\/16\/representacion-de-iran-visito-centros-de-investigacion-venezolanos\/","title":{"rendered":"Representaci\u00f3n de Ir\u00e1n visit\u00f3 centros de investigaci\u00f3n venezolanos"},"content":{"rendered":"\n<p>Este mi\u00e9rcoles, una delegaci\u00f3n de la Rep\u00fablica Isl\u00e1mica de Ir\u00e1n, encabezada por Mahdi Ghalenovi, presidente del Centro para la Cooperaci\u00f3n Internacional de la Vicepresidencia de Ciencia y Tecnolog\u00eda de la Rep\u00fablica Isl\u00e1mica de Ir\u00e1n, visitaron el Instituto Venezolano de Investigaciones Cient\u00edficas (IVIC), previo a la Expoferia Cient\u00edfico-Tecnol\u00f3gica Industrial Ir\u00e1n-Venezuela.Durante la visita, la delegaci\u00f3n Iran\u00ed recorri\u00f3 el Centro Nacional de Medicina Regenerativa, donde conocieron de primera mano sobre los protocolos que en materia de regeneraci\u00f3n de hueso, piel, enfermedad periodontal, pulpa dental, cart\u00edlago y c\u00f3rnea, realiza la Unidad de Terapia Celular.<\/p>\n\n\n\n<p>Igualmente, visitaron la Planta Pegamma donde en los a\u00f1os 50 funcionaba el reactor nuclear y que ahora estos espacios se dedican a la esterilizaci\u00f3n de material m\u00e9dico y alimentos a trav\u00e9s de rayos gamma, haciendo uso pac\u00edfico de la energ\u00eda nuclear. Otro de los lugares visitados fue el Laboratorio de Calibraci\u00f3n Dosim\u00e9trica adscrito a la Unidad de Tecnolog\u00eda Nuclear (UTN)<\/p>\n\n\n\n<p>El recorrido fue acompa\u00f1ado por el viceministro de Investigaci\u00f3n y Aplicaci\u00f3n del Conocimiento del Ministerio del Poder Popular para Ciencia y Tecnolog\u00eda, Francisco Dur\u00e1n, la viceministra para el Desarrollo de Tecnolog\u00edas de Informaci\u00f3n y Comunicaci\u00f3n, Gloria Carvalho; el subdirector del IVIC, David Coll; el director de Asuntos Internacionales del Ministerio del Poder Popular para Ciencia y Tecnolog\u00eda, Marcos Castillo; y el representante del Instituto de Investigaci\u00f3n de Ciencia y Tecnolog\u00eda Nuclear, adscrita a la Organizaci\u00f3n de Energ\u00eda At\u00f3mica, Bostyan Manesh.<\/p>\n\n\n\n<p>Mahdi Ghalenovi, presidente del Centro para la Cooperaci\u00f3n Internacional de la Vicepresidencia de Ciencia y Tecnolog\u00eda de la Rep\u00fablica Isl\u00e1mica de Ir\u00e1n, se\u00f1al\u00f3 que entre Ir\u00e1n y Venezuela se han logrado grandes acuerdos y muestra de ello son los dos especialistas venezolanos que, hace dos semanas, llegaron a Ir\u00e1n al Instituto Royal para desarrollar t\u00e9cnicas en conjunto con profesionales de esta naci\u00f3n.<\/p>\n\n\n\n<p>\u201cEstoy seguro que estos intercambios se convertir\u00e1n en una cooperaci\u00f3n entre ambas naciones. En Venezuela, han alcanzado importantes logros y creo que podemos desarrollar a\u00fan m\u00e1s la cooperaci\u00f3n entre los dos pa\u00edses en materia de ciencia y tecnolog\u00eda, y el resultado de esta cooperaci\u00f3n conjunta se va a convertir en una alianza a largo plazo\u201d, destac\u00f3 el representante persa.<\/p>\n\n\n\n<p>Es importante se\u00f1alar que este intercambio de conocimiento y saberes, desde la ciencia para la vida, est\u00e1 orientada a reinventar y crear cosas nuevas para el bienestar de los pueblos.<\/p>\n\n\n\n<p>Por su parte, Zahra Sahaei, representante del Centro de Cooperaci\u00f3n Internacional de Ciencia y Tecnolog\u00eda para Europa y Am\u00e9rica Latina de la Vicepresidencia de Ciencia y Tecnolog\u00eda de Ir\u00e1n, expres\u00f3 su satisfacci\u00f3n por encontrarse en un lugar donde se trabaja por la salud de las personas y el bienestar de un pueblo: \u201cestoy segura que estos intercambios se afianzar\u00e1n para el beneficio de ambos pa\u00edses\u201d.<\/p>\n\n\n\n<p>La viceministra para el Desarrollo de Tecnolog\u00edas de Informaci\u00f3n y Comunicaci\u00f3n, Glor\u00eda Carvalho, refiri\u00f3 que el trabajo que se realiza en el IVIC forma parte de la remoralizaci\u00f3n de un pueblo: \u201ccuando vemos que todas las noticias intentan ser pesimistas, demostramos ante el mundo que aqu\u00ed hay evidencias claras que tenemos excelentes profesionales reconocidos a nivel mundial y estamos a la vanguardia de la tecnolog\u00eda en favor de la salud de las personas, es tecnolog\u00eda para la paz y para la vida\u201d.<\/p>\n\n\n\n<p>Entretanto, Jos\u00e9 Cardier, jefe del Centro Nacional de Medicina Regenerativa, manifest\u00f3 que la cooperaci\u00f3n entre Ir\u00e1n y Venezuela es muy positiva: \u201cestoy seguro que ser\u00e1 muy exitosa para ambas naciones porque vamos a llegar a desarrollar m\u00e1s tratamientos en pacientes, lo que ser\u00e1 exitoso tanto para Ir\u00e1n como para Venezuela que cuentan con grandes cient\u00edficos y cient\u00edficas\u201d, dijo el experto en medicina regenerativa.<\/p>\n","protected":false},"excerpt":{"rendered":"<p>Este mi\u00e9rcoles, una delegaci\u00f3n de la Rep\u00fablica Isl\u00e1mica de Ir\u00e1n, encabezada por Mahdi Ghalenovi, presidente del Centro para la Cooperaci\u00f3n Internacional de la Vicepresidencia de Ciencia y Tecnolog\u00eda de la [&hellip;]<\/p>\n","protected":false},"author":3,"featured_media":1534,"comment_status":"open","ping_status":"open","sticky":false,"template":"","format":"standard","meta":{"footnotes":""},"categories":[1],"tags":[],"class_list":["post-1533","post","type-post","status-publish","format-standard","has-post-thumbnail","hentry","category-sin-categoria"],"_links":{"self":[{"href":"https:\/\/idea.gob.ve\/index.php\/wp-json\/wp\/v2\/posts\/1533","targetHints":{"allow":["GET"]}}],"collection":[{"href":"https:\/\/idea.gob.ve\/index.php\/wp-json\/wp\/v2\/posts"}],"about":[{"href":"https:\/\/idea.gob.ve\/index.php\/wp-json\/wp\/v2\/types\/post"}],"author":[{"embeddable":true,"href":"https:\/\/idea.gob.ve\/index.php\/wp-json\/wp\/v2\/users\/3"}],"replies":[{"embeddable":true,"href":"https:\/\/idea.gob.ve\/index.php\/wp-json\/wp\/v2\/comments?post=1533"}],"version-history":[{"count":1,"href":"https:\/\/idea.gob.ve\/index.php\/wp-json\/wp\/v2\/posts\/1533\/revisions"}],"predecessor-version":[{"id":1535,"href":"https:\/\/idea.gob.ve\/index.php\/wp-json\/wp\/v2\/posts\/1533\/revisions\/1535"}],"wp:featuredmedia":[{"embeddable":true,"href":"https:\/\/idea.gob.ve\/index.php\/wp-json\/wp\/v2\/media\/1534"}],"wp:attachment":[{"href":"https:\/\/idea.gob.ve\/index.php\/wp-json\/wp\/v2\/media?parent=1533"}],"wp:term":[{"taxonomy":"category","embeddable":true,"href":"https:\/\/idea.gob.ve\/index.php\/wp-json\/wp\/v2\/categories?post=1533"},{"taxonomy":"post_tag","embeddable":true,"href":"https:\/\/idea.gob.ve\/index.php\/wp-json\/wp\/v2\/tags?post=1533"}],"curies":[{"name":"wp","href":"https:\/\/api.w.org\/{rel}","templated":true}]}}