{"id":1304,"date":"2022-09-12T15:20:47","date_gmt":"2022-09-12T19:20:47","guid":{"rendered":"http:\/\/localhost\/idea\/wordpress\/?p=1304"},"modified":"2022-10-05T09:46:51","modified_gmt":"2022-10-05T13:46:51","slug":"celebracion-del-23o-aniversario-de-la-creacion-del-ministerio-de-ciencia-y-tecnologia","status":"publish","type":"post","link":"https:\/\/idea.gob.ve\/index.php\/2022\/09\/12\/celebracion-del-23o-aniversario-de-la-creacion-del-ministerio-de-ciencia-y-tecnologia\/","title":{"rendered":"Celebraci\u00f3n del 23\u00ba Aniversario de la creaci\u00f3n del Ministerio de Ciencia y Tecnolog\u00eda"},"content":{"rendered":"\n<p><strong>Prensa IDEA\/Jorge Peraza.<\/strong> Este viernes en la sede de la avenida Universidad, durante la celebraci\u00f3n del 23\u00ba aniversario de la creaci\u00f3n del Ministerio de Ciencia y Tecnolog\u00eda, la ministra Gabriela Jim\u00e9nez, la Viceministra para la Tecnolog\u00eda de la Informaci\u00f3n y presidenta de el Instituto de Estudios Avanzados (IDEA) y el Viceministro de Investigaci\u00f3n y Aplicaci\u00f3n del Conocimiento, Francisco Dur\u00e1n, se dieron cita para el acto de entrega de reconocimientos por la trayectoria profesional a trabajadores y trabajadoras del sector de ciencia y tecnolog\u00eda.<\/p>\n\n\n\n<p>Reconocimientos donde se valora la actividad cient\u00edfica realizada a lo largo de estos 23 a\u00f1os, y la contribuci\u00f3n eficiente y real de satisfacer las necesidades de la poblaci\u00f3n y dinamizar el sistema productivo nacional.<\/p>\n\n\n\n<p>La Fundaci\u00f3n Instituto de Estudios Avanzados ( IDEA ) estuvo presente en este acto, acompa\u00f1ando al ingeniero agr\u00f3nomo e investigador de Biotecnolog\u00eda Agr\u00edcola, Director del \u00e1rea de Agricultura y Soberan\u00eda Alimentaria JUAN MATEUS<\/p>\n\n\n\n<p>En el acto estuvieron presentes representantes del IVIC, FONACIT,&nbsp; CODECYT, INDUSTRIAS CANAIMA, entre otros entes adscritos.<\/p>\n\n\n\n<p>Momento muy sentido la entrega del reconocimiento y palabras de agradecimiento por parte de Yadira C\u00f3rdoba, ex-ministra de CyT y eslab\u00f3n fundamental de la creaci\u00f3n del ministerio.<\/p>\n\n\n\n<p>Nuestra ministra Gabriela Jim\u00e9nez agradeci\u00f3 a los presentes su presencia, ya que hacen que nuestra Patria sea infinita.&nbsp;<\/p>\n\n\n\n<p>El cierre del evento cont\u00f3 con la presentaci\u00f3n de la agrupaci\u00f3n Ensamble Agridulce, una exquisita propuesta que interpret\u00f3 m\u00fasica popular venezolana.<\/p>\n\n\n\n<p><strong>Prensa IDEA\/Jorge Peraza<\/strong><\/p>\n","protected":false},"excerpt":{"rendered":"<p>Prensa IDEA\/Jorge Peraza. Este viernes en la sede de la avenida Universidad, durante la celebraci\u00f3n del 23\u00ba aniversario de la creaci\u00f3n del Ministerio de Ciencia y Tecnolog\u00eda, la ministra Gabriela [&hellip;]<\/p>\n","protected":false},"author":3,"featured_media":1308,"comment_status":"open","ping_status":"open","sticky":false,"template":"","format":"standard","meta":{"footnotes":""},"categories":[23],"tags":[],"class_list":["post-1304","post","type-post","status-publish","format-standard","has-post-thumbnail","hentry","category-idea"],"_links":{"self":[{"href":"https:\/\/idea.gob.ve\/index.php\/wp-json\/wp\/v2\/posts\/1304","targetHints":{"allow":["GET"]}}],"collection":[{"href":"https:\/\/idea.gob.ve\/index.php\/wp-json\/wp\/v2\/posts"}],"about":[{"href":"https:\/\/idea.gob.ve\/index.php\/wp-json\/wp\/v2\/types\/post"}],"author":[{"embeddable":true,"href":"https:\/\/idea.gob.ve\/index.php\/wp-json\/wp\/v2\/users\/3"}],"replies":[{"embeddable":true,"href":"https:\/\/idea.gob.ve\/index.php\/wp-json\/wp\/v2\/comments?post=1304"}],"version-history":[{"count":2,"href":"https:\/\/idea.gob.ve\/index.php\/wp-json\/wp\/v2\/posts\/1304\/revisions"}],"predecessor-version":[{"id":1818,"href":"https:\/\/idea.gob.ve\/index.php\/wp-json\/wp\/v2\/posts\/1304\/revisions\/1818"}],"wp:featuredmedia":[{"embeddable":true,"href":"https:\/\/idea.gob.ve\/index.php\/wp-json\/wp\/v2\/media\/1308"}],"wp:attachment":[{"href":"https:\/\/idea.gob.ve\/index.php\/wp-json\/wp\/v2\/media?parent=1304"}],"wp:term":[{"taxonomy":"category","embeddable":true,"href":"https:\/\/idea.gob.ve\/index.php\/wp-json\/wp\/v2\/categories?post=1304"},{"taxonomy":"post_tag","embeddable":true,"href":"https:\/\/idea.gob.ve\/index.php\/wp-json\/wp\/v2\/tags?post=1304"}],"curies":[{"name":"wp","href":"https:\/\/api.w.org\/{rel}","templated":true}]}}