{"id":1230,"date":"2022-08-31T14:30:23","date_gmt":"2022-08-31T18:30:23","guid":{"rendered":"http:\/\/localhost\/idea\/wordpress\/?p=1230"},"modified":"2022-09-12T15:04:21","modified_gmt":"2022-09-12T19:04:21","slug":"coleccion-pensar-como-pais","status":"publish","type":"post","link":"https:\/\/idea.gob.ve\/index.php\/2022\/08\/31\/coleccion-pensar-como-pais\/","title":{"rendered":"Colecci\u00f3n Pensar como Pa\u00eds"},"content":{"rendered":"\n<p>La colecci\u00f3n editorial Pensar como Pa\u00eds es un aporte al pensamiento descolonial, que surge de la sistematizaci\u00f3n del V Congreso Venezolano de Ciencia, Tecnolog\u00eda e Innovaci\u00f3n, realizado a finales del a\u00f1o 2021.<\/p>\n\n\n\n<p>Cuando el planeta y Venezuela est\u00e1n en una encrucijada hist\u00f3rica, tener la posibilidad de generar ideas alternativas que se\u00f1alen faros diversos en el horizonte es de una importancia fundamental. Esta creaci\u00f3n editorial es una muestra de nuestra capacidad de producir nuevas categor\u00edas y nuevos conceptos para transformar y construir soberan\u00eda, dignidad y felicidad.<\/p>\n\n\n\n<p><strong>Aqu\u00ed los libros de la colecci\u00f3n:<\/strong><br><br>1.- Pensar la ciencia de otro modo: propuestas y desaf\u00edos descoloniales para una<br>Venezuela soberana  Descargar <a rel=\"noreferrer noopener\" href=\"https:\/\/bit.ly\/3D7KjBh\" target=\"_blank\">https:\/\/bit.ly\/3D7KjBh<\/a><br><br>2.- Desaf\u00edos de la salud, la agroalimentaci\u00f3n y el buen vivir en Venezuela  Descargar  <a rel=\"noreferrer noopener\" href=\"https:\/\/bit.ly\/3B5UioX\" target=\"_blank\">https:\/\/bit.ly\/3B5UioX<\/a><br><br>3.- Ciudades, territorialidades y naturaleza en disputa  Descargar <a rel=\"noreferrer noopener\" href=\"https:\/\/bit.ly\/3cLEkXL\" target=\"_blank\">https:\/\/bit.ly\/3cLEkXL<\/a><br><br>4.- Hacia un debate nacional del desarrollo: necesidades comunitarias, econom\u00eda y crisis<br>ambiental global  Descargar <a rel=\"noreferrer noopener\" href=\"https:\/\/bit.ly\/3RnuESg\" target=\"_blank\">https:\/\/bit.ly\/3RnuESg<\/a><br><br>5.- Contribuciones en pedagog\u00edas de(s)coloniales para la transformaci\u00f3n cultural en<br>Venezuela   Descargar  <a rel=\"noreferrer noopener\" href=\"https:\/\/bit.ly\/3e9KDVn\" target=\"_blank\">https:\/\/bit.ly\/3e9KDVn<\/a><\/p>\n\n\n\n<div class=\"wp-block-columns are-vertically-aligned-center is-layout-flex wp-container-core-columns-is-layout-9d6595d7 wp-block-columns-is-layout-flex\">\n<div class=\"wp-block-column is-vertically-aligned-center is-layout-flow wp-block-column-is-layout-flow\" style=\"flex-basis:100%\">\n<div class=\"wp-block-columns is-layout-flex wp-container-core-columns-is-layout-9d6595d7 wp-block-columns-is-layout-flex\">\n<div class=\"wp-block-column is-layout-flow wp-block-column-is-layout-flow\" style=\"flex-basis:20%\">\n<figure class=\"wp-block-image size-large is-resized\"><a href=\"https:\/\/www.mincyt.gob.ve\/wp-content\/uploads\/2022\/06\/WEB-Pensar-la-ciencia-de-otro-modo.pdf\" target=\"_blank\" rel=\"noreferrer noopener\"><img loading=\"lazy\" decoding=\"async\" src=\"http:\/\/localhost\/idea\/wordpress\/wp-content\/uploads\/2022\/08\/1661930924252-641x1024.jpg\" alt=\"\" class=\"wp-image-1235\" width=\"125\" height=\"200\" srcset=\"https:\/\/idea.gob.ve\/wp-content\/uploads\/2022\/08\/1661930924252-641x1024.jpg 641w, https:\/\/idea.gob.ve\/wp-content\/uploads\/2022\/08\/1661930924252-188x300.jpg 188w, https:\/\/idea.gob.ve\/wp-content\/uploads\/2022\/08\/1661930924252.jpg 751w\" sizes=\"auto, (max-width: 125px) 100vw, 125px\" \/><\/a><\/figure>\n<\/div>\n\n\n\n<div class=\"wp-block-column is-layout-flow wp-block-column-is-layout-flow\" style=\"flex-basis:20%\">\n<figure class=\"wp-block-image size-large is-resized\"><a href=\"http:\/\/localhost\/idea\/wordpress\/wp-content\/uploads\/2022\/08\/WEB-Desafi\u0301os-de-la-salud-la-agroalimentacio\u0301n-y-el-buen-vivir-en-Venezuela-.pdf\" target=\"_blank\" rel=\"noreferrer noopener\"><img loading=\"lazy\" decoding=\"async\" src=\"http:\/\/localhost\/idea\/wordpress\/wp-content\/uploads\/2022\/08\/1661930924237-644x1024.jpg\" alt=\"\" class=\"wp-image-1233\" width=\"127\" height=\"202\" srcset=\"https:\/\/idea.gob.ve\/wp-content\/uploads\/2022\/08\/1661930924237-644x1024.jpg 644w, https:\/\/idea.gob.ve\/wp-content\/uploads\/2022\/08\/1661930924237-189x300.jpg 189w, https:\/\/idea.gob.ve\/wp-content\/uploads\/2022\/08\/1661930924237.jpg 738w\" sizes=\"auto, (max-width: 127px) 100vw, 127px\" \/><\/a><\/figure>\n<\/div>\n\n\n\n<div class=\"wp-block-column is-layout-flow wp-block-column-is-layout-flow\" style=\"flex-basis:20%\">\n<figure class=\"wp-block-image size-large is-resized\"><a href=\"http:\/\/localhost\/idea\/wordpress\/wp-content\/uploads\/2022\/08\/WEB-Ciudades-territorialidad-y-naturaleza.pdf\" target=\"_blank\" rel=\"noreferrer noopener\"><img loading=\"lazy\" decoding=\"async\" src=\"http:\/\/localhost\/idea\/wordpress\/wp-content\/uploads\/2022\/08\/1661930924245-644x1024.jpg\" alt=\"\" class=\"wp-image-1234\" width=\"128\" height=\"204\" srcset=\"https:\/\/idea.gob.ve\/wp-content\/uploads\/2022\/08\/1661930924245-644x1024.jpg 644w, https:\/\/idea.gob.ve\/wp-content\/uploads\/2022\/08\/1661930924245-189x300.jpg 189w, https:\/\/idea.gob.ve\/wp-content\/uploads\/2022\/08\/1661930924245.jpg 738w\" sizes=\"auto, (max-width: 128px) 100vw, 128px\" \/><\/a><\/figure>\n<\/div>\n\n\n\n<div class=\"wp-block-column is-layout-flow wp-block-column-is-layout-flow\" style=\"flex-basis:20%\">\n<figure class=\"wp-block-image size-large is-resized\"><a href=\"http:\/\/localhost\/idea\/wordpress\/wp-content\/uploads\/2022\/08\/WEB-Hacia-un-debate-nacional-del-desarrollo.pdf\" target=\"_blank\" rel=\"noreferrer noopener\"><img loading=\"lazy\" decoding=\"async\" src=\"http:\/\/localhost\/idea\/wordpress\/wp-content\/uploads\/2022\/08\/1661930924230-644x1024.jpg\" alt=\"\" class=\"wp-image-1236\" width=\"127\" height=\"202\" srcset=\"https:\/\/idea.gob.ve\/wp-content\/uploads\/2022\/08\/1661930924230-644x1024.jpg 644w, https:\/\/idea.gob.ve\/wp-content\/uploads\/2022\/08\/1661930924230-189x300.jpg 189w, https:\/\/idea.gob.ve\/wp-content\/uploads\/2022\/08\/1661930924230.jpg 738w\" sizes=\"auto, (max-width: 127px) 100vw, 127px\" \/><\/a><\/figure>\n<\/div>\n\n\n\n<div class=\"wp-block-column is-layout-flow wp-block-column-is-layout-flow\" style=\"flex-basis:20%\">\n<figure class=\"wp-block-image size-large is-resized\"><a href=\"http:\/\/localhost\/idea\/wordpress\/wp-content\/uploads\/2022\/08\/WEB-Contribuciones-en-pedagogias-descoloniales.pdf\" target=\"_blank\" rel=\"noreferrer noopener\"><img loading=\"lazy\" decoding=\"async\" src=\"http:\/\/localhost\/idea\/wordpress\/wp-content\/uploads\/2022\/08\/1661930924221-644x1024.jpg\" alt=\"\" class=\"wp-image-1231\" width=\"125\" height=\"199\" srcset=\"https:\/\/idea.gob.ve\/wp-content\/uploads\/2022\/08\/1661930924221-644x1024.jpg 644w, https:\/\/idea.gob.ve\/wp-content\/uploads\/2022\/08\/1661930924221-189x300.jpg 189w, https:\/\/idea.gob.ve\/wp-content\/uploads\/2022\/08\/1661930924221.jpg 738w\" sizes=\"auto, (max-width: 125px) 100vw, 125px\" \/><\/a><\/figure>\n<\/div>\n<\/div>\n<\/div>\n<\/div>\n","protected":false},"excerpt":{"rendered":"<p>La colecci\u00f3n editorial Pensar como Pa\u00eds es un aporte al pensamiento descolonial, que surge de la sistematizaci\u00f3n del V Congreso Venezolano de Ciencia, Tecnolog\u00eda e Innovaci\u00f3n, realizado a finales del [&hellip;]<\/p>\n","protected":false},"author":3,"featured_media":1249,"comment_status":"open","ping_status":"open","sticky":false,"template":"","format":"standard","meta":{"footnotes":""},"categories":[11],"tags":[],"class_list":["post-1230","post","type-post","status-publish","format-standard","has-post-thumbnail","hentry","category-mincyt"],"_links":{"self":[{"href":"https:\/\/idea.gob.ve\/index.php\/wp-json\/wp\/v2\/posts\/1230","targetHints":{"allow":["GET"]}}],"collection":[{"href":"https:\/\/idea.gob.ve\/index.php\/wp-json\/wp\/v2\/posts"}],"about":[{"href":"https:\/\/idea.gob.ve\/index.php\/wp-json\/wp\/v2\/types\/post"}],"author":[{"embeddable":true,"href":"https:\/\/idea.gob.ve\/index.php\/wp-json\/wp\/v2\/users\/3"}],"replies":[{"embeddable":true,"href":"https:\/\/idea.gob.ve\/index.php\/wp-json\/wp\/v2\/comments?post=1230"}],"version-history":[{"count":6,"href":"https:\/\/idea.gob.ve\/index.php\/wp-json\/wp\/v2\/posts\/1230\/revisions"}],"predecessor-version":[{"id":1303,"href":"https:\/\/idea.gob.ve\/index.php\/wp-json\/wp\/v2\/posts\/1230\/revisions\/1303"}],"wp:featuredmedia":[{"embeddable":true,"href":"https:\/\/idea.gob.ve\/index.php\/wp-json\/wp\/v2\/media\/1249"}],"wp:attachment":[{"href":"https:\/\/idea.gob.ve\/index.php\/wp-json\/wp\/v2\/media?parent=1230"}],"wp:term":[{"taxonomy":"category","embeddable":true,"href":"https:\/\/idea.gob.ve\/index.php\/wp-json\/wp\/v2\/categories?post=1230"},{"taxonomy":"post_tag","embeddable":true,"href":"https:\/\/idea.gob.ve\/index.php\/wp-json\/wp\/v2\/tags?post=1230"}],"curies":[{"name":"wp","href":"https:\/\/api.w.org\/{rel}","templated":true}]}}